{"id":3255,"date":"2011-01-17T21:53:31","date_gmt":"2011-01-17T21:53:31","guid":{"rendered":"http:\/\/www.agriatv.hu\/?p=3255"},"modified":"2011-01-17T21:53:31","modified_gmt":"2011-01-17T21:53:31","slug":"egyiptom-titkai-egerben","status":"publish","type":"post","link":"https:\/\/www.agriatv.hu\/?p=3255","title":{"rendered":"Egyiptom titkai Egerben"},"content":{"rendered":"<p><img loading=\"lazy\" decoding=\"async\" id=\"basePicture\" class=\"alignleft\" style=\"margin: 0pt auto;\" src=\"http:\/\/www.heol.hu\/lapokkepek\/kepgaleria\/1888000\/1888510_egyiptom9.jpg\" alt=\"\" width=\"141\" height=\"94\" \/>Egerbe l\u00e1togatott az egyiptomi nagyk\u00f6vet, Aly Houssam Eldin Elhefny Mahmoud az  Agria Park Gall\u00e9ri\u00e1j\u00e1ba,  az \u201eEgyiptom Titkai&#8221; c\u00edm\u0171 ki\u00e1ll\u00edt\u00e1s  megnyit\u00f3j\u00e1ra. A ki\u00e1ll\u00edt\u00e1st az \u00daj Akropolisz Kultur\u00e1lis K\u00f6zhaszn\u00fa  Egyes\u00fclet szervezte, amely filoz\u00f3fiai iskola nemzetk\u00f6zi, minden  politikai, vall\u00e1si \u00e9s gazdas\u00e1gi befoly\u00e1st\u00f3l mentes k\u00f6zhaszn\u00fa civil  szervezet. C\u00e9ljaik a k\u00f6z\u00f6ss\u00e9gi szolidarit\u00e1s \u00e9s egy\u00fcttm\u0171k\u00f6d\u00e9s  meger\u0151s\u00edt\u00e9se, az emberis\u00e9g soksz\u00edn\u0171 kultur\u00e1lis \u00e9s szellemi \u00f6r\u00f6ks\u00e9g\u00e9nek  megismer\u00e9se \u00e9s tov\u00e1bbad\u00e1sa, valamint az \u00f6nismeret \u00e9s az \u00f6nfejleszt\u00e9s.<\/p>\n<p>A tabl\u00f3kon az egyiptomi szimb\u00f3lumok nyelve, az \u00e9lethosszig tart\u00f3  nevel\u00e9si elvek ugyan\u00fagy megjelennek, mint a gy\u00f3gy\u00edt\u00e1si m\u00f3dszerek \u00e9s az  egyiptomiak hal\u00e1lhoz val\u00f3 f\u00e9lelem n\u00e9lk\u00fcli viszonyul\u00e1sa.  A Gal\u00e9ri\u00e1ban,   febru\u00e1r 4-ig tekinthet\u0151 meg a  ki\u00e1ll\u00edt\u00e1s.<\/p>\n<p>Fot\u00f3: Sz\u0171cs T\u00edmea<\/p>\n","protected":false},"excerpt":{"rendered":"<p>Egerbe l\u00e1togatott az egyiptomi nagyk\u00f6vet, Aly Houssam Eldin Elhefny Mahmoud az  Agria Park Gall\u00e9ri\u00e1j\u00e1ba,  az \u201eEgyiptom Titkai&#8221; c\u00edm\u0171 ki\u00e1ll\u00edt\u00e1s  megnyit\u00f3j\u00e1ra. A ki\u00e1ll\u00edt\u00e1st az \u00daj Akropolisz Kultur\u00e1lis K\u00f6zhaszn\u00fa  Egyes\u00fclet szervezte, amely filoz\u00f3fiai iskola nemzetk\u00f6zi, minden  politikai, vall\u00e1si \u00e9s gazdas\u00e1gi befoly\u00e1st\u00f3l mentes k\u00f6zhaszn\u00fa civil  szervezet. C\u00e9ljaik a k\u00f6z\u00f6ss\u00e9gi szolidarit\u00e1s \u00e9s egy\u00fcttm\u0171k\u00f6d\u00e9s [&#8230;]<\/p>\n","protected":false},"author":4,"featured_media":0,"comment_status":"open","ping_status":"closed","sticky":false,"template":"","format":"standard","meta":{"footnotes":""},"categories":[8,4],"tags":[],"class_list":["post-3255","post","type-post","status-publish","format-standard","hentry","category-kultura","category-szabadido"],"_links":{"self":[{"href":"https:\/\/www.agriatv.hu\/index.php?rest_route=\/wp\/v2\/posts\/3255","targetHints":{"allow":["GET"]}}],"collection":[{"href":"https:\/\/www.agriatv.hu\/index.php?rest_route=\/wp\/v2\/posts"}],"about":[{"href":"https:\/\/www.agriatv.hu\/index.php?rest_route=\/wp\/v2\/types\/post"}],"author":[{"embeddable":true,"href":"https:\/\/www.agriatv.hu\/index.php?rest_route=\/wp\/v2\/users\/4"}],"replies":[{"embeddable":true,"href":"https:\/\/www.agriatv.hu\/index.php?rest_route=%2Fwp%2Fv2%2Fcomments&post=3255"}],"version-history":[{"count":2,"href":"https:\/\/www.agriatv.hu\/index.php?rest_route=\/wp\/v2\/posts\/3255\/revisions"}],"predecessor-version":[{"id":3257,"href":"https:\/\/www.agriatv.hu\/index.php?rest_route=\/wp\/v2\/posts\/3255\/revisions\/3257"}],"wp:attachment":[{"href":"https:\/\/www.agriatv.hu\/index.php?rest_route=%2Fwp%2Fv2%2Fmedia&parent=3255"}],"wp:term":[{"taxonomy":"category","embeddable":true,"href":"https:\/\/www.agriatv.hu\/index.php?rest_route=%2Fwp%2Fv2%2Fcategories&post=3255"},{"taxonomy":"post_tag","embeddable":true,"href":"https:\/\/www.agriatv.hu\/index.php?rest_route=%2Fwp%2Fv2%2Ftags&post=3255"}],"curies":[{"name":"wp","href":"https:\/\/api.w.org\/{rel}","templated":true}]}}