{"id":3258,"date":"2011-01-17T22:01:33","date_gmt":"2011-01-17T22:01:33","guid":{"rendered":"http:\/\/www.agriatv.hu\/?p=3258"},"modified":"2011-01-17T22:01:33","modified_gmt":"2011-01-17T22:01:33","slug":"az-idosotthon-miatt-aggodik-a-jobbik","status":"publish","type":"post","link":"https:\/\/www.agriatv.hu\/?p=3258","title":{"rendered":"Az id\u0151sotthon miatt agg\u00f3dik a Jobbik"},"content":{"rendered":"<p><img loading=\"lazy\" decoding=\"async\" class=\"alignleft\" src=\"http:\/\/www.egriszin.hu\/RenderedContents\/IndexImages\/7\/7136-20110117063741-idosek.JPG\" alt=\"\" width=\"150\" height=\"112\" \/><strong>A Jobbik tegnap nyilatkozatban adott hangot aggodalmainak a  M\u00e1trah\u00e1zi Id\u0151sek Otthon\u00e1nak helyzet\u00e9vel kapcsolatban. Dud\u00e1s R\u00f3bert, a  Jobbik megyei k\u00f6zgy\u0171l\u00e9si frakci\u00f3j\u00e1nak vezet\u0151je szerint az int\u00e9zm\u00e9nyt a  bez\u00e1r\u00e1s fenyegeti a megfelel\u0151 politikai akarat hi\u00e1ny\u00e1ban.<\/strong><\/p>\n<div>A M\u00e1trai Gy\u00f3gyint\u00e9zetek ter\u00fclet\u00e9n m\u0171k\u00f6d\u0151 M\u00e1trah\u00e1zi  Id\u0151sek Otthon\u00e1nak j\u00f6v\u0151je a tavalyi \u00e9v v\u00e9g\u00e9n v\u00e1lt bizonytalann\u00e1. Dud\u00e1s  R\u00f3bert nyilatkozata szerint jelenleg 150 id\u0151s van bizonytalan  helyzetben, valamint az ott dolgoz\u00f3k. Az \u00f6regotthonokban elhelyezhet\u0151k  sz\u00e1ma tov\u00e1bb cs\u00f6kken a bez\u00e1r\u00e1ssal, mik\u00f6zben egyre n\u0151 az ig\u00e9ny az id\u0151s  emberek elhelyez\u00e9s\u00e9re: m\u00e1r most is n\u00e9gysz\u00e1zan vannak v\u00e1r\u00f3list\u00e1n.<\/div>\n<p>K\u00f6zlem\u00e9nyben  reag\u00e1lt az elhangzottakra Szab\u00f3 R\u00f3bert, a Heves Megyei K\u00f6zgy\u0171l\u00e9s  eln\u00f6ke. A jelenlegi helyzet az eln\u00f6k szerint nem az \u00e1ltaluk ir\u00e1ny\u00edtott  megyei k\u00f6zgy\u0171l\u00e9snek k\u00f6sz\u00f6nhet\u0151, m\u00e1r 2007 \u00f3ta ismerte a probl\u00e9m\u00e1t az  el\u0151z\u0151 vezet\u00e9s. Amit felel\u0151tlen\u00fcl h\u00e1trahagyat, azt pr\u00f3b\u00e1lj\u00e1k most  felel\u0151sen kezelni. Szab\u00f3 R\u00f3bert hangs\u00falyozta, hogy id\u0151t kaptak a  felk\u00e9sz\u00fcl\u00e9sre a korm\u00e1nyzattal folytatott egyeztet\u00e9sek eredm\u00e9nyek\u00e9nt, s  biztosan a jelenlegi hely\u00e9n maradhat az id\u0151sotthon \u00e1prilis v\u00e9g\u00e9ig. Addig  is mindent megtesz a k\u00f6zgy\u0171l\u00e9s vezet\u00e9se az\u00e9rt, hogy a lehet\u0151  legembers\u00e9gesebb m\u00f3don rendezz\u00e9k a helyzetet. Az eln\u00f6k hozz\u00e1tette: m\u00e1t  tettek l\u00e9p\u00e9seket a megyei id\u0151sell\u00e1t\u00e1s \u00fajj\u00e1szervez\u00e9s\u00e9\u00e9rt is.<\/p>\n<p>Forr\u00e1s: <a href=\"http:\/\/egriszin.hu\">Egrisz\u00edn<\/a><\/p>\n","protected":false},"excerpt":{"rendered":"<p>A Jobbik tegnap nyilatkozatban adott hangot aggodalmainak a  M\u00e1trah\u00e1zi Id\u0151sek Otthon\u00e1nak helyzet\u00e9vel kapcsolatban. Dud\u00e1s R\u00f3bert, a  Jobbik megyei k\u00f6zgy\u0171l\u00e9si frakci\u00f3j\u00e1nak vezet\u0151je szerint az int\u00e9zm\u00e9nyt a  bez\u00e1r\u00e1s fenyegeti a megfelel\u0151 politikai akarat hi\u00e1ny\u00e1ban.<br \/>\nA M\u00e1trai Gy\u00f3gyint\u00e9zetek ter\u00fclet\u00e9n m\u0171k\u00f6d\u0151 M\u00e1trah\u00e1zi  Id\u0151sek Otthon\u00e1nak j\u00f6v\u0151je a tavalyi \u00e9v v\u00e9g\u00e9n v\u00e1lt bizonytalann\u00e1. Dud\u00e1s  R\u00f3bert nyilatkozata szerint [&#8230;]<\/p>\n","protected":false},"author":4,"featured_media":0,"comment_status":"open","ping_status":"closed","sticky":false,"template":"","format":"standard","meta":{"footnotes":""},"categories":[3],"tags":[],"class_list":["post-3258","post","type-post","status-publish","format-standard","hentry","category-politika"],"_links":{"self":[{"href":"https:\/\/www.agriatv.hu\/index.php?rest_route=\/wp\/v2\/posts\/3258","targetHints":{"allow":["GET"]}}],"collection":[{"href":"https:\/\/www.agriatv.hu\/index.php?rest_route=\/wp\/v2\/posts"}],"about":[{"href":"https:\/\/www.agriatv.hu\/index.php?rest_route=\/wp\/v2\/types\/post"}],"author":[{"embeddable":true,"href":"https:\/\/www.agriatv.hu\/index.php?rest_route=\/wp\/v2\/users\/4"}],"replies":[{"embeddable":true,"href":"https:\/\/www.agriatv.hu\/index.php?rest_route=%2Fwp%2Fv2%2Fcomments&post=3258"}],"version-history":[{"count":2,"href":"https:\/\/www.agriatv.hu\/index.php?rest_route=\/wp\/v2\/posts\/3258\/revisions"}],"predecessor-version":[{"id":3260,"href":"https:\/\/www.agriatv.hu\/index.php?rest_route=\/wp\/v2\/posts\/3258\/revisions\/3260"}],"wp:attachment":[{"href":"https:\/\/www.agriatv.hu\/index.php?rest_route=%2Fwp%2Fv2%2Fmedia&parent=3258"}],"wp:term":[{"taxonomy":"category","embeddable":true,"href":"https:\/\/www.agriatv.hu\/index.php?rest_route=%2Fwp%2Fv2%2Fcategories&post=3258"},{"taxonomy":"post_tag","embeddable":true,"href":"https:\/\/www.agriatv.hu\/index.php?rest_route=%2Fwp%2Fv2%2Ftags&post=3258"}],"curies":[{"name":"wp","href":"https:\/\/api.w.org\/{rel}","templated":true}]}}