{"id":3261,"date":"2011-01-18T20:45:18","date_gmt":"2011-01-18T20:45:18","guid":{"rendered":"http:\/\/www.agriatv.hu\/?p=3261"},"modified":"2011-01-18T20:47:19","modified_gmt":"2011-01-18T20:47:19","slug":"mszp-hevesen-egyeztettek-a-tersegrol","status":"publish","type":"post","link":"https:\/\/www.agriatv.hu\/?p=3261","title":{"rendered":"MSZP: Hevesen egyeztettek a t\u00e9rs\u00e9gr\u0151l"},"content":{"rendered":"<p><span class=\"rg_ctlv\"><a id=\"rg_hl\" class=\"rg_hl\" href=\"http:\/\/www.google.hu\/imgres?imgurl=http:\/\/www.hevesmegye.hu\/kisterrajz.jpg&amp;imgrefurl=http:\/\/www.hevesmegye.hu\/kistersegek.htm&amp;usg=__93d7iYY9JL5f0fydmq5v53P77Mw=&amp;h=495&amp;w=528&amp;sz=29&amp;hl=hu&amp;start=0&amp;zoom=1&amp;tbnid=Lqf4JAl4z_cRDM:&amp;tbnh=170&amp;tbnw=142&amp;prev=\/images%3Fq%3Dheves%2Bmegye%26um%3D1%26hl%3Dhu%26sa%3DN%26biw%3D1280%26bih%3D867%26tbs%3Disch:1&amp;um=1&amp;itbs=1&amp;iact=hc&amp;vpx=521&amp;vpy=120&amp;dur=655&amp;hovh=217&amp;hovw=232&amp;tx=126&amp;ty=107&amp;ei=X_w1TY_AN4ab8QPK6p22BQ&amp;oei=X_w1TY_AN4ab8QPK6p22BQ&amp;esq=1&amp;page=1&amp;ndsp=22&amp;ved=1t:429,r:2,s:0\"><img loading=\"lazy\" decoding=\"async\" id=\"rg_hi\" class=\"rg_hi alignleft\" src=\"http:\/\/t0.gstatic.com\/images?q=tbn:ANd9GcQ58Gm_L9cABXTa4Ci4Jgj9_907ajmblgOPFaWnwUIU0La1NxeVvQ\" alt=\"\" width=\"92\" height=\"87\" \/><\/a><\/span><strong>Heves \u00e9s t\u00e9rs\u00e9g\u00e9nek felz\u00e1rk\u00f3ztat\u00e1si lehet\u0151s\u00e9geir\u0151l egyeztetett kedden dr. S\u00f3s Tam\u00e1s orsz\u00e1ggy\u0171l\u00e9si k\u00e9pvisel\u0151. <\/strong>Az MSZP megyei eln\u00f6ke Hevesen <strong>Cs\u00e1ki Zsigmond<\/strong> polg\u00e1rmestern\u00e9l t\u00e1j\u00e9koz\u00f3dott a v\u00e1ros beruh\u00e1z\u00e1sair\u00f3l. A szocialist\u00e1k  t\u00e1mogatj\u00e1k Heves 400 milli\u00f3s rehabilit\u00e1ci\u00f3s terv\u00e9t, a j\u00e1r\u00f3beteg-ell\u00e1t\u00e1s,  a f\u00fcrd\u0151 \u00e9s a kemping fejleszt\u00e9s\u00e9t.<\/p>\n<p><div class=\"wordtube\">\n<div class=\"wordtube single203\" id=\"WT1_1\" style=\"width:320px; height:240px;\">\n<a href=\"http:\/\/www.macromedia.com\/go\/getflashplayer\">Get the Flash Player<\/a> to see the wordTube Media Player.\n<\/div><\/div>\n\t<script type=\"text\/javascript\" defer=\"defer\">\nvar WT1_1 = {\n\tparams : {\n\t\twmode : \"opaque\",\n\t\tallowscriptaccess : \"always\",\n\t\tallownetworking : \"all\",\n\t\tallowfullscreen : \"true\"},\n\tflashvars : {\n\t\tfile : \"http%3A%2F%2Fwww.agriatv.hu%2Fwp-content%2Fuploads%2F2011%2F01%2F0118mszp.flv\",\n\t\tvolume : \"80\",\n\t\tbufferlength : \"5\",\n\t\tquality : \"false\",\n\t\t'logo.hide' : \"false\",\n\t\timage : \"http%3A%2F%2Fwww.agriatv.hu%2Fwp-content%2Fuploads%2F2011%2F01%2F0118mszp.jpg\",\n\t\ttitle : \"0118mszp.flv\",\n\t\tlinktarget : \"_self\"},\n\tattr : {\n\t\tid : \"WT1\",\n\t\tname : \"WT1\"},\n\tstart : function() {\n\t\tswfobject.embedSWF(\"https:\/\/www.agriatv.hu\/\/player.swf\", \"WT1_1\", \"320\", \"240\", \"9.0.0\", false, this.flashvars, this.params , this.attr );\n\t}\n}\nWT1_1.start();\n\t<\/script>\n\u2013 A munkahelyek l\u00e9trehoz\u00e1s\u00e1nak \u00f6szt\u00f6nz\u00e9se a legfontosabb. \u00c9p\u00edteni lehet a  kor\u00e1bbi kist\u00e9rs\u00e9gi programokra \u2013 nyilatkozta dr. S\u00f3s Tam\u00e1s.<\/p>\n<p>Forr\u00e1s: HEOL<\/p>\n","protected":false},"excerpt":{"rendered":"<p>Heves \u00e9s t\u00e9rs\u00e9g\u00e9nek felz\u00e1rk\u00f3ztat\u00e1si lehet\u0151s\u00e9geir\u0151l egyeztetett kedden dr. S\u00f3s Tam\u00e1s orsz\u00e1ggy\u0171l\u00e9si k\u00e9pvisel\u0151. Az MSZP megyei eln\u00f6ke Hevesen Cs\u00e1ki Zsigmond polg\u00e1rmestern\u00e9l t\u00e1j\u00e9koz\u00f3dott a v\u00e1ros beruh\u00e1z\u00e1sair\u00f3l. A szocialist\u00e1k  t\u00e1mogatj\u00e1k Heves 400 milli\u00f3s rehabilit\u00e1ci\u00f3s terv\u00e9t, a j\u00e1r\u00f3beteg-ell\u00e1t\u00e1s,  a f\u00fcrd\u0151 \u00e9s a kemping fejleszt\u00e9s\u00e9t.<br \/>\n\u2013 A munkahelyek l\u00e9trehoz\u00e1s\u00e1nak \u00f6szt\u00f6nz\u00e9se a legfontosabb. \u00c9p\u00edteni lehet a  kor\u00e1bbi kist\u00e9rs\u00e9gi programokra [&#8230;]<\/p>\n","protected":false},"author":4,"featured_media":0,"comment_status":"open","ping_status":"closed","sticky":false,"template":"","format":"standard","meta":{"footnotes":""},"categories":[3],"tags":[],"class_list":["post-3261","post","type-post","status-publish","format-standard","hentry","category-politika"],"_links":{"self":[{"href":"https:\/\/www.agriatv.hu\/index.php?rest_route=\/wp\/v2\/posts\/3261","targetHints":{"allow":["GET"]}}],"collection":[{"href":"https:\/\/www.agriatv.hu\/index.php?rest_route=\/wp\/v2\/posts"}],"about":[{"href":"https:\/\/www.agriatv.hu\/index.php?rest_route=\/wp\/v2\/types\/post"}],"author":[{"embeddable":true,"href":"https:\/\/www.agriatv.hu\/index.php?rest_route=\/wp\/v2\/users\/4"}],"replies":[{"embeddable":true,"href":"https:\/\/www.agriatv.hu\/index.php?rest_route=%2Fwp%2Fv2%2Fcomments&post=3261"}],"version-history":[{"count":3,"href":"https:\/\/www.agriatv.hu\/index.php?rest_route=\/wp\/v2\/posts\/3261\/revisions"}],"predecessor-version":[{"id":3264,"href":"https:\/\/www.agriatv.hu\/index.php?rest_route=\/wp\/v2\/posts\/3261\/revisions\/3264"}],"wp:attachment":[{"href":"https:\/\/www.agriatv.hu\/index.php?rest_route=%2Fwp%2Fv2%2Fmedia&parent=3261"}],"wp:term":[{"taxonomy":"category","embeddable":true,"href":"https:\/\/www.agriatv.hu\/index.php?rest_route=%2Fwp%2Fv2%2Fcategories&post=3261"},{"taxonomy":"post_tag","embeddable":true,"href":"https:\/\/www.agriatv.hu\/index.php?rest_route=%2Fwp%2Fv2%2Ftags&post=3261"}],"curies":[{"name":"wp","href":"https:\/\/api.w.org\/{rel}","templated":true}]}}