{"id":3265,"date":"2011-01-19T21:20:55","date_gmt":"2011-01-19T21:20:55","guid":{"rendered":"http:\/\/www.agriatv.hu\/?p=3265"},"modified":"2011-01-19T21:20:55","modified_gmt":"2011-01-19T21:20:55","slug":"12-szoleszeti-es-boraszati-konferencia","status":"publish","type":"post","link":"https:\/\/www.agriatv.hu\/?p=3265","title":{"rendered":"12. Sz\u0151l\u00e9szeti \u00e9s Bor\u00e1szati Konferencia"},"content":{"rendered":"<p class=\"cikkcikkei\">\n<p><img loading=\"lazy\" decoding=\"async\" class=\"kiskepcikkhez alignleft\" src=\"http:\/\/www.egriszin.hu\/RenderedContents\/IndexImages\/7\/7149-20110119085001-bor.bmp\" alt=\"\" width=\"150\" height=\"150\" \/><\/p>\n<p><strong>Janu\u00e1r 19. \u00e9s 22. k\u00f6z\u00f6tt imm\u00e1r 12. alkalommal rendezik meg Egerben a Sz\u0151l\u00e9szeti \u00e9s Bor\u00e1szati Kutat\u00f3int\u00e9zet szervez\u00e9s\u00e9ben a K\u00e1roly R\u00f3bert F\u0151iskola Gy\u00f6ngy\u00f6s \u00e9s az Eszterh\u00e1zy K\u00e1roly F\u0151iskola Eger t\u00e1rsszervez\u0151i tev\u00e9kenys\u00e9ge mellett a b\u00fckki, a m\u00e1trai, a tokaji \u00e9s az egri borvid\u00e9kek Hegyk\u00f6zs\u00e9gi Tan\u00e1csai, valamint a Hegyk\u00f6zs\u00e9gek Nemzeti Tan\u00e1csa seg\u00edts\u00e9g\u00e9vel a Sz\u0151l\u00e9szeti \u00e9s Bor\u00e1szati Konferenci\u00e1t.<\/strong><\/p>\n<p>A m\u00e1r t\u00f6bb \u00e9ve az orsz\u00e1g legl\u00e1togatottabb sz\u0151l\u0151-bor szakmai, tudom\u00e1nyos rendezv\u00e9ny\u00e9v\u00e9 fejl\u0151d\u00f6tt konferenci\u00e1n az idei \u00e9vben a hangs\u00falyt az els\u0151 napon a tudom\u00e1nyos alapokra \u00e9p\u00edtett sz\u0151l\u0151 n\u00f6v\u00e9nyv\u00e9delemre, a m\u00e1sodikon a sz\u0151l\u0151 \u00e9r\u00e9sdinamik\u00e1j\u00e1nak k\u00f6vet\u00e9si lehet\u0151s\u00e9geire, a magyar bor\u00e1szatban sz\u00fcks\u00e9ges v\u00e1ltoztat\u00e1sokra, a harmadikon a bormarketingre, borpiaci helyzetre, az idei marketing lehet\u0151s\u00e9gekre, a term\u00e9kle\u00edr\u00e1sok elk\u00e9sz\u00edt\u00e9s\u00e9re \u00e9s a t\u00e1mogat\u00e1si lehet\u0151s\u00e9gekre helyezik.<\/p>\n<p>Juniorok a sz\u0151l\u0151termeszt\u00e9sben \u00e9s a bor\u00e1szatban c\u00edmmel k\u00fcl\u00f6n szekci\u00f3t biztos\u00edtanak az \u00e1gazatban dolgoz\u00f3 fiatalok n\u00e9zeteinek kifejt\u00e9s\u00e9re, megvitat\u00e1s\u00e1ra. A napi programokat a b\u00fckki, a m\u00e1trai, a tokaji \u00e9s az egri borvid\u00e9k bor\u00e1szatainak borbemutat\u00f3ival fejezik be. A metsz\u00e9si g\u00e9pbemutat\u00f3ra janu\u00e1r 22-\u00e9n a kutat\u00f3 int\u00e9zetben ker\u00fcl sor.<\/p>\n<p>A konferencia szervez\u0151i a rendezv\u00e9nnyel a tudom\u00e1nyos kutat\u00e1s, az oktat\u00e1s \u00e9s a termel\u00e9s kapcsolat\u00e1nak er\u0151s\u00edt\u00e9s\u00e9t szolg\u00e1lj\u00e1k, tov\u00e1bb\u00e1 szeretn\u00e9k el\u0151seg\u00edteni, hogy a sz\u0151l\u0151- \u00e9s bortermel\u0151k mind magabiztosabban mozogjanak az eur\u00f3pai uni\u00f3s felt\u00e9telek k\u00f6z\u00f6tt \u00e9s min\u0151s\u00e9gi, versenyk\u00e9pes term\u00e9keikkel, saj\u00e1t teljes\u00edtm\u00e9ny\u00fckkel j\u00f3l \u00e9rv\u00e9nyes\u00fcljenek az uni\u00f3s piacokon. A rendezv\u00e9ny nyilv\u00e1nos, minden \u00e9rdekl\u0151d\u0151t sz\u00edvesen v\u00e1rnak a szervez\u0151k a Hotel Egerben.<\/p>\n<p>Forr\u00e1s: R\u00e1di\u00f31<\/p>\n","protected":false},"excerpt":{"rendered":"<p>Janu\u00e1r 19. \u00e9s 22. k\u00f6z\u00f6tt imm\u00e1r 12. alkalommal rendezik meg Egerben a Sz\u0151l\u00e9szeti \u00e9s Bor\u00e1szati Kutat\u00f3int\u00e9zet szervez\u00e9s\u00e9ben a K\u00e1roly R\u00f3bert F\u0151iskola Gy\u00f6ngy\u00f6s \u00e9s az Eszterh\u00e1zy K\u00e1roly F\u0151iskola Eger t\u00e1rsszervez\u0151i tev\u00e9kenys\u00e9ge mellett a b\u00fckki, a m\u00e1trai, a tokaji \u00e9s az egri borvid\u00e9kek Hegyk\u00f6zs\u00e9gi Tan\u00e1csai, valamint a Hegyk\u00f6zs\u00e9gek Nemzeti Tan\u00e1csa seg\u00edts\u00e9g\u00e9vel a Sz\u0151l\u00e9szeti \u00e9s Bor\u00e1szati Konferenci\u00e1t.<br \/>\nA m\u00e1r [&#8230;]<\/p>\n","protected":false},"author":4,"featured_media":0,"comment_status":"open","ping_status":"closed","sticky":false,"template":"","format":"standard","meta":{"footnotes":""},"categories":[6],"tags":[],"class_list":["post-3265","post","type-post","status-publish","format-standard","hentry","category-belfold"],"_links":{"self":[{"href":"https:\/\/www.agriatv.hu\/index.php?rest_route=\/wp\/v2\/posts\/3265","targetHints":{"allow":["GET"]}}],"collection":[{"href":"https:\/\/www.agriatv.hu\/index.php?rest_route=\/wp\/v2\/posts"}],"about":[{"href":"https:\/\/www.agriatv.hu\/index.php?rest_route=\/wp\/v2\/types\/post"}],"author":[{"embeddable":true,"href":"https:\/\/www.agriatv.hu\/index.php?rest_route=\/wp\/v2\/users\/4"}],"replies":[{"embeddable":true,"href":"https:\/\/www.agriatv.hu\/index.php?rest_route=%2Fwp%2Fv2%2Fcomments&post=3265"}],"version-history":[{"count":2,"href":"https:\/\/www.agriatv.hu\/index.php?rest_route=\/wp\/v2\/posts\/3265\/revisions"}],"predecessor-version":[{"id":3267,"href":"https:\/\/www.agriatv.hu\/index.php?rest_route=\/wp\/v2\/posts\/3265\/revisions\/3267"}],"wp:attachment":[{"href":"https:\/\/www.agriatv.hu\/index.php?rest_route=%2Fwp%2Fv2%2Fmedia&parent=3265"}],"wp:term":[{"taxonomy":"category","embeddable":true,"href":"https:\/\/www.agriatv.hu\/index.php?rest_route=%2Fwp%2Fv2%2Fcategories&post=3265"},{"taxonomy":"post_tag","embeddable":true,"href":"https:\/\/www.agriatv.hu\/index.php?rest_route=%2Fwp%2Fv2%2Ftags&post=3265"}],"curies":[{"name":"wp","href":"https:\/\/api.w.org\/{rel}","templated":true}]}}