{"id":3268,"date":"2011-01-19T22:21:55","date_gmt":"2011-01-19T22:21:55","guid":{"rendered":"http:\/\/www.agriatv.hu\/?p=3268"},"modified":"2011-01-19T22:21:55","modified_gmt":"2011-01-19T22:21:55","slug":"forum-a-nyugdijpenztarakrol","status":"publish","type":"post","link":"https:\/\/www.agriatv.hu\/?p=3268","title":{"rendered":"F\u00f3rum a nyugd\u00edjp\u00e9nzt\u00e1rakr\u00f3l"},"content":{"rendered":"<p><a href=\"https:\/\/www.agriatv.hu\/wp-content\/uploads\/2011\/01\/0119nyugdij_v.jpg\"><img loading=\"lazy\" decoding=\"async\" class=\"alignleft size-medium wp-image-3269\" title=\"0119nyugdij_v\" src=\"https:\/\/www.agriatv.hu\/wp-content\/uploads\/2011\/01\/0119nyugdij_v-300x240.jpg\" alt=\"\" width=\"116\" height=\"92\" srcset=\"https:\/\/www.agriatv.hu\/wp-content\/uploads\/2011\/01\/0119nyugdij_v-300x240.jpg 300w, https:\/\/www.agriatv.hu\/wp-content\/uploads\/2011\/01\/0119nyugdij_v.jpg 720w\" sizes=\"auto, (max-width: 116px) 100vw, 116px\" \/><\/a>Mi t\u00f6rt\u00e9nt a nyugd\u00edjp\u00e9nzt\u00e1ri befizet\u00e9sekkel, v\u00e1ltson vagy sem az, aki biztons\u00e1gban szeretn\u00e9 tudni nyugd\u00edj\u00e1t? Ilyen \u00e9s ehhez hasonl\u00f3 k\u00e9rd\u00e9sekre pr\u00f3b\u00e1lt v\u00e1laszt adni az a f\u00f3rum, melyre szak\u00e9rt\u0151ket h\u00edvtak meg az MSZP megyei vezet\u0151i, hogy elemezz\u00e9k a kialakult helyzetet.<div class=\"wordtube\">\n<div class=\"wordtube single204\" id=\"WT1_1\" style=\"width:320px; height:240px;\">\n<a href=\"http:\/\/www.macromedia.com\/go\/getflashplayer\">Get the Flash Player<\/a> to see the wordTube Media Player.\n<\/div><\/div>\n\t<script type=\"text\/javascript\" defer=\"defer\">\nvar WT1_1 = {\n\tparams : {\n\t\twmode : \"opaque\",\n\t\tallowscriptaccess : \"always\",\n\t\tallownetworking : \"all\",\n\t\tallowfullscreen : \"true\"},\n\tflashvars : {\n\t\tfile : \"http%3A%2F%2Fwww.agriatv.hu%2Fwp-content%2Fuploads%2F2011%2F01%2F0119nyugdij.flv\",\n\t\tvolume : \"80\",\n\t\tbufferlength : \"5\",\n\t\tquality : \"false\",\n\t\t'logo.hide' : \"false\",\n\t\timage : \"http%3A%2F%2Fwww.agriatv.hu%2Fwp-content%2Fuploads%2F2011%2F01%2F0119nyugdij.jpg\",\n\t\ttitle : \"0119nyugdij.flv\",\n\t\tlinktarget : \"_self\"},\n\tattr : {\n\t\tid : \"WT1\",\n\t\tname : \"WT1\"},\n\tstart : function() {\n\t\tswfobject.embedSWF(\"https:\/\/www.agriatv.hu\/\/player.swf\", \"WT1_1\", \"320\", \"240\", \"9.0.0\", false, this.flashvars, this.params , this.attr );\n\t}\n}\nWT1_1.start();\n\t<\/script>\n<\/p>\n","protected":false},"excerpt":{"rendered":"<p>Mi t\u00f6rt\u00e9nt a nyugd\u00edjp\u00e9nzt\u00e1ri befizet\u00e9sekkel, v\u00e1ltson vagy sem az, aki biztons\u00e1gban szeretn\u00e9 tudni nyugd\u00edj\u00e1t? Ilyen \u00e9s ehhez hasonl\u00f3 k\u00e9rd\u00e9sekre pr\u00f3b\u00e1lt v\u00e1laszt adni az a f\u00f3rum, melyre szak\u00e9rt\u0151ket h\u00edvtak meg az MSZP megyei vezet\u0151i, hogy elemezz\u00e9k a kialakult helyzetet.<\/p>\n","protected":false},"author":4,"featured_media":0,"comment_status":"open","ping_status":"closed","sticky":false,"template":"","format":"standard","meta":{"footnotes":""},"categories":[3],"tags":[],"class_list":["post-3268","post","type-post","status-publish","format-standard","hentry","category-politika"],"_links":{"self":[{"href":"https:\/\/www.agriatv.hu\/index.php?rest_route=\/wp\/v2\/posts\/3268","targetHints":{"allow":["GET"]}}],"collection":[{"href":"https:\/\/www.agriatv.hu\/index.php?rest_route=\/wp\/v2\/posts"}],"about":[{"href":"https:\/\/www.agriatv.hu\/index.php?rest_route=\/wp\/v2\/types\/post"}],"author":[{"embeddable":true,"href":"https:\/\/www.agriatv.hu\/index.php?rest_route=\/wp\/v2\/users\/4"}],"replies":[{"embeddable":true,"href":"https:\/\/www.agriatv.hu\/index.php?rest_route=%2Fwp%2Fv2%2Fcomments&post=3268"}],"version-history":[{"count":2,"href":"https:\/\/www.agriatv.hu\/index.php?rest_route=\/wp\/v2\/posts\/3268\/revisions"}],"predecessor-version":[{"id":3271,"href":"https:\/\/www.agriatv.hu\/index.php?rest_route=\/wp\/v2\/posts\/3268\/revisions\/3271"}],"wp:attachment":[{"href":"https:\/\/www.agriatv.hu\/index.php?rest_route=%2Fwp%2Fv2%2Fmedia&parent=3268"}],"wp:term":[{"taxonomy":"category","embeddable":true,"href":"https:\/\/www.agriatv.hu\/index.php?rest_route=%2Fwp%2Fv2%2Fcategories&post=3268"},{"taxonomy":"post_tag","embeddable":true,"href":"https:\/\/www.agriatv.hu\/index.php?rest_route=%2Fwp%2Fv2%2Ftags&post=3268"}],"curies":[{"name":"wp","href":"https:\/\/api.w.org\/{rel}","templated":true}]}}