{"id":3296,"date":"2011-01-23T10:08:39","date_gmt":"2011-01-23T10:08:39","guid":{"rendered":"http:\/\/www.agriatv.hu\/?p=3296"},"modified":"2011-01-23T10:08:39","modified_gmt":"2011-01-23T10:08:39","slug":"palyazat-mezogazdasagi-utak-karbantartasara","status":"publish","type":"post","link":"https:\/\/www.agriatv.hu\/?p=3296","title":{"rendered":"P\u00e1ly\u00e1zat mez\u0151gazdas\u00e1gi utak karbantart\u00e1s\u00e1ra"},"content":{"rendered":"<p class=\"cikkcikkei\">\n<p><img loading=\"lazy\" decoding=\"async\" class=\"kiskepcikkhez alignleft\" src=\"http:\/\/www.egriszin.hu\/RenderedContents\/IndexImages\/7\/7174-20110122223248-varos.jpg\" alt=\"\" width=\"150\" height=\"113\" \/><\/p>\n<p><strong>Eger Megyei Jog\u00fa V\u00e1ros \u00d6nkorm\u00e1nyzata a k\u00fclter\u00fcleti ingatlanok  tulajdonosai \u00e9s haszn\u00e1l\u00f3i sz\u00e1m\u00e1ra a telkeikhez vezet\u0151 k\u00fclter\u00fcleti,  els\u0151sorban mez\u0151gazdas\u00e1gi utak karbantart\u00e1s\u00e1nak t\u00e1mogat\u00e1s\u00e1ra hirdet  p\u00e1ly\u00e1zatot.<\/strong><\/p>\n<div>A karbantart\u00e1si munk\u00e1latokat k\u00e9pezhetik k\u00e1ty\u00fak megsz\u00fcntet\u00e9se, utak z\u00fazott k\u0151 ter\u00edt\u00e9se, szil\u00e1rd burkolattal t\u00f6rt\u00e9n\u0151 ell\u00e1t\u00e1sa, ny\u00edlt csapad\u00e9kv\u00edz elvezet\u0151 \u00e1rkok k\u00e9sz\u00edt\u00e9se \u00e9s karbantart\u00e1sa, illetve csapad\u00e9kv\u00edz elvezet\u0151 \u00e1tereszek be\u00e9p\u00edt\u00e9se. A p\u00e1ly\u00e1zat sor\u00e1n lehet\u0151s\u00e9g van a telkekhez vezet\u0151 utak \u00e9s \u00e1rkok karbantart\u00e1si k\u00f6lts\u00e9geinek 50 %-os m\u00e9rt\u00e9k\u00e9ig t\u00f6rt\u00e9n\u0151 \u00f6nkorm\u00e1nyzati t\u00e1mogat\u00e1s elnyer\u00e9s\u00e9re. A r\u00e9szletes p\u00e1ly\u00e1zati ki\u00edr\u00e1s febru\u00e1r 1-j\u00e9t\u0151l ingyenesen \u00e1tvehet\u0151 Eger Megyei Jog\u00fa V\u00e1ros Polg\u00e1rmesteri Hivatal V\u00e1rosfejleszt\u00e9si \u00e9s \u2013\u00fczemeltet\u00e9si Irod\u00e1j\u00e1n \u00fcgyf\u00e9lfogad\u00e1si id\u0151ben. A p\u00e1ly\u00e1zatok be\u00e9rkez\u00e9si hat\u00e1rideje m\u00e1rcius 15.-. Egy\u00e9b r\u00e9szletekr\u0151l a V\u00e1rosfejleszt\u00e9si \u00e9s \u2013\u00fczemeltet\u00e9si Iroda V\u00e1ros\u00fczemeltet\u00e9si Csoportj\u00e1n\u00e1l \u00e9rdekl\u0151dhetnek.<\/div>\n<div>Forr\u00e1s: R\u00e1di\u00f31<\/div>\n","protected":false},"excerpt":{"rendered":"<p>Eger Megyei Jog\u00fa V\u00e1ros \u00d6nkorm\u00e1nyzata a k\u00fclter\u00fcleti ingatlanok  tulajdonosai \u00e9s haszn\u00e1l\u00f3i sz\u00e1m\u00e1ra a telkeikhez vezet\u0151 k\u00fclter\u00fcleti,  els\u0151sorban mez\u0151gazdas\u00e1gi utak karbantart\u00e1s\u00e1nak t\u00e1mogat\u00e1s\u00e1ra hirdet  p\u00e1ly\u00e1zatot.<br \/>\nA karbantart\u00e1si munk\u00e1latokat k\u00e9pezhetik k\u00e1ty\u00fak megsz\u00fcntet\u00e9se, utak z\u00fazott k\u0151 ter\u00edt\u00e9se, szil\u00e1rd burkolattal t\u00f6rt\u00e9n\u0151 ell\u00e1t\u00e1sa, ny\u00edlt csapad\u00e9kv\u00edz elvezet\u0151 \u00e1rkok k\u00e9sz\u00edt\u00e9se \u00e9s karbantart\u00e1sa, illetve csapad\u00e9kv\u00edz elvezet\u0151 \u00e1tereszek be\u00e9p\u00edt\u00e9se. A p\u00e1ly\u00e1zat sor\u00e1n lehet\u0151s\u00e9g [&#8230;]<\/p>\n","protected":false},"author":4,"featured_media":0,"comment_status":"open","ping_status":"closed","sticky":false,"template":"","format":"standard","meta":{"footnotes":""},"categories":[6],"tags":[],"class_list":["post-3296","post","type-post","status-publish","format-standard","hentry","category-belfold"],"_links":{"self":[{"href":"https:\/\/www.agriatv.hu\/index.php?rest_route=\/wp\/v2\/posts\/3296","targetHints":{"allow":["GET"]}}],"collection":[{"href":"https:\/\/www.agriatv.hu\/index.php?rest_route=\/wp\/v2\/posts"}],"about":[{"href":"https:\/\/www.agriatv.hu\/index.php?rest_route=\/wp\/v2\/types\/post"}],"author":[{"embeddable":true,"href":"https:\/\/www.agriatv.hu\/index.php?rest_route=\/wp\/v2\/users\/4"}],"replies":[{"embeddable":true,"href":"https:\/\/www.agriatv.hu\/index.php?rest_route=%2Fwp%2Fv2%2Fcomments&post=3296"}],"version-history":[{"count":1,"href":"https:\/\/www.agriatv.hu\/index.php?rest_route=\/wp\/v2\/posts\/3296\/revisions"}],"predecessor-version":[{"id":3297,"href":"https:\/\/www.agriatv.hu\/index.php?rest_route=\/wp\/v2\/posts\/3296\/revisions\/3297"}],"wp:attachment":[{"href":"https:\/\/www.agriatv.hu\/index.php?rest_route=%2Fwp%2Fv2%2Fmedia&parent=3296"}],"wp:term":[{"taxonomy":"category","embeddable":true,"href":"https:\/\/www.agriatv.hu\/index.php?rest_route=%2Fwp%2Fv2%2Fcategories&post=3296"},{"taxonomy":"post_tag","embeddable":true,"href":"https:\/\/www.agriatv.hu\/index.php?rest_route=%2Fwp%2Fv2%2Ftags&post=3296"}],"curies":[{"name":"wp","href":"https:\/\/api.w.org\/{rel}","templated":true}]}}