{"id":3298,"date":"2011-01-23T10:09:40","date_gmt":"2011-01-23T10:09:40","guid":{"rendered":"http:\/\/www.agriatv.hu\/?p=3298"},"modified":"2011-01-23T10:09:40","modified_gmt":"2011-01-23T10:09:40","slug":"informatikai-es-palyazatiro-kepzes-hatranyos-helyzetueknek","status":"publish","type":"post","link":"https:\/\/www.agriatv.hu\/?p=3298","title":{"rendered":"Informatikai \u00e9s p\u00e1ly\u00e1zat\u00edr\u00f3 k\u00e9pz\u00e9s h\u00e1tr\u00e1nyos helyzet\u0171eknek"},"content":{"rendered":"<p class=\"cikkcikkei\">\n<p><img loading=\"lazy\" decoding=\"async\" class=\"kiskepcikkhez alignleft\" src=\"http:\/\/www.egriszin.hu\/RenderedContents\/IndexImages\/7\/7172-20110122222644-EKMK_logo_021.jpg\" alt=\"\" width=\"150\" height=\"143\" \/><\/p>\n<p><strong>Az Egri Kultur\u00e1lis \u00e9s M\u0171v\u00e9szeti K\u00f6zpont, valamint a f\u00fczesabonyi V\u00e1rosi  Int\u00e9zm\u00e9nyi K\u00f6zpont Gyakorlati \u00f6nmenedzsment \u00e9s p\u00e1ly\u00e1zati informatika  c\u00edmmel ind\u00edt 200 \u00f3r\u00e1s k\u00e9pz\u00e9st. Az Eur\u00f3pai Uni\u00f3 \u00e1ltal t\u00e1mogatott  tanfolyam 2011. febru\u00e1r 25-t\u0151l 2011. m\u00e1jus 23-ig tart.<\/strong><\/p>\n<div>A k\u00e9pz\u00e9s c\u00e9lja, hogy a r\u00e9sztvev\u0151k k\u00e9pess\u00e9 v\u00e1ljanak inform\u00e1ci\u00f3s \u00e9s kommunik\u00e1ci\u00f3s technol\u00f3giai eszk\u00f6z\u00f6k k\u00e9szs\u00e9g szint\u0171 alkalmaz\u00e1s\u00e1ra, projektek menedzsel\u00e9s\u00e9re, ezzel seg\u00edtve a munkaer\u0151 piacra val\u00f3 bekapcsol\u00f3d\u00e1s lehet\u0151s\u00e9g\u00e9t. F\u0151bb tartalmi elemei a sz\u00e1m\u00edt\u00f3g\u00e9p karbantart\u00e1sa, hasznos seg\u00e9dprogramok haszn\u00e1lata, e-kommunik\u00e1ci\u00f3, p\u00e1ly\u00e1zati konstrukci\u00f3k ismerete, protokoll, lobbi \u00e9s elj\u00e1r\u00e1srendek, projektmenedzsment e-learning tananyag feldolgoz\u00e1s m\u00f3dszer\u00e9vel. A k\u00e9pz\u00e9s ideje alatt tanul\u00e1st seg\u00edt\u0151 szolg\u00e1ltat\u00e1sok\u00a0 is ig\u00e9nybe vehet\u0151k. A helysz\u00edn az Egri Kultur\u00e1lis \u00e9s M\u0171v\u00e9szeti K\u00f6zpont. A k\u00e9pz\u00e9s c\u00e9lcsoportja a p\u00e1lyakezd\u0151, \u00e9retts\u00e9gizett vagy diplom\u00e1s munkan\u00e9lk\u00fcliek, \u00e9s a GYED-en, GYES-en lev\u0151k. A r\u00e9szv\u00e9tel d\u00edjtalan, a k\u00e9pz\u00e9sben r\u00e9sztvev\u0151k k\u00e9pz\u00e9si t\u00e1mogat\u00e1sban r\u00e9szes\u00fclhetnek, amennyiben m\u00e1s j\u00f6vedelemben nem r\u00e9szes\u00fclnek. Jelentkezni febru\u00e1r 18-ig lehet az Egri Kultur\u00e1lis \u00e9s M\u0171v\u00e9szeti K\u00f6zpont el\u00e9rhet\u0151s\u00e9gein vagy szem\u00e9lyesen a helysz\u00ednen.<\/div>\n","protected":false},"excerpt":{"rendered":"<p>Az Egri Kultur\u00e1lis \u00e9s M\u0171v\u00e9szeti K\u00f6zpont, valamint a f\u00fczesabonyi V\u00e1rosi  Int\u00e9zm\u00e9nyi K\u00f6zpont Gyakorlati \u00f6nmenedzsment \u00e9s p\u00e1ly\u00e1zati informatika  c\u00edmmel ind\u00edt 200 \u00f3r\u00e1s k\u00e9pz\u00e9st. Az Eur\u00f3pai Uni\u00f3 \u00e1ltal t\u00e1mogatott  tanfolyam 2011. febru\u00e1r 25-t\u0151l 2011. m\u00e1jus 23-ig tart.<br \/>\nA k\u00e9pz\u00e9s c\u00e9lja, hogy a r\u00e9sztvev\u0151k k\u00e9pess\u00e9 v\u00e1ljanak inform\u00e1ci\u00f3s \u00e9s kommunik\u00e1ci\u00f3s technol\u00f3giai eszk\u00f6z\u00f6k k\u00e9szs\u00e9g szint\u0171 alkalmaz\u00e1s\u00e1ra, projektek menedzsel\u00e9s\u00e9re, [&#8230;]<\/p>\n","protected":false},"author":4,"featured_media":0,"comment_status":"open","ping_status":"closed","sticky":false,"template":"","format":"standard","meta":{"footnotes":""},"categories":[9],"tags":[],"class_list":["post-3298","post","type-post","status-publish","format-standard","hentry","category-oktatas"],"_links":{"self":[{"href":"https:\/\/www.agriatv.hu\/index.php?rest_route=\/wp\/v2\/posts\/3298","targetHints":{"allow":["GET"]}}],"collection":[{"href":"https:\/\/www.agriatv.hu\/index.php?rest_route=\/wp\/v2\/posts"}],"about":[{"href":"https:\/\/www.agriatv.hu\/index.php?rest_route=\/wp\/v2\/types\/post"}],"author":[{"embeddable":true,"href":"https:\/\/www.agriatv.hu\/index.php?rest_route=\/wp\/v2\/users\/4"}],"replies":[{"embeddable":true,"href":"https:\/\/www.agriatv.hu\/index.php?rest_route=%2Fwp%2Fv2%2Fcomments&post=3298"}],"version-history":[{"count":1,"href":"https:\/\/www.agriatv.hu\/index.php?rest_route=\/wp\/v2\/posts\/3298\/revisions"}],"predecessor-version":[{"id":3299,"href":"https:\/\/www.agriatv.hu\/index.php?rest_route=\/wp\/v2\/posts\/3298\/revisions\/3299"}],"wp:attachment":[{"href":"https:\/\/www.agriatv.hu\/index.php?rest_route=%2Fwp%2Fv2%2Fmedia&parent=3298"}],"wp:term":[{"taxonomy":"category","embeddable":true,"href":"https:\/\/www.agriatv.hu\/index.php?rest_route=%2Fwp%2Fv2%2Fcategories&post=3298"},{"taxonomy":"post_tag","embeddable":true,"href":"https:\/\/www.agriatv.hu\/index.php?rest_route=%2Fwp%2Fv2%2Ftags&post=3298"}],"curies":[{"name":"wp","href":"https:\/\/api.w.org\/{rel}","templated":true}]}}