{"id":3300,"date":"2011-01-25T19:26:13","date_gmt":"2011-01-25T19:26:13","guid":{"rendered":"http:\/\/www.agriatv.hu\/?p=3300"},"modified":"2011-01-25T19:26:13","modified_gmt":"2011-01-25T19:26:13","slug":"kituntetes-az-ekf-oktatoinak","status":"publish","type":"post","link":"https:\/\/www.agriatv.hu\/?p=3300","title":{"rendered":"Kit\u00fcntet\u00e9s az EKF oktat\u00f3inak"},"content":{"rendered":"<p class=\"cikkcikkei\">\n<p><img loading=\"lazy\" decoding=\"async\" class=\"kiskepcikkhez alignleft\" src=\"http:\/\/www.egriszin.hu\/RenderedContents\/IndexImages\/7\/7187-20110125143700-Dij.jpg\" alt=\"\" width=\"99\" height=\"150\" \/><\/p>\n<p><strong>A Magyar Kult\u00fara Napja alkalm\u00e1b\u00f3l Kiss \u00c1rp\u00e1d-d\u00edjjal jutalmazt\u00e1k az Eszterh\u00e1zy K\u00e1roly F\u0151iskola Tan\u00e1rk\u00e9pz\u00e9si \u00e9s Tud\u00e1stechnol\u00f3giai Kar k\u00e9t munkat\u00e1rs\u00e1t.<\/strong><\/p>\n<p>Az elismer\u00e9st janu\u00e1r 22-\u00e9n a budapesti Iparm\u0171v\u00e9szeti M\u00fazeumban Dr. Forg\u00f3 S\u00e1ndor tansz\u00e9kvezet\u0151 f\u0151iskolai tan\u00e1r \u00e9s Dr. B\u00e1rdos Jen\u0151  kutat\u00f3professzor a Nevel\u00e9studom\u00e1nyi Doktori Iskola leend\u0151 vezet\u0151je kapta. A megtisztel\u0151 d\u00edjat R\u00e9thelyi Mikl\u00f3s nemzeti er\u0151forr\u00e1s miniszter \u00e9s Hoffmann R\u00f3zsa  \u00e1llamtitk\u00e1r adta \u00e1t.<\/p>\n<p>A Kiss \u00c1rp\u00e1d-d\u00edj az oktat\u00e1si miniszter \u00e1ltal adom\u00e1nyozhat\u00f3 egyik szakmai elismer\u00e9s, amely a pedag\u00f3giai \u00faj\u00edt\u00e1sok kidolgoz\u00e1sa, illetve alkalmaz\u00e1sa, a magyar nevel\u00e9studom\u00e1ny eredm\u00e9nyeinek felhaszn\u00e1l\u00e1sa \u00e9s a pedag\u00f3gia nemzetk\u00f6zi tapasztalatainak adapt\u00e1ci\u00f3ja ter\u00e9n kiemelked\u0151 tev\u00e9kenys\u00e9get folytat\u00f3 pedag\u00f3gusok \u00e9s nevel\u00e9studom\u00e1nyi kutat\u00f3k szakmai munk\u00e1j\u00e1nak elismer\u00e9sek\u00e9nt adom\u00e1nyozhat\u00f3 \u00e9vente 5 szem\u00e9lynek.<\/p>\n<p>Forr\u00e1s: R\u00e1di\u00f31<\/p>\n","protected":false},"excerpt":{"rendered":"<p>A Magyar Kult\u00fara Napja alkalm\u00e1b\u00f3l Kiss \u00c1rp\u00e1d-d\u00edjjal jutalmazt\u00e1k az Eszterh\u00e1zy K\u00e1roly F\u0151iskola Tan\u00e1rk\u00e9pz\u00e9si \u00e9s Tud\u00e1stechnol\u00f3giai Kar k\u00e9t munkat\u00e1rs\u00e1t.<br \/>\nAz elismer\u00e9st janu\u00e1r 22-\u00e9n a budapesti Iparm\u0171v\u00e9szeti M\u00fazeumban Dr. Forg\u00f3 S\u00e1ndor tansz\u00e9kvezet\u0151 f\u0151iskolai tan\u00e1r \u00e9s Dr. B\u00e1rdos Jen\u0151  kutat\u00f3professzor a Nevel\u00e9studom\u00e1nyi Doktori Iskola leend\u0151 vezet\u0151je kapta. A megtisztel\u0151 d\u00edjat R\u00e9thelyi Mikl\u00f3s nemzeti er\u0151forr\u00e1s miniszter \u00e9s Hoffmann R\u00f3zsa [&#8230;]<\/p>\n","protected":false},"author":4,"featured_media":0,"comment_status":"open","ping_status":"closed","sticky":false,"template":"","format":"standard","meta":{"footnotes":""},"categories":[9],"tags":[],"class_list":["post-3300","post","type-post","status-publish","format-standard","hentry","category-oktatas"],"_links":{"self":[{"href":"https:\/\/www.agriatv.hu\/index.php?rest_route=\/wp\/v2\/posts\/3300","targetHints":{"allow":["GET"]}}],"collection":[{"href":"https:\/\/www.agriatv.hu\/index.php?rest_route=\/wp\/v2\/posts"}],"about":[{"href":"https:\/\/www.agriatv.hu\/index.php?rest_route=\/wp\/v2\/types\/post"}],"author":[{"embeddable":true,"href":"https:\/\/www.agriatv.hu\/index.php?rest_route=\/wp\/v2\/users\/4"}],"replies":[{"embeddable":true,"href":"https:\/\/www.agriatv.hu\/index.php?rest_route=%2Fwp%2Fv2%2Fcomments&post=3300"}],"version-history":[{"count":2,"href":"https:\/\/www.agriatv.hu\/index.php?rest_route=\/wp\/v2\/posts\/3300\/revisions"}],"predecessor-version":[{"id":3302,"href":"https:\/\/www.agriatv.hu\/index.php?rest_route=\/wp\/v2\/posts\/3300\/revisions\/3302"}],"wp:attachment":[{"href":"https:\/\/www.agriatv.hu\/index.php?rest_route=%2Fwp%2Fv2%2Fmedia&parent=3300"}],"wp:term":[{"taxonomy":"category","embeddable":true,"href":"https:\/\/www.agriatv.hu\/index.php?rest_route=%2Fwp%2Fv2%2Fcategories&post=3300"},{"taxonomy":"post_tag","embeddable":true,"href":"https:\/\/www.agriatv.hu\/index.php?rest_route=%2Fwp%2Fv2%2Ftags&post=3300"}],"curies":[{"name":"wp","href":"https:\/\/api.w.org\/{rel}","templated":true}]}}