{"id":3303,"date":"2011-01-25T19:28:56","date_gmt":"2011-01-25T19:28:56","guid":{"rendered":"http:\/\/www.agriatv.hu\/?p=3303"},"modified":"2011-01-25T19:28:56","modified_gmt":"2011-01-25T19:28:56","slug":"iden-is-keresik-a-magyar-dal-fovarosat","status":"publish","type":"post","link":"https:\/\/www.agriatv.hu\/?p=3303","title":{"rendered":"Id\u00e9n is keresik a Magyar Dal F\u0151v\u00e1ros\u00e1t"},"content":{"rendered":"<p class=\"cikkcikkei\">\n<p><img loading=\"lazy\" decoding=\"async\" id=\"__mce\" class=\"kiskepcikkhez alignleft\" src=\"http:\/\/www.egriszin.hu\/RenderedContents\/IndexImages\/7\/7190-20110125145932-mdn.jpg\" alt=\"\" width=\"150\" height=\"87\" \/><\/p>\n<p><strong>M\u00e1rcius 25-ig\u00a0 jelentkezhetnek a telep\u00fcl\u00e9sek \u00f6nkorm\u00e1nyzatai, v\u00e1llalkoz\u00f3i vagy civil szervezetei a Magyar Dal F\u0151v\u00e1rosa c\u00edmre. Eger ism\u00e9t p\u00e1ly\u00e1zhat, \u00e1m \u00fajra bizony\u00edtania kell  alkalmass\u00e1g\u00e1t.<br \/>\n<\/strong><\/p>\n<p>Presser G\u00e1bor \u00f6tlete nyom\u00e1n 2008-ban indult Magyar Dal Napja, amely  az\u00f3ta a hazai zenei \u00e9let egyik kiemelked\u0151 \u0151szi esem\u00e9nye lett. Az eg\u00e9sz  napos program szervez\u0151i tavaly hirdett\u00e9k meg el\u0151sz\u00f6r a Magyar Dal  F\u0151v\u00e1rosa p\u00e1ly\u00e1zatukat, a c\u00edmet 2010-ben Eger nyerte el. Szeptember  m\u00e1sodik vas\u00e1rnapj\u00e1n sz\u00e1mtalan k\u00fcl\u00f6nleges program mellett \u00e9l\u0151 telev\u00edzi\u00f3s  k\u00f6zvet\u00edt\u00e9s is volt Egerb\u0151l, ahol t\u00f6bb ezren \u00fcnnepelt\u00e9k a magyar dalt.<\/p>\n","protected":false},"excerpt":{"rendered":"<p>M\u00e1rcius 25-ig\u00a0 jelentkezhetnek a telep\u00fcl\u00e9sek \u00f6nkorm\u00e1nyzatai, v\u00e1llalkoz\u00f3i vagy civil szervezetei a Magyar Dal F\u0151v\u00e1rosa c\u00edmre. Eger ism\u00e9t p\u00e1ly\u00e1zhat, \u00e1m \u00fajra bizony\u00edtania kell  alkalmass\u00e1g\u00e1t.<\/p>\n<p>Presser G\u00e1bor \u00f6tlete nyom\u00e1n 2008-ban indult Magyar Dal Napja, amely  az\u00f3ta a hazai zenei \u00e9let egyik kiemelked\u0151 \u0151szi esem\u00e9nye lett. Az eg\u00e9sz  napos program szervez\u0151i tavaly hirdett\u00e9k meg el\u0151sz\u00f6r a [&#8230;]<\/p>\n","protected":false},"author":4,"featured_media":0,"comment_status":"open","ping_status":"closed","sticky":false,"template":"","format":"standard","meta":{"footnotes":""},"categories":[8],"tags":[],"class_list":["post-3303","post","type-post","status-publish","format-standard","hentry","category-kultura"],"_links":{"self":[{"href":"https:\/\/www.agriatv.hu\/index.php?rest_route=\/wp\/v2\/posts\/3303","targetHints":{"allow":["GET"]}}],"collection":[{"href":"https:\/\/www.agriatv.hu\/index.php?rest_route=\/wp\/v2\/posts"}],"about":[{"href":"https:\/\/www.agriatv.hu\/index.php?rest_route=\/wp\/v2\/types\/post"}],"author":[{"embeddable":true,"href":"https:\/\/www.agriatv.hu\/index.php?rest_route=\/wp\/v2\/users\/4"}],"replies":[{"embeddable":true,"href":"https:\/\/www.agriatv.hu\/index.php?rest_route=%2Fwp%2Fv2%2Fcomments&post=3303"}],"version-history":[{"count":1,"href":"https:\/\/www.agriatv.hu\/index.php?rest_route=\/wp\/v2\/posts\/3303\/revisions"}],"predecessor-version":[{"id":3304,"href":"https:\/\/www.agriatv.hu\/index.php?rest_route=\/wp\/v2\/posts\/3303\/revisions\/3304"}],"wp:attachment":[{"href":"https:\/\/www.agriatv.hu\/index.php?rest_route=%2Fwp%2Fv2%2Fmedia&parent=3303"}],"wp:term":[{"taxonomy":"category","embeddable":true,"href":"https:\/\/www.agriatv.hu\/index.php?rest_route=%2Fwp%2Fv2%2Fcategories&post=3303"},{"taxonomy":"post_tag","embeddable":true,"href":"https:\/\/www.agriatv.hu\/index.php?rest_route=%2Fwp%2Fv2%2Ftags&post=3303"}],"curies":[{"name":"wp","href":"https:\/\/api.w.org\/{rel}","templated":true}]}}