{"id":3305,"date":"2011-01-25T19:31:27","date_gmt":"2011-01-25T19:31:27","guid":{"rendered":"http:\/\/www.agriatv.hu\/?p=3305"},"modified":"2011-01-25T19:31:27","modified_gmt":"2011-01-25T19:31:27","slug":"uj-szechenyi-terv-ezeregyszaz-milliard-gazdasagfejlesztesre","status":"publish","type":"post","link":"https:\/\/www.agriatv.hu\/?p=3305","title":{"rendered":"\u00daj Sz\u00e9chenyi Terv: ezeregysz\u00e1z milli\u00e1rd gazdas\u00e1gfejleszt\u00e9sre"},"content":{"rendered":"<p><strong>Akik nem felelnek meg a ki\u00edr\u00e1soknak, azokat h\u00e1romf\u00e9le p\u00e9nz\u00fcgyi konstrukci\u00f3 seg\u00edtheti. Moln\u00e1r \u00c1gnes Egerben. <\/strong><\/p>\n<p>Janu\u00e1rt\u00f3l 1100 milli\u00e1rd forint p\u00e1ly\u00e1zhat\u00f3 az \u00daj Sz\u00e9chenyi Terv keret\u00e9ben, ezen k\u00edv\u00fcl h\u00e1romf\u00e9le p\u00e9nz\u00fcgyi konstrukci\u00f3val seg\u00edtj\u00fck azokat, akik nem felelnek meg a p\u00e1ly\u00e1zati ki\u00edr\u00e1sokban foglaltaknak \u2013 jelentette be Moln\u00e1r \u00c1gnes, a Nemzeti Fejleszt\u00e9si Miniszt\u00e9rium fejleszt\u00e9spolitikai koordin\u00e1ci\u00f3\u00e9rt felel\u0151s \u00e1llamtitk\u00e1ra Egerben.<\/p>\n<p>\u2013 A 2007-2013 k\u00f6z\u00f6tti uni\u00f3s forr\u00e1sok nagyobbik r\u00e9sz\u00e9t az el\u0151z\u0151 korm\u00e1nyok m\u00e1r lek\u00f6t\u00f6tt\u00e9k, vagy megp\u00e1ly\u00e1ztatt\u00e1k, \u00edgy a nyolcezer milli\u00e1rdb\u00f3l m\u00e9g k\u00e9tezer milli\u00e1rd haszn\u00e1lhat\u00f3 f\u00f6l, a hazai k\u00f6lts\u00e9gvet\u00e9si forr\u00e1sok, illetve banki eszk\u00f6z\u00f6k mellett. Ezt a p\u00e9nzt egyszer\u0171bb p\u00e1ly\u00e1zati rendszerrel, jogorvoslati lehet\u0151s\u00e9ggel, r\u00f6videbb id\u0151 alatt igyeksz\u00fcnk kiosztani a fejleszteni k\u00edv\u00e1n\u00f3k k\u00f6z\u00f6tt \u2013 tette hozz\u00e1.<\/p>\n<p>Az \u00e1llamtitk\u00e1r elmondta, janu\u00e1r 14-\u00e9n 93 p\u00e1ly\u00e1zatot hirdettek meg, amelyekhez m\u00e1rciust\u00f3l lehet elnyerni. Foglalkoztat\u00e1sra 67, az eg\u00e9szs\u00e9giparra 31, k\u00f6zleked\u00e9sfejleszt\u00e9sre 79, tudom\u00e1nyra, innov\u00e1ci\u00f3ra 73, v\u00e1llalkoz\u00e1sok fejleszt\u00e9s\u00e9re 173, z\u00f6ldgazdas\u00e1gra 120 milli\u00e1rd \u00e1ll rendelkez\u00e9sre, m\u00edg a kiemelt k\u00f6zleked\u00e9si fejleszt\u00e9sekre 563 milli\u00e1rd jut majd. Ut\u00f3bbit\u00f3l az \u00e9p\u00edt\u0151ipar felfut\u00e1s\u00e1t v\u00e1rj\u00e1k, amely h\u00fazn\u00e1 mag\u00e1val az eg\u00e9sz magyar gazdas\u00e1got.<\/p>\n<p>Az 1100 milli\u00e1rd forint k\u00f6r\u00fclbel\u00fcl 3-4 ezer milli\u00e1rd forintnyi fejleszt\u00e9shez ny\u00fajt seg\u00edts\u00e9get. K\u00e9rd\u00e9sre v\u00e1laszolva elmondta, a lak\u00e1s\u00e9p\u00edt\u00e9sekre, otthonteremt\u00e9sre a m\u00e1sodik csomagban, KEOP-forr\u00e1sokb\u00f3l lehet majd p\u00e1ly\u00e1zni.<\/p>\n<p>Forr\u00e1s: HEOL<\/p>\n","protected":false},"excerpt":{"rendered":"<p>Akik nem felelnek meg a ki\u00edr\u00e1soknak, azokat h\u00e1romf\u00e9le p\u00e9nz\u00fcgyi konstrukci\u00f3 seg\u00edtheti. Moln\u00e1r \u00c1gnes Egerben.<br \/>\nJanu\u00e1rt\u00f3l 1100 milli\u00e1rd forint p\u00e1ly\u00e1zhat\u00f3 az \u00daj Sz\u00e9chenyi Terv keret\u00e9ben, ezen k\u00edv\u00fcl h\u00e1romf\u00e9le p\u00e9nz\u00fcgyi konstrukci\u00f3val seg\u00edtj\u00fck azokat, akik nem felelnek meg a p\u00e1ly\u00e1zati ki\u00edr\u00e1sokban foglaltaknak \u2013 jelentette be Moln\u00e1r \u00c1gnes, a Nemzeti Fejleszt\u00e9si Miniszt\u00e9rium fejleszt\u00e9spolitikai koordin\u00e1ci\u00f3\u00e9rt felel\u0151s \u00e1llamtitk\u00e1ra Egerben.<br \/>\n\u2013 A 2007-2013 [&#8230;]<\/p>\n","protected":false},"author":4,"featured_media":0,"comment_status":"open","ping_status":"closed","sticky":false,"template":"","format":"standard","meta":{"footnotes":""},"categories":[6],"tags":[],"class_list":["post-3305","post","type-post","status-publish","format-standard","hentry","category-belfold"],"_links":{"self":[{"href":"https:\/\/www.agriatv.hu\/index.php?rest_route=\/wp\/v2\/posts\/3305","targetHints":{"allow":["GET"]}}],"collection":[{"href":"https:\/\/www.agriatv.hu\/index.php?rest_route=\/wp\/v2\/posts"}],"about":[{"href":"https:\/\/www.agriatv.hu\/index.php?rest_route=\/wp\/v2\/types\/post"}],"author":[{"embeddable":true,"href":"https:\/\/www.agriatv.hu\/index.php?rest_route=\/wp\/v2\/users\/4"}],"replies":[{"embeddable":true,"href":"https:\/\/www.agriatv.hu\/index.php?rest_route=%2Fwp%2Fv2%2Fcomments&post=3305"}],"version-history":[{"count":1,"href":"https:\/\/www.agriatv.hu\/index.php?rest_route=\/wp\/v2\/posts\/3305\/revisions"}],"predecessor-version":[{"id":3306,"href":"https:\/\/www.agriatv.hu\/index.php?rest_route=\/wp\/v2\/posts\/3305\/revisions\/3306"}],"wp:attachment":[{"href":"https:\/\/www.agriatv.hu\/index.php?rest_route=%2Fwp%2Fv2%2Fmedia&parent=3305"}],"wp:term":[{"taxonomy":"category","embeddable":true,"href":"https:\/\/www.agriatv.hu\/index.php?rest_route=%2Fwp%2Fv2%2Fcategories&post=3305"},{"taxonomy":"post_tag","embeddable":true,"href":"https:\/\/www.agriatv.hu\/index.php?rest_route=%2Fwp%2Fv2%2Ftags&post=3305"}],"curies":[{"name":"wp","href":"https:\/\/api.w.org\/{rel}","templated":true}]}}