{"id":3308,"date":"2011-01-25T19:33:27","date_gmt":"2011-01-25T19:33:27","guid":{"rendered":"http:\/\/www.agriatv.hu\/?p=3308"},"modified":"2011-01-25T19:33:27","modified_gmt":"2011-01-25T19:33:27","slug":"nem-tartjak-meg-iden-a-megyebalt","status":"publish","type":"post","link":"https:\/\/www.agriatv.hu\/?p=3308","title":{"rendered":"Nem tartj\u00e1k meg id\u00e9n a megyeb\u00e1lt"},"content":{"rendered":"<p><strong>B\u00e1l helyett j\u00f3t\u00e9konys\u00e1gi estet szerveznek, melynek sz\u00ednhelye az egri sz\u00ednh\u00e1z lesz. <\/strong><\/p>\n<p>\u2013 A politikusok felel\u0151ss\u00e9ge a p\u00e9ldamutat\u00e1s. Amikor a megye bajban van, nem lenne tisztess\u00e9ges pont a k\u00f6lts\u00e9gvet\u00e9s k\u00e9sz\u00edt\u00e9s\u00e9nek ideje alatt a t\u00e9kozl\u00f3 koldus l\u00e1tszat\u00e1t kelten\u00fcnk, ez\u00e9rt elmarad a megyeb\u00e1l \u2013 jelentette ki keddi sajt\u00f3t\u00e1j\u00e9koztat\u00f3j\u00e1n Szab\u00f3 R\u00f3bert.<\/p>\n<p>A Heves Megyei K\u00f6zgy\u0171l\u00e9s eln\u00f6ke a Megyeh\u00e1z\u00e1n elmondta: a megyeb\u00e1l helyett j\u00f3t\u00e9konys\u00e1gi estet szerveznek febru\u00e1r 26-\u00e1n az egri G\u00e1rdonyi G\u00e9za Sz\u00ednh\u00e1zba. A rendezv\u00e9nyen a sz\u00ednh\u00e1z sikeres produkci\u00f3ib\u00f3l, illetve a t\u00e1nctagozat Babazs\u00far c\u00edm\u0171 el\u0151ad\u00e1s\u00e1b\u00f3l l\u00e1thatnak r\u00e9szleteket az \u00e9rdekl\u0151d\u0151k. Tov\u00e1bb\u00e1 fell\u00e9p az Egri Szimfonikus Zenekar, Herczeg Fl\u00f3ra, a Corelli Tri\u00f3 \u00e9s N\u00e1dasy Erika is. Az \u00e9rt\u00e9kes\u00edtett t\u00e1mogat\u00f3i jegyekb\u0151l befolyt bev\u00e9telt az egri Markhot Ferenc K\u00f3rh\u00e1z gyermekoszt\u00e1ly\u00e1nak utalj\u00e1k majd \u00e1t, illetve seg\u00edtik a m\u00e1jtranszplant\u00e1ci\u00f3ra v\u00e1r\u00f3 gy\u00f6ngy\u00f6si, egy\u00e9ves kisl\u00e1ny k\u00fclf\u00f6ldi m\u0171t\u00e9tj\u00e9re t\u00f6rt\u00e9n\u0151 utaztat\u00e1s\u00e1t.<\/p>\n<p>Forr\u00e1s: HEOL<\/p>\n","protected":false},"excerpt":{"rendered":"<p>B\u00e1l helyett j\u00f3t\u00e9konys\u00e1gi estet szerveznek, melynek sz\u00ednhelye az egri sz\u00ednh\u00e1z lesz.<br \/>\n\u2013 A politikusok felel\u0151ss\u00e9ge a p\u00e9ldamutat\u00e1s. Amikor a megye bajban van, nem lenne tisztess\u00e9ges pont a k\u00f6lts\u00e9gvet\u00e9s k\u00e9sz\u00edt\u00e9s\u00e9nek ideje alatt a t\u00e9kozl\u00f3 koldus l\u00e1tszat\u00e1t kelten\u00fcnk, ez\u00e9rt elmarad a megyeb\u00e1l \u2013 jelentette ki keddi sajt\u00f3t\u00e1j\u00e9koztat\u00f3j\u00e1n Szab\u00f3 R\u00f3bert.<br \/>\nA Heves Megyei K\u00f6zgy\u0171l\u00e9s eln\u00f6ke a Megyeh\u00e1z\u00e1n elmondta: a [&#8230;]<\/p>\n","protected":false},"author":4,"featured_media":0,"comment_status":"open","ping_status":"closed","sticky":false,"template":"","format":"standard","meta":{"footnotes":""},"categories":[6],"tags":[],"class_list":["post-3308","post","type-post","status-publish","format-standard","hentry","category-belfold"],"_links":{"self":[{"href":"https:\/\/www.agriatv.hu\/index.php?rest_route=\/wp\/v2\/posts\/3308","targetHints":{"allow":["GET"]}}],"collection":[{"href":"https:\/\/www.agriatv.hu\/index.php?rest_route=\/wp\/v2\/posts"}],"about":[{"href":"https:\/\/www.agriatv.hu\/index.php?rest_route=\/wp\/v2\/types\/post"}],"author":[{"embeddable":true,"href":"https:\/\/www.agriatv.hu\/index.php?rest_route=\/wp\/v2\/users\/4"}],"replies":[{"embeddable":true,"href":"https:\/\/www.agriatv.hu\/index.php?rest_route=%2Fwp%2Fv2%2Fcomments&post=3308"}],"version-history":[{"count":1,"href":"https:\/\/www.agriatv.hu\/index.php?rest_route=\/wp\/v2\/posts\/3308\/revisions"}],"predecessor-version":[{"id":3309,"href":"https:\/\/www.agriatv.hu\/index.php?rest_route=\/wp\/v2\/posts\/3308\/revisions\/3309"}],"wp:attachment":[{"href":"https:\/\/www.agriatv.hu\/index.php?rest_route=%2Fwp%2Fv2%2Fmedia&parent=3308"}],"wp:term":[{"taxonomy":"category","embeddable":true,"href":"https:\/\/www.agriatv.hu\/index.php?rest_route=%2Fwp%2Fv2%2Fcategories&post=3308"},{"taxonomy":"post_tag","embeddable":true,"href":"https:\/\/www.agriatv.hu\/index.php?rest_route=%2Fwp%2Fv2%2Ftags&post=3308"}],"curies":[{"name":"wp","href":"https:\/\/api.w.org\/{rel}","templated":true}]}}