{"id":331,"date":"2010-07-06T11:23:21","date_gmt":"2010-07-06T11:23:21","guid":{"rendered":"http:\/\/www.agriatv.hu\/?p=331"},"modified":"2010-07-06T11:23:21","modified_gmt":"2010-07-06T11:23:21","slug":"egri-diakok-lettek-a-legjobb-termeszetjarok","status":"publish","type":"post","link":"https:\/\/www.agriatv.hu\/?p=331","title":{"rendered":"Egri di\u00e1kok lettek a legjobb term\u00e9szetj\u00e1r\u00f3k"},"content":{"rendered":"<p class=\"cikkcikkei\">&nbsp;<\/p>\n<p><img decoding=\"async\" align=\"left\" class=\"kiskepcikkhez\" src=\"http:\/\/www.egriszin.hu\/RenderedContents\/IndexImages\/5\/5741-20100705200042-IMG_0003.jpg\" title=\"\" \/><\/p>\n<p><b>Az egri Gyakorl&oacute; Iskola hetedik oszt&aacute;lyos di&aacute;kjainak sikereivel z&aacute;rult a j&uacute;nius 28-a &eacute;s j&uacute;lius 2-a k&ouml;z&ouml;tt rendezett 20. Term&eacute;szetj&aacute;r&oacute; Gyermekek Orsz&aacute;gos Tal&aacute;lkoz&oacute;ja Tolna megy&eacute;ben.<\/b><\/p>\n<div style=\"text-align: justify;\">Az egy hetes rendezv&eacute;nyt a Szeksz&aacute;rd melletti S&ouml;t&eacute;t-v&ouml;lgybe tervezt&eacute;k, de az &ouml;z&ouml;nv&iacute;zszer\u0171 es\u0151 1-1,5 m&eacute;teres magass&aacute;gban &ouml;nt&ouml;tte el t&aacute;bort a verseny el\u0151tt egy h&eacute;ttel. &Iacute;gy a szervez\u0151knek gyorsan &uacute;j helysz&iacute;nt kellett keresni&uuml;k, amely v&eacute;g&uuml;l a Tolna megyei Sz&aacute;lk&aacute;n, az ifj&uacute;s&aacute;gi alkot&oacute;t&aacute;borban siker&uuml;lt.<\/div>\n<div style=\"text-align: justify;\">A gyerekek 5 &eacute;remmel &eacute;s egy serleggel t&eacute;rhettek haza. \u0150k nyert&eacute;k el a TFSZ serleg&eacute;t, a legeredm&eacute;nyesebb csapatnak j&aacute;r&oacute; d&iacute;szes kup&aacute;t is. A legjobban szerepl\u0151 csapatokat az utols&oacute; napon a megy&eacute;ben jutalom kir&aacute;ndul&aacute;sra is elvitt&eacute;k a szervez\u0151k.<\/div>\n<div style=\"text-align: justify;\">\n<div style=\"text-align: justify;\"><strong>Eredm&eacute;nyek:<\/strong><\/div>\n<div style=\"text-align: justify;\">&Eacute;jszakai verseny: 1. helyez&eacute;s<\/div>\n<div style=\"text-align: justify;\">Elm&eacute;leti verseny: 2. helyez&eacute;s<\/div>\n<div style=\"text-align: justify;\">Nappali akad&aacute;lyverseny: 1. helyez&eacute;s<\/div>\n<div style=\"text-align: justify;\">V&aacute;rosismereti verseny: 2. helyez&eacute;s<\/div>\n<div style=\"text-align: justify;\">&Ouml;sszetett verseny v&eacute;geredm&eacute;nye: 1. helyez&eacute;s<\/div>\n<div style=\"text-align: justify;\">&nbsp;<\/div>\n<div style=\"text-align: justify;\"><strong>A csapat tagjai:<\/strong> B&oacute;ta Zsombor, Barta D&aacute;vid, Szamos M&aacute;t&eacute;, Gordos Ambrus volt.<\/div>\n<div style=\"text-align: justify;\">Felk&eacute;sz&iacute;t\u0151: Papp L&aacute;szl&oacute;<\/div>\n<div style=\"text-align: justify;\">Forr&aacute;s: Egrisz&iacute;n<\/div>\n<\/div>\n","protected":false},"excerpt":{"rendered":"<p>&nbsp;<\/p>\n<p>Az egri Gyakorl&oacute; Iskola hetedik oszt&aacute;lyos di&aacute;kjainak sikereivel z&aacute;rult a j&uacute;nius 28-a &eacute;s j&uacute;lius 2-a k&ouml;z&ouml;tt rendezett 20. Term&eacute;szetj&aacute;r&oacute; Gyermekek Orsz&aacute;gos Tal&aacute;lkoz&oacute;ja Tolna megy&eacute;ben.<br \/>\nAz egy hetes rendezv&eacute;nyt a Szeksz&aacute;rd melletti S&ouml;t&eacute;t-v&ouml;lgybe tervezt&eacute;k, de az &ouml;z&ouml;nv&iacute;zszer\u0171 es\u0151 1-1,5 m&eacute;teres magass&aacute;gban &ouml;nt&ouml;tte el t&aacute;bort a verseny el\u0151tt egy h&eacute;ttel. &Iacute;gy a szervez\u0151knek gyorsan &uacute;j helysz&iacute;nt kellett keresni&uuml;k, [&#8230;]<\/p>\n","protected":false},"author":4,"featured_media":0,"comment_status":"closed","ping_status":"open","sticky":false,"template":"","format":"standard","meta":{"footnotes":""},"categories":[4],"tags":[],"class_list":["post-331","post","type-post","status-publish","format-standard","hentry","category-szabadido"],"_links":{"self":[{"href":"https:\/\/www.agriatv.hu\/index.php?rest_route=\/wp\/v2\/posts\/331","targetHints":{"allow":["GET"]}}],"collection":[{"href":"https:\/\/www.agriatv.hu\/index.php?rest_route=\/wp\/v2\/posts"}],"about":[{"href":"https:\/\/www.agriatv.hu\/index.php?rest_route=\/wp\/v2\/types\/post"}],"author":[{"embeddable":true,"href":"https:\/\/www.agriatv.hu\/index.php?rest_route=\/wp\/v2\/users\/4"}],"replies":[{"embeddable":true,"href":"https:\/\/www.agriatv.hu\/index.php?rest_route=%2Fwp%2Fv2%2Fcomments&post=331"}],"version-history":[{"count":1,"href":"https:\/\/www.agriatv.hu\/index.php?rest_route=\/wp\/v2\/posts\/331\/revisions"}],"predecessor-version":[{"id":332,"href":"https:\/\/www.agriatv.hu\/index.php?rest_route=\/wp\/v2\/posts\/331\/revisions\/332"}],"wp:attachment":[{"href":"https:\/\/www.agriatv.hu\/index.php?rest_route=%2Fwp%2Fv2%2Fmedia&parent=331"}],"wp:term":[{"taxonomy":"category","embeddable":true,"href":"https:\/\/www.agriatv.hu\/index.php?rest_route=%2Fwp%2Fv2%2Fcategories&post=331"},{"taxonomy":"post_tag","embeddable":true,"href":"https:\/\/www.agriatv.hu\/index.php?rest_route=%2Fwp%2Fv2%2Ftags&post=331"}],"curies":[{"name":"wp","href":"https:\/\/api.w.org\/{rel}","templated":true}]}}