{"id":3310,"date":"2011-01-25T19:35:36","date_gmt":"2011-01-25T19:35:36","guid":{"rendered":"http:\/\/www.agriatv.hu\/?p=3310"},"modified":"2011-01-25T19:35:36","modified_gmt":"2011-01-25T19:35:36","slug":"tehetseggondozas-felsofokon-heves-megyeben","status":"publish","type":"post","link":"https:\/\/www.agriatv.hu\/?p=3310","title":{"rendered":"Tehets\u00e9ggondoz\u00e1s fels\u0151fokon Heves megy\u00e9ben"},"content":{"rendered":"<p><img loading=\"lazy\" decoding=\"async\" class=\"alignleft\" title=\"A szerz\u0151d\u00e9s al\u00e1\u00edr\u00f3i (balr\u00f3l): G\u00f6nczi S\u00e1ndor, dr. Sipos Mih\u00e1ly \u00e9s dr. Hauser Zolt\u00e1n. Fot\u00f3: Sz\u0171cs T\u00edmea\" src=\"http:\/\/heol.hu\/lapokkepek\/cikkek\/142000\/142276_gonczi-sipos-hauser.JPG\" alt=\"A szerz\u0151d\u00e9s al\u00e1\u00edr\u00f3i (balr\u00f3l): G\u00f6nczi S\u00e1ndor, dr. Sipos Mih\u00e1ly \u00e9s dr. Hauser Zolt\u00e1n. Fot\u00f3: Sz\u0171cs T\u00edmea\" width=\"146\" height=\"97\" \/><strong>Az Arany J\u00e1nos Tehets\u00e9gfejleszt\u0151 Program folytat\u00e1s\u00e1r\u00f3l \u00e1llapodott meg k\u00e9t megyesz\u00e9khelyi k\u00f6z\u00e9piskol\u00e1val az egri f\u0151iskola. <\/strong><\/p>\n<p>Egy\u00fcttm\u0171k\u00f6d\u00e9si meg\u00e1llapod\u00e1st \u00edrt al\u00e1 kedden az Eszterh\u00e1zy K\u00e1roly F\u0151iskola (EKF) rektora, dr. Hauser Zolt\u00e1n \u00e9s k\u00e9t egri k\u00f6z\u00e9piskola igazgat\u00f3ja. Az Arany J\u00e1nos Tehets\u00e9gfejleszt\u0151 Program EKF-en t\u00f6rt\u00e9n\u0151 folytat\u00e1s\u00e1r\u00f3l sz\u00f3l\u00f3 dokumentumokat a rektor mellett G\u00f6nczi S\u00e1ndor, a Szil\u00e1gyi Erzs\u00e9bet Gimn\u00e1zium, \u00e9s dr. Sipos Mih\u00e1ly, a Neumann J\u00e1nos K\u00f6z\u00e9piskola \u00e9s Koll\u00e9gium k\u00e9pviselet\u00e9ben l\u00e1tt\u00e1k el k\u00e9zjegy\u00fckkel.<\/p>\n<p>A fels\u0151oktat\u00e1si int\u00e9zm\u00e9ny rektora kifejezte abb\u00e9li meggy\u0151z\u0151d\u00e9s\u00e9t, hogy a tehets\u00e9ggondoz\u00e1s ezen form\u00e1j\u00e1hoz r\u00f6videsen m\u00e1s iskol\u00e1k is csatlakoznak \u2013 els\u0151sorban \u2013 a r\u00e9gi\u00f3b\u00f3l.<\/p>\n<p>G\u00f6nczi S\u00e1ndor, a Szil\u00e1gyi Erzs\u00e9bet Gimn\u00e1zium igazgat\u00f3ja elmondta: az iskola az Arany J\u00e1nos Tehets\u00e9gfejleszt\u0151 Programban a kezdetekt\u0151l, teh\u00e1t 2000-t\u0151l vesz r\u00e9szt. Ennek a politikai ciklusokon \u00e1t\u00edvel\u0151 projektnek a c\u00e9lja, hogy a h\u00e1tr\u00e1nyokkal k\u00fczd\u0151, de tehets\u00e9ges di\u00e1kokat eljuttassa a fels\u0151oktat\u00e1sba. A tizenegy esztend\u0151 alatt nagyon sz\u00e9p eredm\u00e9nyek sz\u00fclettek, m\u00e1r az els\u0151 \u00e9retts\u00e9giz\u0151 oszt\u00e1ly eset\u00e9ben 85 sz\u00e1zal\u00e9kos volt a beker\u00fcl\u00e9si ar\u00e1ny, ami k\u00e9s\u0151bb csak n\u00f6vekedett.<\/p>\n<p>\u0150 is \u00e9s dr. Sipos Mih\u00e1ly, a Neumann J\u00e1nos K\u00f6z\u00e9piskola \u00e9s Koll\u00e9gium igazgat\u00f3ja is r\u00e1mutatott, hogy int\u00e9zm\u00e9nyes form\u00e1ban mind a mai napig nem megoldott ezeknek a fiataloknak a t\u00e1mogat\u00e1sa az egyetemeken, a f\u0151iskol\u00e1kon. Pedig azok a \u2013 t\u00f6bbnyire szoci\u00e1lis \u00e9s szociokultur\u00e1lis \u2013 h\u00e1tr\u00e1nyok, amelyek miatt a di\u00e1kok a programba beker\u00fcltek, tov\u00e1bbra is fenn\u00e1llnak.<\/p>\n<p>Dr. Hauser Zolt\u00e1n hangs\u00falyozta: az egri f\u0151iskol\u00e1n nagy hagyom\u00e1nyai vannak a tehets\u00e9ges hallgat\u00f3kkal val\u00f3 foglalkoz\u00e1snak. Ezekkel a szerz\u0151d\u00e9sekkel a k\u00f6r \u00f6r\u00f6mteli m\u00f3don tov\u00e1bb b\u0151v\u00fcl.<br \/>\n\u2013 A f\u0151iskola nyitott tov\u00e1bbi meg\u00e1llapod\u00e1sokra is az Arany J\u00e1nos programban r\u00e9sztvev\u0151 iskol\u00e1kkal \u2013 hangs\u00falyozta az EKF rektora.<\/p>\n<p>Forr\u00e1s: HEOL<\/p>\n","protected":false},"excerpt":{"rendered":"<p>Az Arany J\u00e1nos Tehets\u00e9gfejleszt\u0151 Program folytat\u00e1s\u00e1r\u00f3l \u00e1llapodott meg k\u00e9t megyesz\u00e9khelyi k\u00f6z\u00e9piskol\u00e1val az egri f\u0151iskola.<br \/>\nEgy\u00fcttm\u0171k\u00f6d\u00e9si meg\u00e1llapod\u00e1st \u00edrt al\u00e1 kedden az Eszterh\u00e1zy K\u00e1roly F\u0151iskola (EKF) rektora, dr. Hauser Zolt\u00e1n \u00e9s k\u00e9t egri k\u00f6z\u00e9piskola igazgat\u00f3ja. Az Arany J\u00e1nos Tehets\u00e9gfejleszt\u0151 Program EKF-en t\u00f6rt\u00e9n\u0151 folytat\u00e1s\u00e1r\u00f3l sz\u00f3l\u00f3 dokumentumokat a rektor mellett G\u00f6nczi S\u00e1ndor, a Szil\u00e1gyi Erzs\u00e9bet Gimn\u00e1zium, \u00e9s dr. Sipos [&#8230;]<\/p>\n","protected":false},"author":4,"featured_media":0,"comment_status":"open","ping_status":"closed","sticky":false,"template":"","format":"standard","meta":{"footnotes":""},"categories":[9],"tags":[],"class_list":["post-3310","post","type-post","status-publish","format-standard","hentry","category-oktatas"],"_links":{"self":[{"href":"https:\/\/www.agriatv.hu\/index.php?rest_route=\/wp\/v2\/posts\/3310","targetHints":{"allow":["GET"]}}],"collection":[{"href":"https:\/\/www.agriatv.hu\/index.php?rest_route=\/wp\/v2\/posts"}],"about":[{"href":"https:\/\/www.agriatv.hu\/index.php?rest_route=\/wp\/v2\/types\/post"}],"author":[{"embeddable":true,"href":"https:\/\/www.agriatv.hu\/index.php?rest_route=\/wp\/v2\/users\/4"}],"replies":[{"embeddable":true,"href":"https:\/\/www.agriatv.hu\/index.php?rest_route=%2Fwp%2Fv2%2Fcomments&post=3310"}],"version-history":[{"count":2,"href":"https:\/\/www.agriatv.hu\/index.php?rest_route=\/wp\/v2\/posts\/3310\/revisions"}],"predecessor-version":[{"id":3312,"href":"https:\/\/www.agriatv.hu\/index.php?rest_route=\/wp\/v2\/posts\/3310\/revisions\/3312"}],"wp:attachment":[{"href":"https:\/\/www.agriatv.hu\/index.php?rest_route=%2Fwp%2Fv2%2Fmedia&parent=3310"}],"wp:term":[{"taxonomy":"category","embeddable":true,"href":"https:\/\/www.agriatv.hu\/index.php?rest_route=%2Fwp%2Fv2%2Fcategories&post=3310"},{"taxonomy":"post_tag","embeddable":true,"href":"https:\/\/www.agriatv.hu\/index.php?rest_route=%2Fwp%2Fv2%2Ftags&post=3310"}],"curies":[{"name":"wp","href":"https:\/\/api.w.org\/{rel}","templated":true}]}}