{"id":3313,"date":"2011-01-27T15:00:10","date_gmt":"2011-01-27T15:00:10","guid":{"rendered":"http:\/\/www.agriatv.hu\/?p=3313"},"modified":"2011-01-27T15:01:49","modified_gmt":"2011-01-27T15:01:49","slug":"eros-europa-%e2%80%93-terjedo-szelessav","status":"publish","type":"post","link":"https:\/\/www.agriatv.hu\/?p=3313","title":{"rendered":"Er\u0151s Eur\u00f3pa \u2013 terjed\u0151 sz\u00e9less\u00e1v"},"content":{"rendered":"<p class=\"cikkcikkei\">\n<p><img loading=\"lazy\" decoding=\"async\" class=\"kiskepcikkhez alignleft\" src=\"http:\/\/www.egriszin.hu\/RenderedContents\/IndexImages\/7\/7196-20110127131544-nyitr.JPG\" alt=\"\" width=\"150\" height=\"100\" \/><\/p>\n<p><strong>Dr. Fellegi Tam\u00e1s, nemzeti fejleszt\u00e9si miniszter \u00e9s dr. Nyitrai Zsolt  \u00e1llamtitk\u00e1r a magyar soros EU-eln\u00f6ks\u00e9g energiapolitikai, kl\u00edma\u00fcgyi,  t\u00e1vk\u00f6zl\u00e9si \u00e9s digit\u00e1lis priorit\u00e1sait ismertette az Eur\u00f3pai Parlamentben,  szerd\u00e1n. A t\u00e1vk\u00f6zl\u00e9s ter\u00fclet\u00e9n nagyobb sebess\u00e9gre kell kapcsolnia  Eur\u00f3p\u00e1nak \u2013 hangs\u00falyozta Nyitrai Br\u00fcsszelben.<\/strong><\/p>\n<p>Az Eur\u00f3pai Parlament Ipari, Kutat\u00e1si \u00e9s Energia\u00fcgyi Bizotts\u00e1ga el\u0151tt sz\u00e1molt be dr. Nyitrai Zsolt a magyar eln\u00f6ks\u00e9g feladatair\u00f3l \u00e9s c\u00e9lkit\u0171z\u00e9seir\u0151l. Az Eur\u00f3pai T\u00e1vk\u00f6zl\u00e9si Tan\u00e1cs Eln\u00f6ki tiszts\u00e9g\u00e9t bet\u00f6lt\u0151 magyar politikus \u00fagy fogalmazott, a magyar eln\u00f6ks\u00e9g egy er\u0151s Eur\u00f3pa megteremt\u00e9s\u00e9ben \u00e9rdekelt, \u00e9s ennek el\u00e9r\u00e9shez a legjobb eszk\u00f6znek a p\u00e1rbesz\u00e9d \u00e9s az egy\u00fcttm\u0171k\u00f6d\u00e9s elm\u00e9ly\u00edt\u00e9s\u00e9t nevezte meg.<br \/>\nNyitrai elmondta: \u201ea magyar eln\u00f6ks\u00e9g ideje alatt kiemelten foglakozunk a k\u00e9sz\u00fcl\u0151 eur\u00f3pai frekvenciastrat\u00e9gi\u00e1val, amely a Digit\u00e1lis Menetrend egyik strat\u00e9giai priorit\u00e1sa\u201d. A k\u00e9sz\u00fcl\u0151 eur\u00f3pai frekvenciapolitika egyik f\u0151 t\u00e9m\u00e1ja a vezet\u00e9k n\u00e9lk\u00fcli sz\u00e9less\u00e1v terjed\u00e9s\u00e9nek el\u0151seg\u00edt\u00e9se. Az infokommunik\u00e1ci\u00f3 ter\u00fclet\u00e9n az eln\u00f6ks\u00e9g m\u00e1sik priorit\u00e1sa a h\u00e1l\u00f3zat- \u00e9s inform\u00e1ci\u00f3biztons\u00e1g t\u00e9mak\u00f6re.<\/p>\n<p>Forr\u00e1s: R\u00e1di\u00f31<\/p>\n","protected":false},"excerpt":{"rendered":"<p>Dr. Fellegi Tam\u00e1s, nemzeti fejleszt\u00e9si miniszter \u00e9s dr. Nyitrai Zsolt  \u00e1llamtitk\u00e1r a magyar soros EU-eln\u00f6ks\u00e9g energiapolitikai, kl\u00edma\u00fcgyi,  t\u00e1vk\u00f6zl\u00e9si \u00e9s digit\u00e1lis priorit\u00e1sait ismertette az Eur\u00f3pai Parlamentben,  szerd\u00e1n. A t\u00e1vk\u00f6zl\u00e9s ter\u00fclet\u00e9n nagyobb sebess\u00e9gre kell kapcsolnia  Eur\u00f3p\u00e1nak \u2013 hangs\u00falyozta Nyitrai Br\u00fcsszelben.<br \/>\nAz Eur\u00f3pai Parlament Ipari, Kutat\u00e1si \u00e9s Energia\u00fcgyi Bizotts\u00e1ga el\u0151tt sz\u00e1molt be dr. Nyitrai Zsolt [&#8230;]<\/p>\n","protected":false},"author":4,"featured_media":0,"comment_status":"open","ping_status":"closed","sticky":false,"template":"","format":"standard","meta":{"footnotes":""},"categories":[3],"tags":[],"class_list":["post-3313","post","type-post","status-publish","format-standard","hentry","category-politika"],"_links":{"self":[{"href":"https:\/\/www.agriatv.hu\/index.php?rest_route=\/wp\/v2\/posts\/3313","targetHints":{"allow":["GET"]}}],"collection":[{"href":"https:\/\/www.agriatv.hu\/index.php?rest_route=\/wp\/v2\/posts"}],"about":[{"href":"https:\/\/www.agriatv.hu\/index.php?rest_route=\/wp\/v2\/types\/post"}],"author":[{"embeddable":true,"href":"https:\/\/www.agriatv.hu\/index.php?rest_route=\/wp\/v2\/users\/4"}],"replies":[{"embeddable":true,"href":"https:\/\/www.agriatv.hu\/index.php?rest_route=%2Fwp%2Fv2%2Fcomments&post=3313"}],"version-history":[{"count":3,"href":"https:\/\/www.agriatv.hu\/index.php?rest_route=\/wp\/v2\/posts\/3313\/revisions"}],"predecessor-version":[{"id":3319,"href":"https:\/\/www.agriatv.hu\/index.php?rest_route=\/wp\/v2\/posts\/3313\/revisions\/3319"}],"wp:attachment":[{"href":"https:\/\/www.agriatv.hu\/index.php?rest_route=%2Fwp%2Fv2%2Fmedia&parent=3313"}],"wp:term":[{"taxonomy":"category","embeddable":true,"href":"https:\/\/www.agriatv.hu\/index.php?rest_route=%2Fwp%2Fv2%2Fcategories&post=3313"},{"taxonomy":"post_tag","embeddable":true,"href":"https:\/\/www.agriatv.hu\/index.php?rest_route=%2Fwp%2Fv2%2Ftags&post=3313"}],"curies":[{"name":"wp","href":"https:\/\/api.w.org\/{rel}","templated":true}]}}