{"id":3323,"date":"2011-01-27T21:04:03","date_gmt":"2011-01-27T21:04:03","guid":{"rendered":"http:\/\/www.agriatv.hu\/?p=3323"},"modified":"2011-01-27T21:04:53","modified_gmt":"2011-01-27T21:04:53","slug":"a-fiatalok-egerben-tartasa-a-cel","status":"publish","type":"post","link":"https:\/\/www.agriatv.hu\/?p=3323","title":{"rendered":"A fiatalok Egerben tart\u00e1sa a c\u00e9l"},"content":{"rendered":"<p><span class=\"nagyit\"> <\/span> <img loading=\"lazy\" decoding=\"async\" class=\"alignleft\" title=\"Habis L\u00e1szl\u00f3 (balr\u00f3l), dr. Csarn\u00f3 \u00c1kos (k\u00f6z\u00e9pen) \u00e9s dr. Estef\u00e1n G\u00e9za az \u00fcl\u00e9s k\u00f6zben is egyeztettek a napirendi pontokr\u00f3l. Fot\u00f3: G\u00e1l G\u00e1bor\" src=\"http:\/\/heol.hu\/lapokkepek\/cikkek\/142000\/142470_egri-kozgyules.jpg\" alt=\"Habis L\u00e1szl\u00f3 (balr\u00f3l), dr. Csarn\u00f3 \u00c1kos (k\u00f6z\u00e9pen) \u00e9s dr. Estef\u00e1n G\u00e9za az \u00fcl\u00e9s k\u00f6zben is egyeztettek a napirendi pontokr\u00f3l. Fot\u00f3: G\u00e1l G\u00e1bor\" width=\"127\" height=\"85\" \/> <strong>\u00dajabb t\u00e1mogat\u00e1ssal \u00e9rn\u00e9 el az egri \u00f6nkorm\u00e1nyzat, hogy a helyi fiatalok tanulm\u00e1nyaik befejez\u00e9s\u00e9t k\u00f6vet\u0151en a megyesz\u00e9khelyen helyezkedjenek el. A k\u00e9pvisel\u0151k err\u0151l is d\u00f6nt\u00f6ttek cs\u00fct\u00f6rt\u00f6k\u00f6n. <\/strong>Az idei esztend\u0151ben el\u0151sz\u00f6r \u00fcl\u00e9sezett a V\u00e1rosh\u00e1za d\u00edszterm\u00e9ben a megyesz\u00e9khely \u00f6nkorm\u00e1nyzat\u00e1nak k\u00f6zgy\u0171l\u00e9se. Az esem\u00e9nyen napirend el\u0151tti felsz\u00f3lal\u00e1s\u00e1ban T\u00f3th Istv\u00e1n (Jobbik) k\u00e9pvisel\u0151 k\u00e9rd\u0151re vonta az egri rend\u0151rkapit\u00e1nyt, hogy a janu\u00e1r 13-\u00e1n tartott koszor\u00faz\u00e1suk sor\u00e1n mi\u00e9rt kellett a rendezv\u00e9nyre h\u00e9t rend\u0151rt kivez\u00e9nyelni, akik kamer\u00e1val is r\u00f6gz\u00edtett\u00e9k a teljesen\u00a0 b\u00e9k\u00e9s esem\u00e9nyeket. Dr. Petrovics Andr\u00e1s r. ezredes, az Egri Rend\u0151rkapit\u00e1nys\u00e1g vezet\u0151je v\u00e1lasz\u00e1ban hangs\u00falyozta: az\u00e9rt vonultak ki, mert olyan inform\u00e1ci\u00f3kat kaptak, hogy a m\u00e1r betiltott Magyar G\u00e1rda is k\u00e9pviseltetni szeretn\u00e9 mag\u00e1t a megeml\u00e9kez\u00e9sen. A mai tan\u00e1cskoz\u00e1s sor\u00e1n t\u00f6bbek k\u00f6z\u00f6tt a test\u00fclet b\u0151v\u00edtette a m\u00e1r kor\u00e1bban alap\u00edtott Eger V\u00e1ros \u00d6szt\u00f6nd\u00edjasa c\u00edmmel j\u00e1r\u00f3 t\u00e1mogat\u00e1si lehet\u0151s\u00e9geket. Az Egerben v\u00e9gzett friss ifj\u00fas\u00e1gkutat\u00e1s tapasztalatait felhaszn\u00e1lva d\u00f6nt\u00f6ttek arr\u00f3l, hogy azok, a kor\u00e1bban m\u00e1r az \u00f6szt\u00f6nd\u00edjjal seg\u00edtett fiatalok, akik eredm\u00e9nyesen teljes\u00edtik tanulm\u00e1nyaikat \u00e9s azt k\u00f6vet\u0151en Egerben is helyezkednek el, egy\u00f6sszeg\u0171 p\u00e1lyakezd\u00e9si t\u00e1mogat\u00e1sban is r\u00e9szes\u00fclhetnek.<\/p>\n<p>Ennek kapcs\u00e1n Habis L\u00e1szl\u00f3 (Fidesz-KDNP) polg\u00e1rmester elmondta: ez a l\u00e9p\u00e9s \u00f6nmag\u00e1ban nem csodaszer, de a v\u00e1ros gazdas\u00e1gi helyzet\u00e9t figyelembe v\u00e9ve jelent\u0151s kezdem\u00e9nyez\u00e9snek mondhat\u00f3. Dr. Csarn\u00f3 \u00c1kos (LMP) a napirendi pont kapcs\u00e1n kifejtette: nagy el\u0151rel\u00e9p\u00e9s a fiatalok t\u00e1mogat\u00e1sa, de az igazi megold\u00e1s az egyre sz\u00e9lesebb k\u00f6r\u0171 munkahelyteremt\u00e9s lenne.<\/p>\n<p>A v\u00e1rosaty\u00e1k az \u00fcl\u00e9s tov\u00e1bbi r\u00e9sz\u00e9ben megszavazt\u00e1k az \u00f6ner\u0151 biztos\u00edt\u00e1s\u00e1t a V\u00e9cseyv\u00f6lgy \u00fat &#8211; G\u00e1rdonyi G\u00e9za utcai csom\u00f3pont korszer\u0171s\u00edt\u00e9s\u00e9re \u00e9s a 25. sz\u00e1m\u00fa f\u0151\u00fat h\u00e1rom gyalogos \u00e1tkel\u0151hely\u00e9nek fel\u00faj\u00edt\u00e1s\u00e1ra beadott p\u00e1ly\u00e1zathoz. El\u0151bbi 34,8, ut\u00f3bbi eset\u00e9ben pedig 1,5 milli\u00f3 forintot kell saj\u00e1t forr\u00e1sb\u00f3l biztos\u00edtania a v\u00e1rosnak.<\/p>\n<p>A Ver\u0151szala utc\u00e1ban t\u00f6rt\u00e9nt \u00fajabb partfaloml\u00e1st k\u00f6vet\u0151en az \u00f6nkorm\u00e1nyzat 5,2 milli\u00f3s vis major tartal\u00e9kt\u00e1mogat\u00e1st ig\u00e9nyel, mindezeken t\u00fal pedig a test\u00fclet hat\u00e1rozott arr\u00f3l is, hogy 2,5 milli\u00f3 forinttal t\u00e1mogatj\u00e1k az Egri Szimfonikus Zenekart.<\/p>\n<p>Forr\u00e1s: HEOL<\/p>\n","protected":false},"excerpt":{"rendered":"<p>   \u00dajabb t\u00e1mogat\u00e1ssal \u00e9rn\u00e9 el az egri \u00f6nkorm\u00e1nyzat, hogy a helyi fiatalok tanulm\u00e1nyaik befejez\u00e9s\u00e9t k\u00f6vet\u0151en a megyesz\u00e9khelyen helyezkedjenek el. A k\u00e9pvisel\u0151k err\u0151l is d\u00f6nt\u00f6ttek cs\u00fct\u00f6rt\u00f6k\u00f6n. Az idei esztend\u0151ben el\u0151sz\u00f6r \u00fcl\u00e9sezett a V\u00e1rosh\u00e1za d\u00edszterm\u00e9ben a megyesz\u00e9khely \u00f6nkorm\u00e1nyzat\u00e1nak k\u00f6zgy\u0171l\u00e9se. Az esem\u00e9nyen napirend el\u0151tti felsz\u00f3lal\u00e1s\u00e1ban T\u00f3th Istv\u00e1n (Jobbik) k\u00e9pvisel\u0151 k\u00e9rd\u0151re vonta az egri rend\u0151rkapit\u00e1nyt, hogy a [&#8230;]<\/p>\n","protected":false},"author":4,"featured_media":0,"comment_status":"open","ping_status":"closed","sticky":false,"template":"","format":"standard","meta":{"footnotes":""},"categories":[3],"tags":[],"class_list":["post-3323","post","type-post","status-publish","format-standard","hentry","category-politika"],"_links":{"self":[{"href":"https:\/\/www.agriatv.hu\/index.php?rest_route=\/wp\/v2\/posts\/3323","targetHints":{"allow":["GET"]}}],"collection":[{"href":"https:\/\/www.agriatv.hu\/index.php?rest_route=\/wp\/v2\/posts"}],"about":[{"href":"https:\/\/www.agriatv.hu\/index.php?rest_route=\/wp\/v2\/types\/post"}],"author":[{"embeddable":true,"href":"https:\/\/www.agriatv.hu\/index.php?rest_route=\/wp\/v2\/users\/4"}],"replies":[{"embeddable":true,"href":"https:\/\/www.agriatv.hu\/index.php?rest_route=%2Fwp%2Fv2%2Fcomments&post=3323"}],"version-history":[{"count":3,"href":"https:\/\/www.agriatv.hu\/index.php?rest_route=\/wp\/v2\/posts\/3323\/revisions"}],"predecessor-version":[{"id":3326,"href":"https:\/\/www.agriatv.hu\/index.php?rest_route=\/wp\/v2\/posts\/3323\/revisions\/3326"}],"wp:attachment":[{"href":"https:\/\/www.agriatv.hu\/index.php?rest_route=%2Fwp%2Fv2%2Fmedia&parent=3323"}],"wp:term":[{"taxonomy":"category","embeddable":true,"href":"https:\/\/www.agriatv.hu\/index.php?rest_route=%2Fwp%2Fv2%2Fcategories&post=3323"},{"taxonomy":"post_tag","embeddable":true,"href":"https:\/\/www.agriatv.hu\/index.php?rest_route=%2Fwp%2Fv2%2Ftags&post=3323"}],"curies":[{"name":"wp","href":"https:\/\/api.w.org\/{rel}","templated":true}]}}