{"id":3327,"date":"2011-01-28T19:53:25","date_gmt":"2011-01-28T19:53:25","guid":{"rendered":"http:\/\/www.agriatv.hu\/?p=3327"},"modified":"2011-01-28T19:53:25","modified_gmt":"2011-01-28T19:53:25","slug":"blasko-balazs-lett-az-uj-igazgato","status":"publish","type":"post","link":"https:\/\/www.agriatv.hu\/?p=3327","title":{"rendered":"Blask\u00f3 Bal\u00e1zs lett az \u00faj igazgat\u00f3"},"content":{"rendered":"<p class=\"cikkcikkei\">\n<p><img loading=\"lazy\" decoding=\"async\" class=\"kiskepcikkhez alignleft\" src=\"http:\/\/www.egriszin.hu\/RenderedContents\/IndexImages\/7\/7199-20110128151640-Blasko_Balazs_-_nagy.jpg\" alt=\"\" width=\"150\" height=\"107\" \/><\/p>\n<p><strong>Blask\u00f3 Bal\u00e1zs lett febru\u00e1r 1-t\u0151l a G\u00e1rdonyi G\u00e9za Sz\u00ednh\u00e1z igazgat\u00f3ja -err\u0151l d\u00f6nt\u00f6tt a Heves Megyei K\u00f6zgy\u0171l\u00e9s mai \u00fcl\u00e9s\u00e9n. <\/strong><\/p>\n<p>A test\u00fclet min\u0151s\u00edtett t\u00f6bbs\u00e9ggel, 8 igen, 2 nem szavazattal, 5 tart\u00f3zkod\u00e1ssal v\u00e1lasztotta meg Blask\u00f3 Bal\u00e1zst. Kinevez\u00e9se febru\u00e1r 1-t\u0151l 2016. janu\u00e1r 31-ig sz\u00f3l.<br \/>\n&#8211; A rem\u00e9ny sz\u00ednh\u00e1z\u00e1t szeretn\u00e9m megfogalmazni, a legnemesebb egri sz\u00ednh\u00e1zi hagyom\u00e1nyok ment\u00e9n haladni \u2013 mondta megv\u00e1laszt\u00e1sa ut\u00e1n az \u00faj direktor. Blask\u00f3 Bal\u00e1zs 23 \u00e9ve tagja az egri t\u00e1rsulatnak. P\u00e1ly\u00e1zata szerint klasszikus nemzeti n\u00e9psz\u00ednh\u00e1zat val\u00f3s\u00edt majd meg az egri sz\u00ednpadon. Egy\u00fcttm\u0171k\u00f6dne a kelet-magyarorsz\u00e1gi te\u00e1trumokkal, \u00e9s \u00e9l\u00e9nk\u00edten\u00e9 a kapcsolatot a hat\u00e1ron t\u00fali sz\u00ednh\u00e1zakkal.<\/p>\n<p>Forr\u00e1s: R\u00e1di\u00f31<\/p>\n","protected":false},"excerpt":{"rendered":"<p>Blask\u00f3 Bal\u00e1zs lett febru\u00e1r 1-t\u0151l a G\u00e1rdonyi G\u00e9za Sz\u00ednh\u00e1z igazgat\u00f3ja -err\u0151l d\u00f6nt\u00f6tt a Heves Megyei K\u00f6zgy\u0171l\u00e9s mai \u00fcl\u00e9s\u00e9n.<br \/>\nA test\u00fclet min\u0151s\u00edtett t\u00f6bbs\u00e9ggel, 8 igen, 2 nem szavazattal, 5 tart\u00f3zkod\u00e1ssal v\u00e1lasztotta meg Blask\u00f3 Bal\u00e1zst. Kinevez\u00e9se febru\u00e1r 1-t\u0151l 2016. janu\u00e1r 31-ig sz\u00f3l.<br \/>\n&#8211; A rem\u00e9ny sz\u00ednh\u00e1z\u00e1t szeretn\u00e9m megfogalmazni, a legnemesebb egri sz\u00ednh\u00e1zi hagyom\u00e1nyok ment\u00e9n haladni \u2013 mondta megv\u00e1laszt\u00e1sa [&#8230;]<\/p>\n","protected":false},"author":4,"featured_media":0,"comment_status":"open","ping_status":"closed","sticky":false,"template":"","format":"standard","meta":{"footnotes":""},"categories":[8],"tags":[],"class_list":["post-3327","post","type-post","status-publish","format-standard","hentry","category-kultura"],"_links":{"self":[{"href":"https:\/\/www.agriatv.hu\/index.php?rest_route=\/wp\/v2\/posts\/3327","targetHints":{"allow":["GET"]}}],"collection":[{"href":"https:\/\/www.agriatv.hu\/index.php?rest_route=\/wp\/v2\/posts"}],"about":[{"href":"https:\/\/www.agriatv.hu\/index.php?rest_route=\/wp\/v2\/types\/post"}],"author":[{"embeddable":true,"href":"https:\/\/www.agriatv.hu\/index.php?rest_route=\/wp\/v2\/users\/4"}],"replies":[{"embeddable":true,"href":"https:\/\/www.agriatv.hu\/index.php?rest_route=%2Fwp%2Fv2%2Fcomments&post=3327"}],"version-history":[{"count":1,"href":"https:\/\/www.agriatv.hu\/index.php?rest_route=\/wp\/v2\/posts\/3327\/revisions"}],"predecessor-version":[{"id":3328,"href":"https:\/\/www.agriatv.hu\/index.php?rest_route=\/wp\/v2\/posts\/3327\/revisions\/3328"}],"wp:attachment":[{"href":"https:\/\/www.agriatv.hu\/index.php?rest_route=%2Fwp%2Fv2%2Fmedia&parent=3327"}],"wp:term":[{"taxonomy":"category","embeddable":true,"href":"https:\/\/www.agriatv.hu\/index.php?rest_route=%2Fwp%2Fv2%2Fcategories&post=3327"},{"taxonomy":"post_tag","embeddable":true,"href":"https:\/\/www.agriatv.hu\/index.php?rest_route=%2Fwp%2Fv2%2Ftags&post=3327"}],"curies":[{"name":"wp","href":"https:\/\/api.w.org\/{rel}","templated":true}]}}