{"id":333,"date":"2010-07-06T11:24:21","date_gmt":"2010-07-06T11:24:21","guid":{"rendered":"http:\/\/www.agriatv.hu\/?p=333"},"modified":"2010-07-06T11:24:21","modified_gmt":"2010-07-06T11:24:21","slug":"torvenykezesi-szunet-a-birosagokon","status":"publish","type":"post","link":"https:\/\/www.agriatv.hu\/?p=333","title":{"rendered":"T\u00f6rv\u00e9nykez\u00e9si sz\u00fcnet a b\u00edr\u00f3s\u00e1gokon"},"content":{"rendered":"<p class=\"cikkcikkei\">&nbsp;<\/p>\n<p><img decoding=\"async\" align=\"left\" class=\"kiskepcikkhez\" src=\"http:\/\/www.egriszin.hu\/RenderedContents\/IndexImages\/5\/5743-20100706103538-birosag.JPG\" title=\"\" \/><\/p>\n<p><b>T&ouml;rv&eacute;nykez&eacute;si sz&uuml;netet tartanak a Heves megy&eacute;ben m\u0171k&ouml;d\u0151 b&iacute;r&oacute;s&aacute;gokon 2010. j&uacute;lius 19-t\u0151l augusztus 27-ig. Az &uuml;gyf&eacute;lfogad&aacute;s a megszokott rendben t&ouml;rt&eacute;nik.<\/b><\/p>\n<div align=\"justify\">Ebben az id\u0151szakban t&aacute;rgyal&aacute;sok nem lesznek, azonban a t&aacute;rgyal&aacute;son k&iacute;v&uuml;li &uuml;gyint&eacute;z&eacute;s &uuml;gyeleti rendszerben v&aacute;ltozatlan marad &ndash; t&aacute;j&eacute;koztatta szerkeszt\u0151s&eacute;g&uuml;nket dr. Nyiri Be&aacute;ta, a Heves Megyei B&iacute;r&oacute;s&aacute;g eln&ouml;khelyettese. <\/div>\n<div align=\"justify\">&nbsp;2010. j&uacute;lius 15. napja a b&iacute;r&oacute;s&aacute;gokon munkasz&uuml;neti nap, ekkor az &uuml;gyint&eacute;z&eacute;s teljes eg&eacute;sz&eacute;ben sz&uuml;netel. A t&ouml;rv&eacute;nykez&eacute;si sz&uuml;net idej&eacute;n az egyes b&iacute;r&oacute;s&aacute;gok m\u0171k&ouml;d&eacute;s&eacute;vel kapcsolatos esetleg elt&eacute;r\u0151 v&aacute;ltoz&aacute;sokr&oacute;l az &uuml;gyfelek az egyes b&iacute;r&oacute;s&aacute;gok hirdet\u0151t&aacute;bl&aacute;ir&oacute;l &eacute;rtes&uuml;lhetnek.<\/div>\n<p>Forr&aacute;s: Egrisz&iacute;n<\/p>\n","protected":false},"excerpt":{"rendered":"<p>&nbsp;<\/p>\n<p>T&ouml;rv&eacute;nykez&eacute;si sz&uuml;netet tartanak a Heves megy&eacute;ben m\u0171k&ouml;d\u0151 b&iacute;r&oacute;s&aacute;gokon 2010. j&uacute;lius 19-t\u0151l augusztus 27-ig. Az &uuml;gyf&eacute;lfogad&aacute;s a megszokott rendben t&ouml;rt&eacute;nik.<br \/>\nEbben az id\u0151szakban t&aacute;rgyal&aacute;sok nem lesznek, azonban a t&aacute;rgyal&aacute;son k&iacute;v&uuml;li &uuml;gyint&eacute;z&eacute;s &uuml;gyeleti rendszerben v&aacute;ltozatlan marad &ndash; t&aacute;j&eacute;koztatta szerkeszt\u0151s&eacute;g&uuml;nket dr. Nyiri Be&aacute;ta, a Heves Megyei B&iacute;r&oacute;s&aacute;g eln&ouml;khelyettese.<br \/>\n&nbsp;2010. j&uacute;lius 15. napja a b&iacute;r&oacute;s&aacute;gokon munkasz&uuml;neti nap, ekkor az &uuml;gyint&eacute;z&eacute;s [&#8230;]<\/p>\n","protected":false},"author":4,"featured_media":0,"comment_status":"closed","ping_status":"open","sticky":false,"template":"","format":"standard","meta":{"footnotes":""},"categories":[6],"tags":[],"class_list":["post-333","post","type-post","status-publish","format-standard","hentry","category-belfold"],"_links":{"self":[{"href":"https:\/\/www.agriatv.hu\/index.php?rest_route=\/wp\/v2\/posts\/333","targetHints":{"allow":["GET"]}}],"collection":[{"href":"https:\/\/www.agriatv.hu\/index.php?rest_route=\/wp\/v2\/posts"}],"about":[{"href":"https:\/\/www.agriatv.hu\/index.php?rest_route=\/wp\/v2\/types\/post"}],"author":[{"embeddable":true,"href":"https:\/\/www.agriatv.hu\/index.php?rest_route=\/wp\/v2\/users\/4"}],"replies":[{"embeddable":true,"href":"https:\/\/www.agriatv.hu\/index.php?rest_route=%2Fwp%2Fv2%2Fcomments&post=333"}],"version-history":[{"count":1,"href":"https:\/\/www.agriatv.hu\/index.php?rest_route=\/wp\/v2\/posts\/333\/revisions"}],"predecessor-version":[{"id":334,"href":"https:\/\/www.agriatv.hu\/index.php?rest_route=\/wp\/v2\/posts\/333\/revisions\/334"}],"wp:attachment":[{"href":"https:\/\/www.agriatv.hu\/index.php?rest_route=%2Fwp%2Fv2%2Fmedia&parent=333"}],"wp:term":[{"taxonomy":"category","embeddable":true,"href":"https:\/\/www.agriatv.hu\/index.php?rest_route=%2Fwp%2Fv2%2Fcategories&post=333"},{"taxonomy":"post_tag","embeddable":true,"href":"https:\/\/www.agriatv.hu\/index.php?rest_route=%2Fwp%2Fv2%2Ftags&post=333"}],"curies":[{"name":"wp","href":"https:\/\/api.w.org\/{rel}","templated":true}]}}