{"id":335,"date":"2010-07-06T11:25:24","date_gmt":"2010-07-06T11:25:24","guid":{"rendered":"http:\/\/www.agriatv.hu\/?p=335"},"modified":"2010-07-06T11:28:07","modified_gmt":"2010-07-06T11:28:07","slug":"noveli-termeleset-a-zf-hungaria","status":"publish","type":"post","link":"https:\/\/www.agriatv.hu\/?p=335","title":{"rendered":"N\u00f6veli termel\u00e9s\u00e9t a ZF Hung\u00e1ria"},"content":{"rendered":"<p class=\"cikkcikkei\">&nbsp;<\/p>\n<p><img decoding=\"async\" align=\"left\" class=\"kiskepcikkhez\" src=\"http:\/\/www.egriszin.hu\/RenderedContents\/IndexImages\/5\/5744-20100706114345-SANY7855.JPG\" title=\"\" \/><\/p>\n<p><b>A b\u0151v&uuml;l\u0151 kereslet k&ouml;vetkezt&eacute;ben n&ouml;veli termel&eacute;s&eacute;t a r&eacute;gi&oacute;ban l&eacute;nyeges gazdas&aacute;gi t&eacute;nyez\u0151nek sz&aacute;m&iacute;t&oacute; ZF Hung&aacute;ria Egerben. A v&aacute;ls&aacute;got jelent\u0151s vesztes&eacute;ggel t&uacute;l&eacute;lt, sebess&eacute;gv&aacute;lt&oacute;kat gy&aacute;rt&oacute; v&aacute;llalat termel&eacute;se, a tervek szerint 40 %-kal n\u0151het a k&ouml;vetkez\u0151 k&eacute;t &eacute;vben, ami jelent\u0151s l&eacute;tsz&aacute;mb\u0151v&iacute;t&eacute;ssel is j&aacute;r. Az optimizmusra okot ad&oacute; mutat&oacute;k mellett, a k&ouml;zelj&ouml;v\u0151ben a besz&aacute;ll&iacute;t&oacute;k helyzete adhat okot aggodalomra hangzott el a ma reggeli t&aacute;j&eacute;koztat&oacute;n.<\/b><\/p>\n<p align=\"justify\">T&ouml;bb mint dr&aacute;mai volt a helyzet 2009-ben, hiszen az el\u0151z\u0151 &eacute;vi forgalom t&ouml;bb mint &ouml;tven sz&aacute;zal&eacute;k&aacute;t elvesztett&eacute;k, jelentette ki Dr. Ulrich Diller, a ZF Hung&aacute;ria Kft. eln&ouml;k-vez&eacute;rigazgat&oacute;ja a v&aacute;llalat aktu&aacute;lis gazdas&aacute;gi helyzet&eacute;r\u0151l &eacute;s a k&ouml;z&eacute;pt&aacute;v&uacute; tervekr\u0151l tartott besz&aacute;mol&oacute;j&aacute;ban. A ZF Hung&aacute;ri&aacute;t minden ter&uuml;leten &eacute;rintette a gazdas&aacute;gi v&aacute;ls&aacute;g, &eacute;s az 50 %-os forgalomcs&ouml;kken&eacute;s k&ouml;vetkezt&eacute;ben j&oacute; n&eacute;h&aacute;ny embert\u0151l meg kellett v&aacute;lni. R&ouml;vid&iacute;tett munkaid\u0151t vezettek be, de a dolgoz&oacute;k kies\u0151 fizet&eacute;s&eacute;nek fel&eacute;t t&aacute;mogatta a c&eacute;g, ezzel is seg&iacute;tve a v&aacute;ls&aacute;gos helyzet t&uacute;l&eacute;l&eacute;s&eacute;t.<\/p>\n<p align=\"justify\">A n&ouml;veked&eacute;s k&eacute;t komponens&eacute;t a megl&eacute;v\u0151 term&eacute;kek piaci helyzet&eacute;nek stabiliz&aacute;l&aacute;s&aacute;ban, a v&aacute;ls&aacute;g kifuttat&aacute;s&aacute;ban, valamint &uacute;j term&eacute;kek bevezet&eacute;s&eacute;ben fogalmazta meg a vezet\u0151. A k&ouml;z&eacute;pt&aacute;v&uacute; kil&aacute;t&aacute;sok javul&aacute;s&aacute;t sz&aacute;mokkal is &eacute;rz&eacute;keltette Diller &uacute;r. Az egri &uuml;zem 2008-ban 95 ezer sebess&eacute;gv&aacute;lt&oacute;t &aacute;ll&iacute;tott el\u0151, ami a kereslet visszaes&eacute;se miatt 2009-ben 45 ezerre cs&ouml;kkent, viszont az idei &eacute;vben m&aacute;r 80 ezerrel sz&aacute;molnak, &eacute;s 2011-re a v&aacute;ls&aacute;g el\u0151tti termel&eacute;st meghalad&oacute; sz&aacute;mok v&aacute;rhat&oacute;k. 2011-ben 119 ezer sebess&eacute;gv&aacute;lt&oacute; el\u0151&aacute;ll&iacute;t&aacute;sa a terv, 2012-ben pedig az elk&eacute;pzel&eacute;sek szerint a termel&eacute;s 40 %-kal meghaladja a 2008. &eacute;vit.<br \/>\n\tA forgalomban is hasonl&oacute; tendencia v&aacute;rhat&oacute;, a 2008-as 50 %-os visszaes&eacute;s&eacute; ut&aacute;n a ZF vezet&eacute;se azzal sz&aacute;mol, hogy ez a mutat&oacute; az idei &eacute;vben gyenge konjunkt&uacute;ra ellen&eacute;re, &uacute;jra el&eacute;ri a kor&aacute;bbit, s\u0151t 2011-ben meghaladja azt.<\/p>\n<p align=\"justify\">A 2010-ben 1167 munkat&aacute;rssal m\u0171k&ouml;d\u0151, a v&aacute;rosban legnagyobb munkaad&oacute;k&eacute;nt jelen l&eacute;v\u0151 v&aacute;llalatn&aacute;l komoly t&eacute;nyez\u0151 a 2009-ben drasztikus cs&ouml;kken&eacute;st meg&eacute;lt l&eacute;tsz&aacute;m k&eacute;rd&eacute;se. Az idei &eacute;vben 50 f\u0151vel, 2011-ig 100 f\u0151vel k&iacute;v&aacute;nja n&ouml;velni a dolgoz&oacute;k l&eacute;tsz&aacute;m&aacute;t a v&aacute;llalat. <br \/>\n\tA dolgoz&oacute;k &ouml;sszet&eacute;tele is fontos mutat&oacute;, a ZF nagy hangs&uacute;lyt helyez a k&eacute;pzetts&eacute;gre, amihez t&ouml;bb pill&eacute;ren &aacute;ll&oacute;, saj&aacute;t k&eacute;pz&eacute;si rendszer kialak&iacute;t&aacute;s&aacute;val biztos&iacute;tja az ut&aacute;np&oacute;tl&aacute;st. A 36 % szakmunk&aacute;s, 34 % k&ouml;z&eacute;pfok&uacute; v&eacute;gzetts&eacute;g\u0171 &eacute;s 28 % diplom&aacute;s &ouml;sszet&eacute;tel\u0171 v&aacute;llalat j&oacute; alapokon &aacute;ll.<br \/>\n\tA v&aacute;llalat vezet\u0151je kit&eacute;rt arra is, hogy v&aacute;ls&aacute;g ellen&eacute;re a ZF &aacute;ltal m\u0171k&ouml;dtetett szakk&eacute;pz&eacute;si rendszerben a 16 v&eacute;gzettb\u0151l t&iacute;z tanul&oacute;t vettek fel az alkalmazottak sor&aacute;ba.<br \/>\n\tA Bornemissza Gergely Szakk&eacute;pz\u0151 Int&eacute;zettel val&oacute; j&oacute; egy&uuml;tt m\u0171k&ouml;d&eacute;s r&eacute;v&eacute;n a v&aacute;llalat &ouml;szt&ouml;nd&iacute;jat biztos&iacute;t a tanul&oacute;knak. A gy&aacute;rban l&eacute;trehozott oktat&aacute;si r&eacute;szlegben a legmodernebb CNC vez&eacute;rl\u0151k programoz&aacute;s&aacute;t saj&aacute;t&iacute;thatj&aacute;k el a fiatalok, a gy&aacute;rt&oacute; &uuml;zemben pedig szakmai gyakorlaton ismerkednek meg a konkr&eacute;t feladatokkal.<br \/>\n\tA m&eacute;rn&ouml;kut&aacute;np&oacute;tl&aacute;s biztos&iacute;t&aacute;s&aacute;ra a Miskolci Egyetemmel m\u0171k&ouml;dik egy&uuml;tt a c&eacute;g, ahonnan a technol&oacute;giai, min\u0151s&eacute;g&uuml;gyi, logisztikai &eacute;s konstrukci&oacute;s szakter&uuml;letekre helyeznek el fiatalokat.<\/p>\n<p align=\"justify\">A v&aacute;ls&aacute;gb&oacute;l val&oacute; kijut&aacute;s egyik t&eacute;tje a besz&aacute;ll&iacute;t&oacute;kkal val&oacute; kapcsolat, hiszen a ZF Hung&aacute;ria &aacute;ltal gy&aacute;rtott sebess&eacute;gv&aacute;lt&oacute;kban t&ouml;bb mint 50 % a v&aacute;s&aacute;rolt alkatr&eacute;sz. Mindk&eacute;t felet komoly k&aacute;rok &eacute;rt&eacute;k a v&aacute;ls&aacute;gban, &eacute;s aggodalomra adhat okot a tov&aacute;bbi t&ouml;bb ezer embernek munk&aacute;t ad&oacute; besz&aacute;ll&iacute;t&oacute;k helyzete, akik mell&eacute; Diller szerint a bankoknak &eacute;s az &aacute;llamnak kellene &aacute;llni. A besz&aacute;ll&iacute;t&oacute;k nem tudj&aacute;k maguk megoldani a probl&eacute;m&aacute;t, k&ouml;z&ouml;sen kell finansz&iacute;rozni a fellend&uuml;l&eacute;st.<br \/>\n\tA ZF meg tudta tartani financi&aacute;lis egyens&uacute;ly&aacute;t, de okkal f&eacute;lhet, hogy a besz&aacute;ll&iacute;t&oacute;k talpon tudnak-e maradni. Intelligensen kell kezelni a jelenleg biztat&oacute;nak t\u0171n\u0151 kiindul&aacute;si helyzetet, jelentette ki a ZF Hung&aacute;ria vezet\u0151je.<br \/>\n\tA fejleszt&eacute;si egys&eacute;gk&eacute;nt is funkcion&aacute;l&oacute; ZF tervei k&ouml;z&ouml;tt szerepel egy nagyszab&aacute;s&uacute; projekt K&iacute;n&aacute;ban, &uacute;j term&eacute;keket gy&aacute;rt&oacute; sebess&eacute;gv&aacute;lt&oacute; szerel\u0151sor &eacute;s besz&aacute;ll&iacute;t&oacute;i t&aacute;mogat&oacute;csoport fejleszt&eacute;ssel.<\/p>\n<p align=\"justify\">Forr&aacute;s: egrisz&iacute;n<\/p>\n","protected":false},"excerpt":{"rendered":"<p>&nbsp;<\/p>\n<p>A b\u0151v&uuml;l\u0151 kereslet k&ouml;vetkezt&eacute;ben n&ouml;veli termel&eacute;s&eacute;t a r&eacute;gi&oacute;ban l&eacute;nyeges gazdas&aacute;gi t&eacute;nyez\u0151nek sz&aacute;m&iacute;t&oacute; ZF Hung&aacute;ria Egerben. A v&aacute;ls&aacute;got jelent\u0151s vesztes&eacute;ggel t&uacute;l&eacute;lt, sebess&eacute;gv&aacute;lt&oacute;kat gy&aacute;rt&oacute; v&aacute;llalat termel&eacute;se, a tervek szerint 40 %-kal n\u0151het a k&ouml;vetkez\u0151 k&eacute;t &eacute;vben, ami jelent\u0151s l&eacute;tsz&aacute;mb\u0151v&iacute;t&eacute;ssel is j&aacute;r. Az optimizmusra okot ad&oacute; mutat&oacute;k mellett, a k&ouml;zelj&ouml;v\u0151ben a besz&aacute;ll&iacute;t&oacute;k helyzete adhat okot aggodalomra hangzott el [&#8230;]<\/p>\n","protected":false},"author":4,"featured_media":0,"comment_status":"closed","ping_status":"open","sticky":false,"template":"","format":"standard","meta":{"footnotes":""},"categories":[6],"tags":[],"class_list":["post-335","post","type-post","status-publish","format-standard","hentry","category-belfold"],"_links":{"self":[{"href":"https:\/\/www.agriatv.hu\/index.php?rest_route=\/wp\/v2\/posts\/335","targetHints":{"allow":["GET"]}}],"collection":[{"href":"https:\/\/www.agriatv.hu\/index.php?rest_route=\/wp\/v2\/posts"}],"about":[{"href":"https:\/\/www.agriatv.hu\/index.php?rest_route=\/wp\/v2\/types\/post"}],"author":[{"embeddable":true,"href":"https:\/\/www.agriatv.hu\/index.php?rest_route=\/wp\/v2\/users\/4"}],"replies":[{"embeddable":true,"href":"https:\/\/www.agriatv.hu\/index.php?rest_route=%2Fwp%2Fv2%2Fcomments&post=335"}],"version-history":[{"count":2,"href":"https:\/\/www.agriatv.hu\/index.php?rest_route=\/wp\/v2\/posts\/335\/revisions"}],"predecessor-version":[{"id":337,"href":"https:\/\/www.agriatv.hu\/index.php?rest_route=\/wp\/v2\/posts\/335\/revisions\/337"}],"wp:attachment":[{"href":"https:\/\/www.agriatv.hu\/index.php?rest_route=%2Fwp%2Fv2%2Fmedia&parent=335"}],"wp:term":[{"taxonomy":"category","embeddable":true,"href":"https:\/\/www.agriatv.hu\/index.php?rest_route=%2Fwp%2Fv2%2Fcategories&post=335"},{"taxonomy":"post_tag","embeddable":true,"href":"https:\/\/www.agriatv.hu\/index.php?rest_route=%2Fwp%2Fv2%2Ftags&post=335"}],"curies":[{"name":"wp","href":"https:\/\/api.w.org\/{rel}","templated":true}]}}