{"id":3361,"date":"2011-02-02T20:24:56","date_gmt":"2011-02-02T20:24:56","guid":{"rendered":"http:\/\/www.agriatv.hu\/?p=3361"},"modified":"2011-02-02T20:25:49","modified_gmt":"2011-02-02T20:25:49","slug":"tehetsegkutato-verseny-idegen-nyelven","status":"publish","type":"post","link":"https:\/\/www.agriatv.hu\/?p=3361","title":{"rendered":"Tehets\u00e9gkutat\u00f3 verseny idegen nyelven"},"content":{"rendered":"<p class=\"cikkcikkei\">\n<p><img loading=\"lazy\" decoding=\"async\" class=\"kiskepcikkhez alignleft\" src=\"http:\/\/www.egriszin.hu\/RenderedContents\/IndexImages\/7\/7227-20110202125054-telcjunior.jpg\" alt=\"\" width=\"150\" height=\"119\" \/><\/p>\n<p><strong>Fels\u0151 tagozatos \u00e1ltal\u00e1nos iskol\u00e1sok \u00e9s K\u00f6z\u00e9piskol\u00e1sok r\u00e9sz\u00e9re szerveznek idegen nyelvi tehets\u00e9gkutat\u00f3 versenyt Egerben, angol, n\u00e9met, spanyol, francia \u00e9s olasz nyelven.<\/strong><\/p>\n<div>TIT TELC Nyelvvizsgak\u00f6zpont \u00e9s egy egri nyelviskola k\u00e9t kateg\u00f3ri\u00e1ban hirdetett meg tehets\u00e9gkutat\u00f3 versenyt, melyre febru\u00e1r 8-ig lehet jelentkezni. Junior kateg\u00f3ri\u00e1ba az \u00e1ltal\u00e1nos iskola fels\u0151 tagozat\u00e1nak di\u00e1kjait magasabb kateg\u00f3ri\u00e1ban a k\u00f6z\u00e9piskol\u00e1sok jelentkez\u00e9s\u00e9t v\u00e1rj\u00e1k. A verseny egy komplett pr\u00f3banyelvvizsg\u00e1val \u00e9r fel, ahol az els\u0151 fordul\u00f3ban \u00edr\u00e1sbeli feladatokat kell megoldani, illetve a di\u00e1kok hall\u00e1s ut\u00e1ni meg\u00e9rt\u00e9s\u00e9t m\u00e9rik. Majd egy h\u00e9ttel k\u00e9s\u0151bb minden kateg\u00f3ri\u00e1ban a legjobb 10 versenyz\u0151 sz\u00f3beli k\u00e9pess\u00e9geit is kipr\u00f3b\u00e1lhatja nyelvtan\u00e1rok el\u0151tt nyelvvizsga szitu\u00e1ci\u00f3ban.<\/p>\n<p>Aj\u00e1nlj\u00e1k minden nyelvvizsg\u00e1z\u00f3nak \u00e9s felk\u00e9sz\u00edt\u0151 tan\u00e1rnak. Term\u00e9szetesen nemcsak a TELC vizsg\u00e1ra k\u00e9sz\u00fcl\u0151k profit\u00e1lhatnak a versenyb\u0151l, hanem mindenki, aki szeretn\u00e9 kipr\u00f3b\u00e1lni a nyelvtud\u00e1s\u00e1t. A versenyt B1, B2, C1 (alap,- k\u00f6z\u00e9p,- \u00e9s fels\u0151fok\u00fa) szinteken ANGOL, N\u00c9MET, SPANYOL, OLASZ \u00e9s FRANCIA nyelvekb\u0151l rendezik.<\/p>\n<\/div>\n<p>Jelentkezni lehet Egerben a Katedra Nyelviskol\u00e1ban, a Brody S\u00e1ndor K\u00f6nyvt\u00e1rban vagy az iskol\u00e1kban a nyelvtan\u00e1rokn\u00e1l.<\/p>\n<p>Forr\u00e1s: <a href=\"http:\/\/egriszin.hu\">Egrisz\u00edn<\/a><\/p>\n","protected":false},"excerpt":{"rendered":"<p>Fels\u0151 tagozatos \u00e1ltal\u00e1nos iskol\u00e1sok \u00e9s K\u00f6z\u00e9piskol\u00e1sok r\u00e9sz\u00e9re szerveznek idegen nyelvi tehets\u00e9gkutat\u00f3 versenyt Egerben, angol, n\u00e9met, spanyol, francia \u00e9s olasz nyelven.<br \/>\nTIT TELC Nyelvvizsgak\u00f6zpont \u00e9s egy egri nyelviskola k\u00e9t kateg\u00f3ri\u00e1ban hirdetett meg tehets\u00e9gkutat\u00f3 versenyt, melyre febru\u00e1r 8-ig lehet jelentkezni. Junior kateg\u00f3ri\u00e1ba az \u00e1ltal\u00e1nos iskola fels\u0151 tagozat\u00e1nak di\u00e1kjait magasabb kateg\u00f3ri\u00e1ban a k\u00f6z\u00e9piskol\u00e1sok jelentkez\u00e9s\u00e9t v\u00e1rj\u00e1k. A verseny egy komplett [&#8230;]<\/p>\n","protected":false},"author":4,"featured_media":0,"comment_status":"open","ping_status":"closed","sticky":false,"template":"","format":"standard","meta":{"footnotes":""},"categories":[9],"tags":[],"class_list":["post-3361","post","type-post","status-publish","format-standard","hentry","category-oktatas"],"_links":{"self":[{"href":"https:\/\/www.agriatv.hu\/index.php?rest_route=\/wp\/v2\/posts\/3361","targetHints":{"allow":["GET"]}}],"collection":[{"href":"https:\/\/www.agriatv.hu\/index.php?rest_route=\/wp\/v2\/posts"}],"about":[{"href":"https:\/\/www.agriatv.hu\/index.php?rest_route=\/wp\/v2\/types\/post"}],"author":[{"embeddable":true,"href":"https:\/\/www.agriatv.hu\/index.php?rest_route=\/wp\/v2\/users\/4"}],"replies":[{"embeddable":true,"href":"https:\/\/www.agriatv.hu\/index.php?rest_route=%2Fwp%2Fv2%2Fcomments&post=3361"}],"version-history":[{"count":3,"href":"https:\/\/www.agriatv.hu\/index.php?rest_route=\/wp\/v2\/posts\/3361\/revisions"}],"predecessor-version":[{"id":3365,"href":"https:\/\/www.agriatv.hu\/index.php?rest_route=\/wp\/v2\/posts\/3361\/revisions\/3365"}],"wp:attachment":[{"href":"https:\/\/www.agriatv.hu\/index.php?rest_route=%2Fwp%2Fv2%2Fmedia&parent=3361"}],"wp:term":[{"taxonomy":"category","embeddable":true,"href":"https:\/\/www.agriatv.hu\/index.php?rest_route=%2Fwp%2Fv2%2Fcategories&post=3361"},{"taxonomy":"post_tag","embeddable":true,"href":"https:\/\/www.agriatv.hu\/index.php?rest_route=%2Fwp%2Fv2%2Ftags&post=3361"}],"curies":[{"name":"wp","href":"https:\/\/api.w.org\/{rel}","templated":true}]}}