{"id":3366,"date":"2011-02-02T20:31:49","date_gmt":"2011-02-02T20:31:49","guid":{"rendered":"http:\/\/www.agriatv.hu\/?p=3366"},"modified":"2011-02-02T20:31:49","modified_gmt":"2011-02-02T20:31:49","slug":"harom-dijat-is-elnyertek-a-megyei-szakemberek","status":"publish","type":"post","link":"https:\/\/www.agriatv.hu\/?p=3366","title":{"rendered":"H\u00e1rom d\u00edjat is elnyertek a megyei szakemberek"},"content":{"rendered":"<p><strong>A Turizmus Kft. hagyom\u00e1nyos \u00e9vadnyit\u00f3 fogad\u00e1s\u00e1n vehett\u00e9k \u00e1t az elismer\u00e9seket a turisztikai szakmai szervezetek d\u00edjazottjai. <\/strong>Az \u00e9v idegenforgalmi oktat\u00f3ja c\u00edmet <strong>D\u00e1vid L\u00f3r\u00e1nt D\u00e9nesnek<\/strong>, a gy\u00f6ngy\u00f6si K\u00e1roly R\u00f3bert F\u0151iskola tan\u00e1r\u00e1nak \u00edt\u00e9lt\u00e9k oda. <a href=\"http:\/\/www.heol.hu\/heves\/kozelet\/jatekkal-kezdi-a-napot-az-ev-szallodasa-350264\" target=\"_blank\"><strong>Harmati L\u00e1szl\u00f3<\/strong> <\/a>a Hotel Eger &amp; Park t\u00e1rstulajdonos \u00fcgyvezet\u0151jek\u00e9nt Az \u00e9v sz\u00e1llod\u00e1sa, a Hotel Nar\u00e1d &amp; Park t\u00e1rstulajdonos \u00fcgyvezet\u0151jek\u00e9nt Az \u00e9v turisztikai befektet\u0151je vid\u00e9ken elismer\u00e9sben r\u00e9szes\u00fclt.<\/p>\n<p>A tov\u00e1bbi d\u00edjazottak:<\/p>\n<p>Az \u00e9v Tourinform-munkat\u00e1rsa <strong>Bocsi Andrea<\/strong>, a Tourinform Duna\u00fajv\u00e1ros vezet\u0151je<br \/>\nAz \u00e9v Tourinform-fenntart\u00f3ja <strong>Borkai Zsolt<\/strong>, Gy\u0151r Megyei jog\u00fa V\u00e1ros polg\u00e1rmestere<br \/>\nAz \u00e9v aut\u00f3k\u00f6lcs\u00f6nz\u0151je <strong>F\u00e1s M\u00e1rta<\/strong>, a HERTZ nemzetk\u00f6zi rezerv\u00e1ci\u00f3sa<br \/>\nAz \u00e9v vend\u00e9gl\u00e1t\u00f3ja <strong>Garaczi J\u00e1nos<\/strong>, a Tanyacs\u00e1rda tulajdonos \u00fcgyvezet\u0151je<br \/>\nAz \u00e9v kempingese <strong>Hujber Jen\u0151<\/strong>, a Nagyat\u00e1di Castrum Term\u00e1lkemping vezet\u0151je<br \/>\nAz \u00e9v turisztikai \u00fajs\u00e1g\u00edr\u00f3ja <strong>Hunyor Erna Szofia<\/strong>, a Magyar H\u00edrlap szerkeszt\u0151-\u00fajs\u00e1g\u00edr\u00f3ja<br \/>\nAz \u00e9v turisztikai munkaad\u00f3ja <strong>Kir\u00e1ly Istv\u00e1n<\/strong>, a Kult Turist \u00fcgyvezet\u0151 igazgat\u00f3ja<br \/>\nAz \u00e9v aut\u00f3buszos sz\u00e1ll\u00edt\u00f3ja <strong>Ko\u00f3s L\u00e1szl\u00f3<\/strong>, az esztergomi k\u00f6z\u00fati v\u00e1rosn\u00e9z\u0151 &#8222;kisvonat&#8221; \u00fczemeltet\u0151je<br \/>\nAz \u00e9v idegenvezet\u0151je <strong>L\u00f3sy G\u00e9za<\/strong>, a Trocadero Utaz\u00e1si Iroda t\u00e1rstulajdonosa<br \/>\nAz \u00e9v rendezv\u00e9nyszolg\u00e1ltat\u00f3ja <strong>Makray Bal\u00e1zs<\/strong>, a F\u0151nix Rendezv\u00e9nyszervez\u0151 Nonprofit Kft. \u00fcgyvezet\u0151 igazgat\u00f3ja<br \/>\nAz \u00e9v rep\u00fcl\u0151jegy-\u00e9rt\u00e9kes\u00edt\u0151je <strong>Nemecz Krisztina<\/strong>, a United4 M&amp;M Exclusive Tours rep\u00fcl\u0151jegy-\u00e9rt\u00e9kes\u00edt\u0151je<br \/>\nAz \u00e9v utaz\u00e1si irod\u00e1sa <strong>Ribi P\u00e9ter<\/strong>, a Feh\u00e9rv\u00e1r Travel \u00fcgyvezet\u0151 igazgat\u00f3ja<br \/>\nAz \u00e9v rendezv\u00e9nyszervez\u0151je <strong>Rub\u00e1nyi \u00c1gnes<\/strong> (posztumusz)<br \/>\nAz \u00e9v turisztikai befektet\u0151i Budapesten <strong>Sameer Hamdan<\/strong> \u00e9s <strong>Awad Zuhair<\/strong>, a Mellow Mood Group t\u00e1rstulajdonos \u00fcgyvezet\u0151i<br \/>\nAz \u00e9v gasztron\u00f3musa <strong>Zila L\u00e1szl\u00f3<\/strong>, a Zila K\u00e1v\u00e9h\u00e1z \u00e9s \u00c9tterem tulajdonosa.<\/p>\n<p>Forr\u00e1s: HEOL<\/p>\n","protected":false},"excerpt":{"rendered":"<p>A Turizmus Kft. hagyom\u00e1nyos \u00e9vadnyit\u00f3 fogad\u00e1s\u00e1n vehett\u00e9k \u00e1t az elismer\u00e9seket a turisztikai szakmai szervezetek d\u00edjazottjai. Az \u00e9v idegenforgalmi oktat\u00f3ja c\u00edmet D\u00e1vid L\u00f3r\u00e1nt D\u00e9nesnek, a gy\u00f6ngy\u00f6si K\u00e1roly R\u00f3bert F\u0151iskola tan\u00e1r\u00e1nak \u00edt\u00e9lt\u00e9k oda. Harmati L\u00e1szl\u00f3 a Hotel Eger &amp; Park t\u00e1rstulajdonos \u00fcgyvezet\u0151jek\u00e9nt Az \u00e9v sz\u00e1llod\u00e1sa, a Hotel Nar\u00e1d &amp; Park t\u00e1rstulajdonos \u00fcgyvezet\u0151jek\u00e9nt Az \u00e9v turisztikai befektet\u0151je vid\u00e9ken [&#8230;]<\/p>\n","protected":false},"author":4,"featured_media":0,"comment_status":"open","ping_status":"closed","sticky":false,"template":"","format":"standard","meta":{"footnotes":""},"categories":[6],"tags":[],"class_list":["post-3366","post","type-post","status-publish","format-standard","hentry","category-belfold"],"_links":{"self":[{"href":"https:\/\/www.agriatv.hu\/index.php?rest_route=\/wp\/v2\/posts\/3366","targetHints":{"allow":["GET"]}}],"collection":[{"href":"https:\/\/www.agriatv.hu\/index.php?rest_route=\/wp\/v2\/posts"}],"about":[{"href":"https:\/\/www.agriatv.hu\/index.php?rest_route=\/wp\/v2\/types\/post"}],"author":[{"embeddable":true,"href":"https:\/\/www.agriatv.hu\/index.php?rest_route=\/wp\/v2\/users\/4"}],"replies":[{"embeddable":true,"href":"https:\/\/www.agriatv.hu\/index.php?rest_route=%2Fwp%2Fv2%2Fcomments&post=3366"}],"version-history":[{"count":2,"href":"https:\/\/www.agriatv.hu\/index.php?rest_route=\/wp\/v2\/posts\/3366\/revisions"}],"predecessor-version":[{"id":3368,"href":"https:\/\/www.agriatv.hu\/index.php?rest_route=\/wp\/v2\/posts\/3366\/revisions\/3368"}],"wp:attachment":[{"href":"https:\/\/www.agriatv.hu\/index.php?rest_route=%2Fwp%2Fv2%2Fmedia&parent=3366"}],"wp:term":[{"taxonomy":"category","embeddable":true,"href":"https:\/\/www.agriatv.hu\/index.php?rest_route=%2Fwp%2Fv2%2Fcategories&post=3366"},{"taxonomy":"post_tag","embeddable":true,"href":"https:\/\/www.agriatv.hu\/index.php?rest_route=%2Fwp%2Fv2%2Ftags&post=3366"}],"curies":[{"name":"wp","href":"https:\/\/api.w.org\/{rel}","templated":true}]}}