{"id":339,"date":"2010-07-06T13:53:45","date_gmt":"2010-07-06T13:53:45","guid":{"rendered":"http:\/\/www.agriatv.hu\/?p=339"},"modified":"2010-07-06T13:53:45","modified_gmt":"2010-07-06T13:53:45","slug":"strandroplabda-az-egri-strandon","status":"publish","type":"post","link":"https:\/\/www.agriatv.hu\/?p=339","title":{"rendered":"Strandr\u00f6plabda az egri strandon"},"content":{"rendered":"<p class=\"cikkcikkei\">&nbsp;<\/p>\n<p><img decoding=\"async\" align=\"left\" class=\"kiskepcikkhez\" src=\"http:\/\/www.egriszin.hu\/RenderedContents\/IndexImages\/5\/5747-20100706135933-strandropi.JPG\" title=\"\" \/><\/p>\n<p><b>Ny&iacute;lt p&aacute;ros strandr&ouml;plabda-versenynek ad otthont szombaton az egri strand. A 9 &oacute;rakor kezd\u0151d\u0151 esem&eacute;nyre 20-30 p&aacute;ros nevez&eacute;s&eacute;t v&aacute;rja a szervez\u0151 Heves Megyei R&ouml;plabda Sz&ouml;vets&eacute;g.<\/b><\/p>\n<p>Az eg&eacute;sz r&ouml;plabda sport&aacute;gat is hivatott n&eacute;pszer\u0171s&iacute;teni az amat\u0151r&ouml;k r&eacute;sz&eacute;re ki&iacute;rt viadal, melyre j&uacute;lius 8-&aacute;n, 18 &eacute;s 20 &oacute;ra k&ouml;z&ouml;tt lehet nevezni a sz&ouml;vets&eacute;g titk&aacute;r&aacute;n&aacute;l, Zvara J&oacute;zsefn&eacute;l (06-20\/526&ndash;4526). Akik ebben az id\u0151pontban jelzik r&eacute;szv&eacute;teli sz&aacute;nd&eacute;kukat, azok ingyen juthatnak be a strand ter&uuml;let&eacute;re. Az el\u0151rejelz&eacute;sek szerint az id\u0151j&aacute;r&aacute;s is kedvez majd a sportesem&eacute;nynek, a meteorol&oacute;gusok 32-33 Celsius fokos h\u0151m&eacute;rs&eacute;kletet &iacute;g&eacute;rnek a h&eacute;tv&eacute;g&eacute;re. Akik csak ezen a napon d&ouml;nten&eacute;k el, hogy megv&aacute;ltott jegy&uuml;kkel kil&aacute;togatnak az Egri Term&aacute;l &eacute;s Strandf&uuml;rd\u0151be &eacute;s kedvet kapnak a j&aacute;t&eacute;khoz, adott esetben m&eacute;g a helysz&iacute;nen is nevezhetnek.<\/p>\n<p>Forr&aacute;s: Egrisz&iacute;n<\/p>\n","protected":false},"excerpt":{"rendered":"<p>&nbsp;<\/p>\n<p>Ny&iacute;lt p&aacute;ros strandr&ouml;plabda-versenynek ad otthont szombaton az egri strand. A 9 &oacute;rakor kezd\u0151d\u0151 esem&eacute;nyre 20-30 p&aacute;ros nevez&eacute;s&eacute;t v&aacute;rja a szervez\u0151 Heves Megyei R&ouml;plabda Sz&ouml;vets&eacute;g.<br \/>\nAz eg&eacute;sz r&ouml;plabda sport&aacute;gat is hivatott n&eacute;pszer\u0171s&iacute;teni az amat\u0151r&ouml;k r&eacute;sz&eacute;re ki&iacute;rt viadal, melyre j&uacute;lius 8-&aacute;n, 18 &eacute;s 20 &oacute;ra k&ouml;z&ouml;tt lehet nevezni a sz&ouml;vets&eacute;g titk&aacute;r&aacute;n&aacute;l, Zvara J&oacute;zsefn&eacute;l (06-20\/526&ndash;4526). Akik ebben az id\u0151pontban [&#8230;]<\/p>\n","protected":false},"author":4,"featured_media":0,"comment_status":"closed","ping_status":"open","sticky":false,"template":"","format":"standard","meta":{"footnotes":""},"categories":[4],"tags":[],"class_list":["post-339","post","type-post","status-publish","format-standard","hentry","category-szabadido"],"_links":{"self":[{"href":"https:\/\/www.agriatv.hu\/index.php?rest_route=\/wp\/v2\/posts\/339","targetHints":{"allow":["GET"]}}],"collection":[{"href":"https:\/\/www.agriatv.hu\/index.php?rest_route=\/wp\/v2\/posts"}],"about":[{"href":"https:\/\/www.agriatv.hu\/index.php?rest_route=\/wp\/v2\/types\/post"}],"author":[{"embeddable":true,"href":"https:\/\/www.agriatv.hu\/index.php?rest_route=\/wp\/v2\/users\/4"}],"replies":[{"embeddable":true,"href":"https:\/\/www.agriatv.hu\/index.php?rest_route=%2Fwp%2Fv2%2Fcomments&post=339"}],"version-history":[{"count":1,"href":"https:\/\/www.agriatv.hu\/index.php?rest_route=\/wp\/v2\/posts\/339\/revisions"}],"predecessor-version":[{"id":340,"href":"https:\/\/www.agriatv.hu\/index.php?rest_route=\/wp\/v2\/posts\/339\/revisions\/340"}],"wp:attachment":[{"href":"https:\/\/www.agriatv.hu\/index.php?rest_route=%2Fwp%2Fv2%2Fmedia&parent=339"}],"wp:term":[{"taxonomy":"category","embeddable":true,"href":"https:\/\/www.agriatv.hu\/index.php?rest_route=%2Fwp%2Fv2%2Fcategories&post=339"},{"taxonomy":"post_tag","embeddable":true,"href":"https:\/\/www.agriatv.hu\/index.php?rest_route=%2Fwp%2Fv2%2Ftags&post=339"}],"curies":[{"name":"wp","href":"https:\/\/api.w.org\/{rel}","templated":true}]}}