{"id":3400,"date":"2011-02-06T13:45:36","date_gmt":"2011-02-06T13:45:36","guid":{"rendered":"http:\/\/www.agriatv.hu\/?p=3400"},"modified":"2011-02-06T13:45:36","modified_gmt":"2011-02-06T13:45:36","slug":"szorakozohelyeken-tartott-ejjeli-razziat-tobb-hatosag","status":"publish","type":"post","link":"https:\/\/www.agriatv.hu\/?p=3400","title":{"rendered":"Sz\u00f3rakoz\u00f3helyeken tartott \u00e9jjeli razzi\u00e1t t\u00f6bb hat\u00f3s\u00e1g"},"content":{"rendered":"<p><strong><a href=\"https:\/\/www.agriatv.hu\/wp-content\/uploads\/2011\/02\/0205razzia_v.jpg\"><img loading=\"lazy\" decoding=\"async\" class=\"alignleft size-medium wp-image-3401\" title=\"0205razzia_v\" src=\"https:\/\/www.agriatv.hu\/wp-content\/uploads\/2011\/02\/0205razzia_v-300x240.jpg\" alt=\"\" width=\"137\" height=\"109\" srcset=\"https:\/\/www.agriatv.hu\/wp-content\/uploads\/2011\/02\/0205razzia_v-300x240.jpg 300w, https:\/\/www.agriatv.hu\/wp-content\/uploads\/2011\/02\/0205razzia_v.jpg 720w\" sizes=\"auto, (max-width: 137px) 100vw, 137px\" \/><\/a>A rend\u0151rs\u00e9g, a katasztr\u00f3fav\u00e9delem \u00e9s a Heves Megyei  Korm\u00e1nyhivatal szervezet\u00e9n bel\u00fcli t\u00e1rshat\u00f3s\u00e1gok tartottak nagyszab\u00e1s\u00fa  ellen\u0151rz\u00e9st szombaton \u00e9jjel Eger \u00f6t sz\u00f3rakoz\u00f3hely\u00e9n.<\/strong><\/p>\n<p><strong>Horv\u00e1th L\u00e1szl\u00f3<\/strong> korm\u00e1nymegb\u00edzott szerint az eg\u00e9sz akci\u00f3 c\u00e9lja az ifj\u00fas\u00e1gi sz\u00f3rakoz\u00f3helyek biztons\u00e1gos m\u0171k\u00f6d\u00e9s\u00e9nek ellen\u0151rz\u00e9se volt. Az akci\u00f3 megkezd\u00e9se el\u0151tt a korm\u00e1nybiztos kifejtette: rem\u00e9li, hogy mindent rendben tal\u00e1lnak, teh\u00e1t nem valami ellen, hanem valami\u00e9rt van ez az este. &#8211; Arr\u00f3l szeretn\u00e9nk bizonyoss\u00e1got szerezni, hogy igenis Egerben rendben m\u0171k\u00f6dnek \u00e9s biztons\u00e1gosan \u00fczemelnek ezek a sz\u00f3rakoz\u00f3helyek. Mert sok minden \u00e9rdek van, de a legels\u0151 \u00e9s legfontosabb \u00e9rdek a fiatalok biztons\u00e1ga &#8211; fogalmazott.<\/p>\n<p>&#8211; Az ellen\u0151rz\u00e9s eredm\u00e9nyeinek ki\u00e9rt\u00e9kel\u00e9se tart, de \u00f6r\u00f6mmel vettem, hogy olyan s\u00falyos probl\u00e9ma nem volt, ami az azonnali bez\u00e1r\u00e1st eredm\u00e9nyezte volna &#8211; mondotta m\u00e1r vas\u00e1rnap Horv\u00e1th L\u00e1szl\u00f3, akit\u0151l megtudtuk: t\u0171zv\u00e9delmi hi\u00e1nyoss\u00e1gok miatt ugyanakkor k\u00e9t sz\u00f3rakoz\u00f3hely m\u0171k\u00f6d\u00e9s\u00e9nek korl\u00e1toz\u00e1s\u00e1t (bez\u00e1r\u00e1s\u00e1t)\u00a0kezdem\u00e9nyezik h\u00e9tf\u0151n.<\/p>\n<p>K\u00e9rd\u00e9s\u00fcnkre a korm\u00e1nybiztos elmondta: szem\u00e9lyesen is r\u00e9szt vett az ellen\u0151rz\u00e9seken, k\u00e1b\u00edt\u00f3szer fogyaszt\u00e1ssal, b\u0171ncselekm\u00e9nyre utal\u00f3 jelekkel nem tal\u00e1lkozott.<\/p>\n<p>Forr\u00e1s: HEOL<\/p>\n<div class=\"wordtube\">\n<div class=\"wordtube single208\" id=\"WT1_1\" style=\"width:320px; height:240px;\">\n<a href=\"http:\/\/www.macromedia.com\/go\/getflashplayer\">Get the Flash Player<\/a> to see the wordTube Media Player.\n<\/div><\/div>\n\t<script type=\"text\/javascript\" defer=\"defer\">\nvar WT1_1 = {\n\tparams : {\n\t\twmode : \"opaque\",\n\t\tallowscriptaccess : \"always\",\n\t\tallownetworking : \"all\",\n\t\tallowfullscreen : \"true\"},\n\tflashvars : {\n\t\tfile : \"http%3A%2F%2Fwww.agriatv.hu%2Fwp-content%2Fuploads%2F2011%2F02%2F0205razzia.flv\",\n\t\tvolume : \"80\",\n\t\tbufferlength : \"5\",\n\t\tquality : \"false\",\n\t\t'logo.hide' : \"false\",\n\t\timage : \"http%3A%2F%2Fwww.agriatv.hu%2Fwp-content%2Fuploads%2F2011%2F02%2F0205razzia.jpg\",\n\t\ttitle : \"0205razzia.flv\",\n\t\tlinktarget : \"_self\"},\n\tattr : {\n\t\tid : \"WT1\",\n\t\tname : \"WT1\"},\n\tstart : function() {\n\t\tswfobject.embedSWF(\"https:\/\/www.agriatv.hu\/\/player.swf\", \"WT1_1\", \"320\", \"240\", \"9.0.0\", false, this.flashvars, this.params , this.attr );\n\t}\n}\nWT1_1.start();\n\t<\/script>\n\n","protected":false},"excerpt":{"rendered":"<p>A rend\u0151rs\u00e9g, a katasztr\u00f3fav\u00e9delem \u00e9s a Heves Megyei  Korm\u00e1nyhivatal szervezet\u00e9n bel\u00fcli t\u00e1rshat\u00f3s\u00e1gok tartottak nagyszab\u00e1s\u00fa  ellen\u0151rz\u00e9st szombaton \u00e9jjel Eger \u00f6t sz\u00f3rakoz\u00f3hely\u00e9n.<br \/>\nHorv\u00e1th L\u00e1szl\u00f3 korm\u00e1nymegb\u00edzott szerint az eg\u00e9sz akci\u00f3 c\u00e9lja az ifj\u00fas\u00e1gi sz\u00f3rakoz\u00f3helyek biztons\u00e1gos m\u0171k\u00f6d\u00e9s\u00e9nek ellen\u0151rz\u00e9se volt. Az akci\u00f3 megkezd\u00e9se el\u0151tt a korm\u00e1nybiztos kifejtette: rem\u00e9li, hogy mindent rendben tal\u00e1lnak, teh\u00e1t nem valami ellen, hanem valami\u00e9rt van [&#8230;]<\/p>\n","protected":false},"author":4,"featured_media":0,"comment_status":"open","ping_status":"closed","sticky":false,"template":"","format":"standard","meta":{"footnotes":""},"categories":[5],"tags":[],"class_list":["post-3400","post","type-post","status-publish","format-standard","hentry","category-kek-hirek"],"_links":{"self":[{"href":"https:\/\/www.agriatv.hu\/index.php?rest_route=\/wp\/v2\/posts\/3400","targetHints":{"allow":["GET"]}}],"collection":[{"href":"https:\/\/www.agriatv.hu\/index.php?rest_route=\/wp\/v2\/posts"}],"about":[{"href":"https:\/\/www.agriatv.hu\/index.php?rest_route=\/wp\/v2\/types\/post"}],"author":[{"embeddable":true,"href":"https:\/\/www.agriatv.hu\/index.php?rest_route=\/wp\/v2\/users\/4"}],"replies":[{"embeddable":true,"href":"https:\/\/www.agriatv.hu\/index.php?rest_route=%2Fwp%2Fv2%2Fcomments&post=3400"}],"version-history":[{"count":2,"href":"https:\/\/www.agriatv.hu\/index.php?rest_route=\/wp\/v2\/posts\/3400\/revisions"}],"predecessor-version":[{"id":3403,"href":"https:\/\/www.agriatv.hu\/index.php?rest_route=\/wp\/v2\/posts\/3400\/revisions\/3403"}],"wp:attachment":[{"href":"https:\/\/www.agriatv.hu\/index.php?rest_route=%2Fwp%2Fv2%2Fmedia&parent=3400"}],"wp:term":[{"taxonomy":"category","embeddable":true,"href":"https:\/\/www.agriatv.hu\/index.php?rest_route=%2Fwp%2Fv2%2Fcategories&post=3400"},{"taxonomy":"post_tag","embeddable":true,"href":"https:\/\/www.agriatv.hu\/index.php?rest_route=%2Fwp%2Fv2%2Ftags&post=3400"}],"curies":[{"name":"wp","href":"https:\/\/api.w.org\/{rel}","templated":true}]}}