{"id":3405,"date":"2011-02-06T15:15:09","date_gmt":"2011-02-06T15:15:09","guid":{"rendered":"http:\/\/www.agriatv.hu\/?p=3405"},"modified":"2011-02-06T15:15:09","modified_gmt":"2011-02-06T15:15:09","slug":"olcso-rossz-minosegu-masolat-az-uj-szechenyi-terv","status":"publish","type":"post","link":"https:\/\/www.agriatv.hu\/?p=3405","title":{"rendered":"Olcs\u00f3, rossz min\u0151s\u00e9g\u0171 m\u00e1solat az \u00daj Sz\u00e9chenyi Terv"},"content":{"rendered":"<p class=\"cikkcikkei\">\n<p><img loading=\"lazy\" decoding=\"async\" class=\"kiskepcikkhez alignleft\" src=\"http:\/\/www.egriszin.hu\/RenderedContents\/IndexImages\/7\/7240-20110205135416-mszp.jpg\" alt=\"\" width=\"150\" height=\"150\" \/><\/p>\n<p><strong>Az MSZP szerint: A korm\u00e1ny \u00e1ltal bemutatott \u00daj Sz\u00e9chenyi Terv az \u00daj Magyarorsz\u00e1g Fejleszt\u00e9si Terv\u00a0 olcs\u00f3, rossz min\u0151s\u00e9g\u0171 m\u00e1solata.<\/strong><\/p>\n<div>A hangzatos szavakkal bejelentett fejleszt\u00e9si ir\u00e1nyok z\u00f6m\u00e9r\u0151l m\u00e1ra kider\u00fclt, hogy csup\u00e1n az el\u0151z\u0151 korm\u00e1nyok \u00e1ltal megalkotott koncepci\u00f3 elemeinek \u00e1tc\u00edmk\u00e9z\u00e9sei.<br \/>\nMagyarorsz\u00e1g az elm\u00falt k\u00e9t ciklusban sikerrel \u00e1llt \u00e1t a nemzeti t\u00e1mogat\u00e1si rendszerr\u0151l az uni\u00f3s sziszt\u00e9m\u00e1ra. A v\u00e9gbement int\u00e9zm\u00e9nyi \u00e1talak\u00edt\u00e1s Eur\u00f3pa-szerte elismert \u00e9s hat\u00e9kony p\u00e1ly\u00e1zati koordin\u00e1ci\u00f3t eredm\u00e9nyezett. A szocialista korm\u00e1nyok 2004 \u00e9s 2010 k\u00f6z\u00f6tt t\u00f6bb mint 4000 milli\u00e1rd forint uni\u00f3s t\u00e1mogat\u00e1st h\u00edvtak le a Nemzeti Fejleszt\u00e9si Terv, majd az \u00daj Magyarorsz\u00e1g Fejleszt\u00e9si Terv keret\u00e9ben.Heves megy\u00e9ben rekord m\u00e9ret\u0171 fejleszt\u00e9sek val\u00f3sultak meg ebben az id\u0151szakban. Befejez\u0151d\u00f6tt a Par\u00e1di Szoci\u00e1lis Otthon \u00e9p\u00edt\u00e9se, a gy\u00f6ngy\u00f6si M\u00e1tra M\u00fazeum, az egri T\u00f6r\u00f6k F\u00fcrd\u0151 \u00e9s Reuma K\u00f3rh\u00e1z \u00e9p\u00edt\u00e9se \u00e9s fel\u00faj\u00edt\u00e1sa, a hatvani buszp\u00e1lyaudvar. Folyamatban van az egri L\u00edceum \u00e9s a gy\u00f6ngy\u00f6si K\u00e1roly R\u00f3bert F\u0151iskola fejleszt\u00e9se. Iskol\u00e1k, \u00f3vod\u00e1k, v\u00edzelvezet\u0151 rendszerek, szennyv\u00edzberuh\u00e1z\u00e1sok kor\u00e1bban nem l\u00e1tott m\u00e9rt\u00e9k\u0171 megval\u00f3s\u00edt\u00e1s\u00e1ra ker\u00fclt sor, vid\u00e9ken az infrastrukt\u00fara fejleszt\u00e9s\u00e9re is.<br \/>\nD\u00f6nt\u00e9s van az Egri V\u00e1r, a poroszl\u00f3i \u00d6kopark, az egri Markhot Ferenc K\u00f3rh\u00e1z \u00e9s a gy\u00f6ngy\u00f6si Bug\u00e1t P\u00e1l K\u00f3rh\u00e1z fejleszt\u00e9s\u00e9r\u0151l. Az elm\u00falt \u00e9vek fejleszt\u00e9spolitik\u00e1ja teh\u00e1t sikeres volt.<br \/>\nA szocialista korm\u00e1nyok a versenyk\u00e9pess\u00e9g jav\u00edt\u00e1sa mellett figyelmet ford\u00edtottak az es\u00e9lyegyenl\u0151s\u00e9gre \u00e9s a fenntarthat\u00f3s\u00e1gra is. Ezzel \u00f6sszef\u00fcgg\u00e9sben az emberek mindennapi k\u00f6rnyezete is gy\u00f6keres v\u00e1ltoz\u00e1son ment \u00e1t.<br \/>\nEzzel szemben a Fidesz-KDNP korm\u00e1ny az elm\u00falt h\u00f3napokban a szakad\u00e9k sz\u00e9l\u00e9re sodorta a p\u00e1ly\u00e1zati rendszert. Forr\u00e1sok helyett csup\u00e1n a poz\u00edci\u00f3kat osztogatta, szak\u00e9rtelem h\u00edj\u00e1n pedig h\u00f3napok \u00f3ta \u00e1ll a kor\u00e1bban m\u0171k\u00f6d\u0151 rendszer. Nem v\u00e9letlen, hogy m\u00e1r az Eur\u00f3pai Bizotts\u00e1g is figyelmeztette a Nemzeti Fejleszt\u00e9si \u00dcgyn\u00f6ks\u00e9g eln\u00f6k\u00e9t, hogy s\u00fcrg\u0151sen vegye vissza a megfelel\u0151 szak\u00e9rtelemmel rendelkez\u0151 alkalmazottakat.<br \/>\nCs\u00fasznak a p\u00e1ly\u00e1zati ki\u00edr\u00e1sok, f\u00e9l\u0151, hogy 2011 \u0151sz\u00e9ig egy\u00e1ltal\u00e1n nem lesznek t\u00e1mogat\u00e1si szerz\u0151d\u00e9sek \u00e9s csak 2012-ben t\u00f6rt\u00e9nnek meg az els\u0151 kifizet\u00e9sek. Ekkor m\u00e1r legal\u00e1bb 23 h\u00f3napja lesz a Fidesz korm\u00e1nyon an\u00e9lk\u00fcl, hogy b\u00e1rmit fejlesztett volna.<br \/>\nA korm\u00e1ny \u00e1ltal bejelentett \u00daj Sz\u00e9chenyi Terv ez\u00e9rt nem m\u00e1s, mint az \u00daj Magyarorsz\u00e1g Fejleszt\u00e9si Terv olcs\u00f3, rossz min\u0151s\u00e9g\u0171 m\u00e1solata.<br \/>\nR\u00e1ad\u00e1sul a most megjelent akci\u00f3tervekb\u0151l olyan l\u00e9nyeges ter\u00fcletek maradtak ki, mint a mozg\u00e1skorl\u00e1tozott emberek foglalkoztat\u00e1s\u00e1t, \u00f6n\u00e1ll\u00f3 \u00e9letvitel\u00e9t seg\u00edt\u0151 m\u0171helyek, a tan\u00f3r\u00e1n k\u00edv\u00fcli nevel\u00e9si feladatok, a region\u00e1lis v\u00e9rell\u00e1t\u00f3 k\u00f6zpontok, vagy a legh\u00e1tr\u00e1nyosabb helyzet\u0171 kist\u00e9rs\u00e9gek komplex beruh\u00e1z\u00e1sainak t\u00e1mogat\u00e1sa.<br \/>\nIrre\u00e1lis &#8211; t\u00f6bbek k\u00f6z\u00f6tt &#8211;\u00a0 az \u00daj Sz\u00e9chenyi Terv foglalkoztat\u00e1si programja, hiszen ahhoz, hogy 10 \u00e9v alatt 1 milli\u00f3 \u00faj munkahely j\u00f6jj\u00f6n l\u00e9tre Magyarorsz\u00e1gon, ahhoz p\u00e9ld\u00e1ul ez Heves megy\u00e9ben \u00e9vente k\u00e9t \u2013 a M\u00e1trai Er\u0151m\u0171 \u00e9s a Bosch &#8211; nagys\u00e1grend\u0171 beruh\u00e1z\u00e1st kellene megval\u00f3s\u00edtani. Val\u00f3j\u00e1ban az elm\u00falt h\u00e1romnegyed \u00e9vben ink\u00e1bb visszal\u00e9p\u00e9s t\u00f6rt\u00e9nt foglalkoztat\u00e1sban.<br \/>\nAz MSZP szerint a jelenlegi korm\u00e1ny \u00e9s az \u00e1ltala l\u00e9trehozott int\u00e9zm\u00e9nyrendszer alkalmatlan arra, hogy megfelel\u0151 p\u00e1ly\u00e1zati rendszert koordin\u00e1ljon, tov\u00e1bb\u00e1 nem tesz hat\u00e1rozott l\u00e9p\u00e9seket annak \u00e9rdek\u00e9ben, hogy a leszakad\u00f3 t\u00e9rs\u00e9gekben \u00e9l\u0151 emberek munkak\u00f6r\u00fclm\u00e9nyei \u00e9s lak\u00f3k\u00f6rnyezete javuljon.<\/div>\n<div>Forr\u00e1s: <a href=\"http:\/\/egriszin.hu\">Egrisz\u00edn<\/a><\/div>\n","protected":false},"excerpt":{"rendered":"<p>Az MSZP szerint: A korm\u00e1ny \u00e1ltal bemutatott \u00daj Sz\u00e9chenyi Terv az \u00daj Magyarorsz\u00e1g Fejleszt\u00e9si Terv\u00a0 olcs\u00f3, rossz min\u0151s\u00e9g\u0171 m\u00e1solata.<br \/>\nA hangzatos szavakkal bejelentett fejleszt\u00e9si ir\u00e1nyok z\u00f6m\u00e9r\u0151l m\u00e1ra kider\u00fclt, hogy csup\u00e1n az el\u0151z\u0151 korm\u00e1nyok \u00e1ltal megalkotott koncepci\u00f3 elemeinek \u00e1tc\u00edmk\u00e9z\u00e9sei.<br \/>\nMagyarorsz\u00e1g az elm\u00falt k\u00e9t ciklusban sikerrel \u00e1llt \u00e1t a nemzeti t\u00e1mogat\u00e1si rendszerr\u0151l az uni\u00f3s sziszt\u00e9m\u00e1ra. A v\u00e9gbement int\u00e9zm\u00e9nyi \u00e1talak\u00edt\u00e1s [&#8230;]<\/p>\n","protected":false},"author":4,"featured_media":0,"comment_status":"open","ping_status":"closed","sticky":false,"template":"","format":"standard","meta":{"footnotes":""},"categories":[3],"tags":[],"class_list":["post-3405","post","type-post","status-publish","format-standard","hentry","category-politika"],"_links":{"self":[{"href":"https:\/\/www.agriatv.hu\/index.php?rest_route=\/wp\/v2\/posts\/3405","targetHints":{"allow":["GET"]}}],"collection":[{"href":"https:\/\/www.agriatv.hu\/index.php?rest_route=\/wp\/v2\/posts"}],"about":[{"href":"https:\/\/www.agriatv.hu\/index.php?rest_route=\/wp\/v2\/types\/post"}],"author":[{"embeddable":true,"href":"https:\/\/www.agriatv.hu\/index.php?rest_route=\/wp\/v2\/users\/4"}],"replies":[{"embeddable":true,"href":"https:\/\/www.agriatv.hu\/index.php?rest_route=%2Fwp%2Fv2%2Fcomments&post=3405"}],"version-history":[{"count":2,"href":"https:\/\/www.agriatv.hu\/index.php?rest_route=\/wp\/v2\/posts\/3405\/revisions"}],"predecessor-version":[{"id":3407,"href":"https:\/\/www.agriatv.hu\/index.php?rest_route=\/wp\/v2\/posts\/3405\/revisions\/3407"}],"wp:attachment":[{"href":"https:\/\/www.agriatv.hu\/index.php?rest_route=%2Fwp%2Fv2%2Fmedia&parent=3405"}],"wp:term":[{"taxonomy":"category","embeddable":true,"href":"https:\/\/www.agriatv.hu\/index.php?rest_route=%2Fwp%2Fv2%2Fcategories&post=3405"},{"taxonomy":"post_tag","embeddable":true,"href":"https:\/\/www.agriatv.hu\/index.php?rest_route=%2Fwp%2Fv2%2Ftags&post=3405"}],"curies":[{"name":"wp","href":"https:\/\/api.w.org\/{rel}","templated":true}]}}