{"id":3408,"date":"2011-02-07T21:20:15","date_gmt":"2011-02-07T21:20:15","guid":{"rendered":"http:\/\/www.agriatv.hu\/?p=3408"},"modified":"2011-02-07T21:20:15","modified_gmt":"2011-02-07T21:20:15","slug":"ujabb-tanevet-inditott-az-agria-universitas","status":"publish","type":"post","link":"https:\/\/www.agriatv.hu\/?p=3408","title":{"rendered":"\u00dajabb tan\u00e9vet ind\u00edtott az Agria Universitas"},"content":{"rendered":"<p><span class=\"nagyit\"> <\/span> <img loading=\"lazy\" decoding=\"async\" class=\"alignleft\" title=\"A megnyit\u00f3n (balr\u00f3l) dr. Paczolay P\u00e9ter, R\u00e1czn\u00e9 dr. Horv\u00e1th \u00c1gnes \u00e9s dr. Stumpf Istv\u00e1n is k\u00f6sz\u00f6nt\u00f6tte az \u00faj hallgat\u00f3kat. Fot\u00f3: \u00d6tv\u00f6s Imre\" src=\"http:\/\/heol.hu\/lapokkepek\/cikkek\/143000\/143311_agria-universitas-000.JPG\" alt=\"A megnyit\u00f3n (balr\u00f3l) dr. Paczolay P\u00e9ter, R\u00e1czn\u00e9 dr. Horv\u00e1th \u00c1gnes \u00e9s dr. Stumpf Istv\u00e1n is k\u00f6sz\u00f6nt\u00f6tte az \u00faj hallgat\u00f3kat. Fot\u00f3: \u00d6tv\u00f6s Imre\" width=\"137\" height=\"93\" \/> <strong>M\u00e1sodik tan\u00e9v\u00e9t kezdte meg az egri Agria Universitas Egyes\u00fclet \u00e1ltal m\u0171k\u00f6dtetett Agria K\u00f6z\u00e9leti Akad\u00e9mia. A tan\u00e9vet Dr. Paczolay P\u00e9ter, a Magyar K\u00f6zt\u00e1rsas\u00e1g Alkotm\u00e1nyb\u00edr\u00f3s\u00e1g\u00e1nak eln\u00f6ke nyitotta meg a V\u00e1rosh\u00e1za D\u00edszterm\u00e9ben. <\/strong>Az Akad\u00e9mia \u00e9s a k\u00e9pz\u00e9s c\u00e9lja t\u00f6bbek k\u00f6z\u00f6tt a polg\u00e1ri demokr\u00e1cia v\u00e9delme, a helyi politikai kult\u00fara sz\u00ednes\u00edt\u00e9se \u00fagy, hogy a r\u00e9sztvev\u0151 hallgat\u00f3k \u00e9s oktat\u00f3k egy\u00fctt, k\u00f6z\u00f6sen vitatj\u00e1k meg \u00e9s t\u00e1rj\u00e1k fel az el\u0151rel\u00e9p\u00e9sek lehet\u0151s\u00e9geit. A k\u00e9t f\u00e9l\u00e9vb\u0151l \u00e1ll\u00f3 k\u00e9pz\u00e9s v\u00e9g\u00e9n tanulm\u00e1nyaikr\u00f3l oklevelet kapnak a r\u00e9sztvev\u0151k. \u2013 Szeretn\u00e9nk lehet\u0151s\u00e9get biztos\u00edtani arra, hogy hallgat\u00f3ink egy\u00fctt gondolkodhassanak a t\u00e1rsadalmi \u00e9s politikai k\u00e9rd\u00e9sekr\u0151l \u2013 hangs\u00falyozta k\u00f6sz\u00f6nt\u0151j\u00e9ben <strong>R\u00e1czn\u00e9 dr. Horv\u00e1th \u00c1gnes<\/strong>, az Agria Universitas Egyes\u00fclet eln\u00f6ke. Az egri f\u0151iskola Politol\u00f3gia Tansz\u00e9k\u00e9nek vezet\u0151je hozz\u00e1tette: volt hallgat\u00f3kkal \u00e9s szakemberekkel folytatj\u00e1k az Agria K\u00f6z\u00e9leti Klub m\u0171k\u00f6d\u00e9s\u00e9t, a j\u00f6v\u0151ben is szeretn\u00e9nek alak\u00edt\u00f3i lenni a helyi, a region\u00e1lis \u00e9s ez\u00e1ltal az orsz\u00e1gos k\u00f6z\u00e9letnek.<\/p>\n<p>Az Alkotm\u00e1nyb\u00edr\u00f3s\u00e1g eln\u00f6ke, <strong>dr. Paczolay P\u00e9ter<\/strong> megnyit\u00f3j\u00e1ban \u00fcdv\u00f6z\u00f6lte az egyes\u00fclet \u00e9rt\u00e9kteremt\u0151 \u00e9s -meg\u0151rz\u0151 tev\u00e9kenys\u00e9g\u00e9t, kiemelte a demokr\u00e1cia \u00e9p\u00edt\u00e9s\u00e9ben bet\u00f6lt\u00f6tt szerep\u00fcket is.<br \/>\n\u2013 Fontos, hogy az Agria Universitas Egyes\u00fclet civil alapokon nyugszik, k\u00fcl\u00f6n\u00f6sen akkor, ha figyelembe vessz\u00fck, hogy a politikai hatalom gyenge civil szf\u00e9r\u00e1val \u00e1ll szemben \u2013 hangs\u00falyozta. A k\u00e9sz\u00fcl\u0151 \u00faj alkotm\u00e1ny kapcs\u00e1n kifejtette: f\u00e9l\u0151, hogy az \u00faj sz\u00f6veg kialak\u00edt\u00e1s\u00e1ra kev\u00e9s a rendelkez\u00e9sre \u00e1ll\u00f3 id\u0151. Felvetette: az int\u00e9zm\u00e9nyi v\u00e1ltoz\u00e1sok nem biztos, hogy elegend\u0151ek lesznek az eg\u00e9szs\u00e9ges politikai kult\u00fara kialak\u00edt\u00e1s\u00e1hoz.<\/p>\n<p>Az esem\u00e9nyen <strong>dr. Stumpf Istv\u00e1n<\/strong> alkotm\u00e1nyb\u00edr\u00f3, <strong>dr. Bal\u00e1s Istv\u00e1n<\/strong>, a Heves Megyei Korm\u00e1nyhivatal f\u0151igazgat\u00f3ja \u00e9s <strong>R\u00e1zsi Botond<\/strong>, Eger alpolg\u00e1rmestere is k\u00f6sz\u00f6nt\u00f6tte az \u00faj tan\u00e9v di\u00e1kjait.<\/p>\n<p>Forr\u00e1s: HEOL<\/p>\n","protected":false},"excerpt":{"rendered":"<p>   M\u00e1sodik tan\u00e9v\u00e9t kezdte meg az egri Agria Universitas Egyes\u00fclet \u00e1ltal m\u0171k\u00f6dtetett Agria K\u00f6z\u00e9leti Akad\u00e9mia. A tan\u00e9vet Dr. Paczolay P\u00e9ter, a Magyar K\u00f6zt\u00e1rsas\u00e1g Alkotm\u00e1nyb\u00edr\u00f3s\u00e1g\u00e1nak eln\u00f6ke nyitotta meg a V\u00e1rosh\u00e1za D\u00edszterm\u00e9ben. Az Akad\u00e9mia \u00e9s a k\u00e9pz\u00e9s c\u00e9lja t\u00f6bbek k\u00f6z\u00f6tt a polg\u00e1ri demokr\u00e1cia v\u00e9delme, a helyi politikai kult\u00fara sz\u00ednes\u00edt\u00e9se \u00fagy, hogy a r\u00e9sztvev\u0151 hallgat\u00f3k \u00e9s [&#8230;]<\/p>\n","protected":false},"author":4,"featured_media":0,"comment_status":"open","ping_status":"closed","sticky":false,"template":"","format":"standard","meta":{"footnotes":""},"categories":[6,9],"tags":[],"class_list":["post-3408","post","type-post","status-publish","format-standard","hentry","category-belfold","category-oktatas"],"_links":{"self":[{"href":"https:\/\/www.agriatv.hu\/index.php?rest_route=\/wp\/v2\/posts\/3408","targetHints":{"allow":["GET"]}}],"collection":[{"href":"https:\/\/www.agriatv.hu\/index.php?rest_route=\/wp\/v2\/posts"}],"about":[{"href":"https:\/\/www.agriatv.hu\/index.php?rest_route=\/wp\/v2\/types\/post"}],"author":[{"embeddable":true,"href":"https:\/\/www.agriatv.hu\/index.php?rest_route=\/wp\/v2\/users\/4"}],"replies":[{"embeddable":true,"href":"https:\/\/www.agriatv.hu\/index.php?rest_route=%2Fwp%2Fv2%2Fcomments&post=3408"}],"version-history":[{"count":1,"href":"https:\/\/www.agriatv.hu\/index.php?rest_route=\/wp\/v2\/posts\/3408\/revisions"}],"predecessor-version":[{"id":3409,"href":"https:\/\/www.agriatv.hu\/index.php?rest_route=\/wp\/v2\/posts\/3408\/revisions\/3409"}],"wp:attachment":[{"href":"https:\/\/www.agriatv.hu\/index.php?rest_route=%2Fwp%2Fv2%2Fmedia&parent=3408"}],"wp:term":[{"taxonomy":"category","embeddable":true,"href":"https:\/\/www.agriatv.hu\/index.php?rest_route=%2Fwp%2Fv2%2Fcategories&post=3408"},{"taxonomy":"post_tag","embeddable":true,"href":"https:\/\/www.agriatv.hu\/index.php?rest_route=%2Fwp%2Fv2%2Ftags&post=3408"}],"curies":[{"name":"wp","href":"https:\/\/api.w.org\/{rel}","templated":true}]}}