{"id":341,"date":"2010-07-06T13:54:52","date_gmt":"2010-07-06T13:54:52","guid":{"rendered":"http:\/\/www.agriatv.hu\/?p=341"},"modified":"2010-07-06T13:54:52","modified_gmt":"2010-07-06T13:54:52","slug":"a-tajfutokat-koszontotte-az-alpolgarmester","status":"publish","type":"post","link":"https:\/\/www.agriatv.hu\/?p=341","title":{"rendered":"A t\u00e1jfut\u00f3kat k\u00f6sz\u00f6nt\u00f6tte az alpolg\u00e1rmester"},"content":{"rendered":"<p class=\"cikkcikkei\">&nbsp;<\/p>\n<p><img decoding=\"async\" align=\"left\" class=\"kiskepcikkhez\" src=\"http:\/\/www.egriszin.hu\/RenderedContents\/IndexImages\/5\/5748-20100706144402-P1040693.JPG\" title=\"\" \/><\/p>\n<p><b>Szeleczki J&aacute;nos alpolg&aacute;rmester irod&aacute;j&aacute;ban fogadta Simon &Aacute;gnest &eacute;s Hrenk&oacute; Ivettet, akik kiv&aacute;l&oacute; eredm&eacute;nyeket produk&aacute;ltak a magyar t&aacute;jfut&oacute; bajnoks&aacute;gon. A l&aacute;nyok edz\u0151je, dr. Nagy &Aacute;rp&aacute;d szerint fontos c&eacute;ljuk egyben tartani a csapatot, amely ha siker&uuml;l, ak&aacute;r egy &eacute;vtizedre is meghat&aacute;rozhatja az egri sport&eacute;letet.<\/b><\/p>\n<div align=\"justify\">A legut&oacute;bbi magyar t&aacute;jfut&oacute; bajnoks&aacute;gon a c&iacute;mv&eacute;d\u0151 Simon &Aacute;gnes, Hrenk&oacute; Ivett &eacute;s a szlov&aacute;k csapattag, Jana Macinska bebizony&iacute;tott&aacute;k, hogy m&eacute;g a f&eacute;rfiakn&aacute;l is eredm&eacute;nyesebbek. &Uacute;jabb arannyal t&eacute;rtek vissza, ezzel is gazdag&iacute;tva v&aacute;rosunkat. A jeles alkalomb&oacute;l Szeleczki J&aacute;nos kedd d&eacute;lel\u0151tt fogadta a bajnokh&ouml;lgyeket &eacute;s edz\u0151iket. Besz&eacute;d&eacute;ben kiemelte, hogy nagyon b&uuml;szke az el&eacute;rt sikerekre, &eacute;s hogy &uacute;gy t\u0171nik, Egerben egyre n&eacute;pszer\u0171bb ez a sport&aacute;g. Az &ouml;nkorm&aacute;nyzat tov&aacute;bbi t&aacute;mogat&aacute;s&aacute;r&oacute;l b&iacute;ztatta az Egri Testedz\u0151 Club k&eacute;pvisel\u0151it, hangs&uacute;lyozva a klub teljes rendezetts&eacute;g&eacute;t, amely kiv&aacute;l&oacute; alap az arany&eacute;rmek szerz&eacute;s&eacute;re. Hozz&aacute;tette, hogy fontos a sport b&aacute;zis&aacute;nak kisz&eacute;les&iacute;t&eacute;se.<\/div>\n<div align=\"justify\">&nbsp;<\/div>\n<div align=\"justify\">\n<div align=\"justify\">Simon &Aacute;gnes, aki a t&eacute;li sportok k&ouml;z&uuml;l s&iacute;t&aacute;jfut&aacute;sban is jeleskedik, megmutatta, hogy a ny&aacute;ri 37 fokos h\u0151s&eacute;ggel szemben is k&eacute;pes gy\u0151zelmet aratni. A tal&aacute;lkoz&oacute;n eml&iacute;tette, hogy a jelenlegi csapat m&aacute;r 2007 &oacute;ta fenn&aacute;ll, az&oacute;ta is t&ouml;retlen&uuml;l igyekeznek a legjobb helyez&eacute;sekre. Tavaly m&aacute;r elhoztak egy arany-, &eacute;s egy bronz&eacute;rmet, amelyet id&eacute;n meg is v&eacute;dtek. Elmondta, hogy amire m&eacute;gis a legb&uuml;szk&eacute;bb, az a tizenh&aacute;rom perc el\u0151ny&uuml;k volt a t&ouml;bbiekkel szemben. A csapat m&aacute;sik tagja, Hrenk&oacute; Ivett arr&oacute;l besz&eacute;lt, hogy kisebb t&eacute;rds&eacute;r&uuml;l&eacute;se ellen&eacute;re is nagyon j&oacute;l le tudta futni a hat kilom&eacute;teres t&aacute;vot.<\/div>\n<div align=\"justify\">Honfi L&aacute;szl&oacute;, a Magyar Egyetemi- F\u0151iskolai Sportsz&ouml;vets&eacute;g aleln&ouml;ke egrikumnak nevezte a t&aacute;jfut&oacute;k sorra nyert bajnoki c&iacute;meit. Hangs&uacute;lyozta, hogy az eredm&eacute;nyek m&uacute;land&oacute;k, ez&eacute;rt sz&uuml;ks&eacute;gesek az ily m&oacute;don t&ouml;rt&eacute;n\u0151 &uuml;nnepl&eacute;sek.<\/div>\n<div align=\"justify\">&nbsp;<\/div>\n<div align=\"justify\">Dr. Nagy &Aacute;rp&aacute;d, a l&aacute;nyok edz\u0151je azt nyilatkozta, hogy ezzel a tal&aacute;lkoz&aacute;ssal az volt a c&eacute;ljuk, hogy a f&eacute;rfi teljes&iacute;tm&eacute;nyek mellett a n\u0151it is figyelemmel m&eacute;ltass&aacute;k. Hasonl&oacute; sikereket rem&eacute;l a csapatt&oacute;l az \u0151szi bajnoks&aacute;gon, amely a klub &aacute;ltal ker&uuml;l majd megrendez&eacute;sre. Egyed&uuml;l&aacute;ll&oacute; dolognak mondta a t&eacute;nyt, miszerint \u0151k &ouml;t ember&uuml;ket k&uuml;ldhetik ki az idei f\u0151iskol&aacute;s vb-re, szemben a nagyobb t&aacute;jfut&oacute; &eacute;s infrastrukt&uacute;r&aacute;val rendelkez\u0151 v&aacute;rosokkal szemben, akiknek ez ilyenkor probl&eacute;m&aacute;t szokott okozni. Z&aacute;r&aacute;sk&eacute;nt az edz\u0151i ut&aacute;np&oacute;tl&aacute;sr&oacute;l besz&eacute;lt az alpolg&aacute;rmesternek, megeml&iacute;tve, hogy szakmailag jelent\u0151s er\u0151 lenne a csapattagok letelep&uuml;l&eacute;se Egerben, amely ak&aacute;r egy &eacute;vtizedre is meghat&aacute;rozn&aacute; az egri sport&eacute;letet.<\/div>\n<div align=\"justify\">Forr&aacute;s: Egrisz&iacute;n<\/div>\n<\/div>\n","protected":false},"excerpt":{"rendered":"<p>&nbsp;<\/p>\n<p>Szeleczki J&aacute;nos alpolg&aacute;rmester irod&aacute;j&aacute;ban fogadta Simon &Aacute;gnest &eacute;s Hrenk&oacute; Ivettet, akik kiv&aacute;l&oacute; eredm&eacute;nyeket produk&aacute;ltak a magyar t&aacute;jfut&oacute; bajnoks&aacute;gon. A l&aacute;nyok edz\u0151je, dr. Nagy &Aacute;rp&aacute;d szerint fontos c&eacute;ljuk egyben tartani a csapatot, amely ha siker&uuml;l, ak&aacute;r egy &eacute;vtizedre is meghat&aacute;rozhatja az egri sport&eacute;letet.<br \/>\nA legut&oacute;bbi magyar t&aacute;jfut&oacute; bajnoks&aacute;gon a c&iacute;mv&eacute;d\u0151 Simon &Aacute;gnes, Hrenk&oacute; Ivett &eacute;s a szlov&aacute;k [&#8230;]<\/p>\n","protected":false},"author":4,"featured_media":0,"comment_status":"closed","ping_status":"open","sticky":false,"template":"","format":"standard","meta":{"footnotes":""},"categories":[4],"tags":[],"class_list":["post-341","post","type-post","status-publish","format-standard","hentry","category-szabadido"],"_links":{"self":[{"href":"https:\/\/www.agriatv.hu\/index.php?rest_route=\/wp\/v2\/posts\/341","targetHints":{"allow":["GET"]}}],"collection":[{"href":"https:\/\/www.agriatv.hu\/index.php?rest_route=\/wp\/v2\/posts"}],"about":[{"href":"https:\/\/www.agriatv.hu\/index.php?rest_route=\/wp\/v2\/types\/post"}],"author":[{"embeddable":true,"href":"https:\/\/www.agriatv.hu\/index.php?rest_route=\/wp\/v2\/users\/4"}],"replies":[{"embeddable":true,"href":"https:\/\/www.agriatv.hu\/index.php?rest_route=%2Fwp%2Fv2%2Fcomments&post=341"}],"version-history":[{"count":1,"href":"https:\/\/www.agriatv.hu\/index.php?rest_route=\/wp\/v2\/posts\/341\/revisions"}],"predecessor-version":[{"id":342,"href":"https:\/\/www.agriatv.hu\/index.php?rest_route=\/wp\/v2\/posts\/341\/revisions\/342"}],"wp:attachment":[{"href":"https:\/\/www.agriatv.hu\/index.php?rest_route=%2Fwp%2Fv2%2Fmedia&parent=341"}],"wp:term":[{"taxonomy":"category","embeddable":true,"href":"https:\/\/www.agriatv.hu\/index.php?rest_route=%2Fwp%2Fv2%2Fcategories&post=341"},{"taxonomy":"post_tag","embeddable":true,"href":"https:\/\/www.agriatv.hu\/index.php?rest_route=%2Fwp%2Fv2%2Ftags&post=341"}],"curies":[{"name":"wp","href":"https:\/\/api.w.org\/{rel}","templated":true}]}}