{"id":3410,"date":"2011-02-07T21:23:20","date_gmt":"2011-02-07T21:23:20","guid":{"rendered":"http:\/\/www.agriatv.hu\/?p=3410"},"modified":"2011-02-07T21:23:20","modified_gmt":"2011-02-07T21:23:20","slug":"teret-ad-a-fiataloknak-az-ekmk","status":"publish","type":"post","link":"https:\/\/www.agriatv.hu\/?p=3410","title":{"rendered":"Teret ad a fiataloknak az EKMK"},"content":{"rendered":"<p>\t\t\t\t\t\t\t\t\t\t<img loading=\"lazy\" decoding=\"async\" class=\"alignleft\" mce_src=\"http:\/\/heol.hu\/lapokkepek\/cikkek\/143000\/143299_Forraspont.JPG\" alt=\"Az inform\u00e1ci\u00f3s pont els\u0151sorban a fiatalok k\u00e9rd\u00e9seire ad v\u00e1laszt.\" src=\"http:\/\/heol.hu\/lapokkepek\/cikkek\/143000\/143299_Forraspont.JPG\" width=\"146\" height=\"101\"><strong>Ifj\u00fas\u00e1gi Inform\u00e1ci\u00f3s Pont m\u0171k\u00f6dik h\u00e9tf\u0151t\u0151l \u201eForr\u00e1spont\u201d n\u00e9ven az Egri Kultur\u00e1lis \u00e9s M\u0171v\u00e9szeti K\u00f6zpont &#8211; Forr\u00e1s Gyermek \u00e9s Ifj\u00fas\u00e1gi H\u00e1z els\u0151 emelet\u00e9n. <\/strong>\n\t\t\t\t<\/p>\n<p>Meg\u00fajult a&nbsp;\u201ezsibong\u00f3\u201d az egri&nbsp;Forr\u00e1sban. A h\u00e9tf\u0151n \u00e1tadott inform\u00e1ci\u00f3s pont &#8211; mint azt <strong>Majoros T\u00edmea<\/strong> koordint\u00e1rort\u00f3l megtudtuk &#8211; mindenkit v\u00e1r, b\u00e1r c\u00e9lcsoportjuk els\u0151sorban a 14-29 \u00e9ves koroszt\u00e1ly. <\/p>\n<p>\u2013 \u00dagy v\u00e9lj\u00fck, ha teret szeretn\u00e9nk engedni a fiataloknak, akkor val\u00f3di helyet, eszk\u00f6z\u00f6ket, inform\u00e1ci\u00f3t \u00e9s lehet\u0151s\u00e9geket kell adnunk nekik \u2013 mondta a programr\u00f3l. Els\u0151 r\u00e1n\u00e9z\u00e9sre a meg\u00fajul\u00e1s nem m\u00e1s, mint&nbsp;egy pult az ig\u00e9nyesen kialak\u00edtott t\u00e9rben, azonban t\u00f6bbr\u0151l van itt sz\u00f3: els\u0151dleges feladatk\u00e9nt megeml\u00edthet\u0151&nbsp;a fiatalok inform\u00e1ci\u00f3s sz\u00fcks\u00e9gleteinek kiel\u00e9g\u00edt\u00e9se. B\u00e1rmelyik fiatal, aki felkeresi a Forr\u00e1spontot&nbsp;v\u00e1laszokat kaphat az \u0151t \u00e9rint\u0151&nbsp;k\u00e9rd\u00e9sekre. Egri, megyei \u00e9s orsz\u00e1gos kultur\u00e1lis programokr\u00f3l, oktat\u00e1ssal kapcsolatos tudnival\u00f3kr\u00f3l, munkalehet\u0151s\u00e9gekr\u0151l, k\u00e9pz\u00e9sekr\u0151l, p\u00e1ly\u00e1zatokr\u00f3l. A felsorol\u00e1s szinte v\u00e9gtelen. A pont&nbsp;munkat\u00e1rsai seg\u00edts\u00e9get ny\u00fajthatnak felv\u00e9teli-jelentkez\u00e9skor, vagy a&nbsp;di\u00e1knapok szervez\u00e9sekor is. <\/p>\n<p>A szervez\u0151k emellett szeretn\u00e9k, ha a fiatalok tal\u00e1lkoz\u00f3helye is lehetne az inform\u00e1ci\u00f3s pont. H\u00e9tk\u00f6znap d\u00e9lut\u00e1nonk\u00e9nt egyt\u0151l \u00f6tig v\u00e1rj\u00e1k az \u00e9rdekl\u0151d\u0151ket, \u00e9s azokat is, akik p\u00e9ld\u00e1ul t\u00e1rsasj\u00e1t\u00e9kozni, vagy csocs\u00f3zni szeretn\u00e9nek, mert arra is lehet\u0151s\u00e9get biztos\u00edtanak.<\/p>\n<p>A program egyel\u0151re j\u00fanius 31-ig m\u0171k\u00f6dhet, azonban az EKMK munkat\u00e1rsai \u00fajabb p\u00e1ly\u00e1zatot adtak be a napokban, amely, ha sikeresen szerepel, a pont tov\u00e1bb \u00e9lhet, nagyobb helyen, b\u0151v\u00fcl\u0151 k\u00edn\u00e1lattal. A tervek k\u00f6z\u00f6tt szerepel a Trinit\u00e1rius \u00fati Templom&nbsp;Gal\u00e9ria \u00e9p\u00fclete, ahol m\u00e1r sz\u00e1m\u00edt\u00f3g\u00e9pekkel \u00e9s internet-el\u00e9r\u00e9ssel is szolg\u00e1ln\u00e1nak.<\/p>\n<p>Forr\u00e1s: HEOL<\/p>\n","protected":false},"excerpt":{"rendered":"<p>\t\t\t\t\t\t\t\t\t\tIfj\u00fas\u00e1gi Inform\u00e1ci\u00f3s Pont m\u0171k\u00f6dik h\u00e9tf\u0151t\u0151l \u201eForr\u00e1spont\u201d n\u00e9ven az Egri Kultur\u00e1lis \u00e9s M\u0171v\u00e9szeti K\u00f6zpont &#8211; Forr\u00e1s Gyermek \u00e9s Ifj\u00fas\u00e1gi H\u00e1z els\u0151 emelet\u00e9n. <\/p>\n<p>Meg\u00fajult a&nbsp;\u201ezsibong\u00f3\u201d az egri&nbsp;Forr\u00e1sban. A h\u00e9tf\u0151n \u00e1tadott inform\u00e1ci\u00f3s pont &#8211; mint azt Majoros T\u00edmea koordint\u00e1rort\u00f3l megtudtuk &#8211; mindenkit v\u00e1r, b\u00e1r c\u00e9lcsoportjuk els\u0151sorban a 14-29 \u00e9ves koroszt\u00e1ly.<br \/>\n\u2013 \u00dagy v\u00e9lj\u00fck, ha teret szeretn\u00e9nk engedni a [&#8230;]<\/p>\n","protected":false},"author":4,"featured_media":0,"comment_status":"open","ping_status":"closed","sticky":false,"template":"","format":"standard","meta":{"footnotes":""},"categories":[4],"tags":[],"class_list":["post-3410","post","type-post","status-publish","format-standard","hentry","category-szabadido"],"_links":{"self":[{"href":"https:\/\/www.agriatv.hu\/index.php?rest_route=\/wp\/v2\/posts\/3410","targetHints":{"allow":["GET"]}}],"collection":[{"href":"https:\/\/www.agriatv.hu\/index.php?rest_route=\/wp\/v2\/posts"}],"about":[{"href":"https:\/\/www.agriatv.hu\/index.php?rest_route=\/wp\/v2\/types\/post"}],"author":[{"embeddable":true,"href":"https:\/\/www.agriatv.hu\/index.php?rest_route=\/wp\/v2\/users\/4"}],"replies":[{"embeddable":true,"href":"https:\/\/www.agriatv.hu\/index.php?rest_route=%2Fwp%2Fv2%2Fcomments&post=3410"}],"version-history":[{"count":1,"href":"https:\/\/www.agriatv.hu\/index.php?rest_route=\/wp\/v2\/posts\/3410\/revisions"}],"predecessor-version":[{"id":3411,"href":"https:\/\/www.agriatv.hu\/index.php?rest_route=\/wp\/v2\/posts\/3410\/revisions\/3411"}],"wp:attachment":[{"href":"https:\/\/www.agriatv.hu\/index.php?rest_route=%2Fwp%2Fv2%2Fmedia&parent=3410"}],"wp:term":[{"taxonomy":"category","embeddable":true,"href":"https:\/\/www.agriatv.hu\/index.php?rest_route=%2Fwp%2Fv2%2Fcategories&post=3410"},{"taxonomy":"post_tag","embeddable":true,"href":"https:\/\/www.agriatv.hu\/index.php?rest_route=%2Fwp%2Fv2%2Ftags&post=3410"}],"curies":[{"name":"wp","href":"https:\/\/api.w.org\/{rel}","templated":true}]}}