{"id":3412,"date":"2011-02-08T21:25:41","date_gmt":"2011-02-08T21:25:41","guid":{"rendered":"http:\/\/www.agriatv.hu\/?p=3412"},"modified":"2011-02-08T21:25:41","modified_gmt":"2011-02-08T21:25:41","slug":"szaz-rendorrel-gyarapodhat-iden-az-allomany","status":"publish","type":"post","link":"https:\/\/www.agriatv.hu\/?p=3412","title":{"rendered":"Sz\u00e1z rend\u0151rrel gyarapodhat id\u00e9n az \u00e1llom\u00e1ny"},"content":{"rendered":"<p><img loading=\"lazy\" decoding=\"async\" class=\"alignleft\" src=\"http:\/\/heol.hu\/lapokkepek\/cikkek\/143000\/143423_hrfk-tik.JPG\" alt=\"A megye \u201eszeme\u201d. A Heves Megyei Rend\u0151r-f\u0151kapit\u00e1nys\u00e1g Tev\u00e9kenys\u00e9gir\u00e1ny\u00edt\u00f3 K\u00f6zpontj\u00e1ban \u00e1lland\u00f3 \u00fcgyelet figyeli a b\u0171n\u00f6z\u0151k mozg\u00e1s\u00e1t. Fot\u00f3: \u00d6tv\u00f6s Imre\" width=\"146\" height=\"98\" \/><strong>Heves megye rend\u0151rei tavaly j\u00f3l teljes\u00edtettek, van mire b\u00fcszk\u00e9nek lenni \u2013 \u00e9rt\u00e9kelte a 2010-es esztend\u0151t kedden dr. Ormossy Attila f\u0151kapit\u00e1ny. <\/strong>Az elm\u00falt \u00e9vet \u00e9rt\u00e9kelve dr. Ormossy Attila rend\u0151r ezredes, a Heves Megyei Rend\u0151r-f\u0151kapit\u00e1nys\u00e1g (HRFK) vezet\u0151je \u00fagy v\u00e9lekedett: sz\u00e1mokkal is igazolhat\u00f3, hogy megy\u00e9nk rend\u0151rei j\u00f3 sz\u00ednvonalon v\u00e9gzik munk\u00e1jukat. Az ismertt\u00e9 v\u00e1lt b\u0171ncselekm\u00e9nyek sz\u00e1ma p\u00e9ld\u00e1ul kedvez\u0151, az orsz\u00e1gos rangsorban a 16\u201317. helyet foglaljuk el. Volt ugyan n\u00e9mi n\u00f6veked\u00e9s ezen a t\u00e9ren, de ennek dinamik\u00e1ja csek\u00e9ly.<\/p>\n<p>\u2013 Sz\u00e1molnunk kell ugyanakkor azzal a speci\u00e1lis helyzettel, hogy egyes t\u00e9rs\u00e9gekben, telep\u00fcl\u00e9seken rossz, s\u0151t olykor rendk\u00edv\u00fcl rossz biztons\u00e1g\u00e9rzetet tapasztalunk. \u00c9pp ez\u00e9rt az idei \u00e9v kiemelt feladata lesz az okok felt\u00e1r\u00e1sa. Utas\u00edt\u00e1sba adtam, hogy elemezz\u00e9k a rossz k\u00f6z\u00e9rzethez vezet\u0151 okokat. Fontos k\u00e9rd\u00e9sr\u0151l van sz\u00f3, hiszen hi\u00e1ba produk\u00e1lunk kedvez\u0151 sz\u00e1madatokat, ha ez nem t\u00fckr\u00f6ztethet\u0151 vissza \u2013 fogalmazott a rend\u0151rf\u0151kapit\u00e1ny, aki hozz\u00e1tette: tudja, hogy vannak korl\u00e1taik. Minden t\u00e1rsadalmi probl\u00e9m\u00e1t nem kezelhet csup\u00e1n a rend\u0151rs\u00e9g.<\/p>\n<p>A HRFK vezet\u0151je sz\u00f3lt a r\u00e9szletekr\u0151l is. Eszerint k\u00fcl\u00f6n\u00f6sen kedvez\u0151 Hevesben a vagyon elleni cselekm\u00e9nyek sz\u00e1m\u00e1nak a cs\u00f6kken\u00e9se, k\u00fcl\u00f6n\u00f6sen a bet\u00f6r\u00e9ses lop\u00e1sok\u00e9, amelyeknek a felder\u00edt\u00e9se is eredm\u00e9nyesebb volt a kor\u00e1bbiakn\u00e1l. Szint\u00e9n kevesebb rabl\u00e1s miatt kellett a b\u0171n\u00fcld\u00f6z\u0151knek nyomozniuk.<\/p>\n<p>Forr\u00e1s: HEOL<\/p>\n","protected":false},"excerpt":{"rendered":"<p>Heves megye rend\u0151rei tavaly j\u00f3l teljes\u00edtettek, van mire b\u00fcszk\u00e9nek lenni \u2013 \u00e9rt\u00e9kelte a 2010-es esztend\u0151t kedden dr. Ormossy Attila f\u0151kapit\u00e1ny. Az elm\u00falt \u00e9vet \u00e9rt\u00e9kelve dr. Ormossy Attila rend\u0151r ezredes, a Heves Megyei Rend\u0151r-f\u0151kapit\u00e1nys\u00e1g (HRFK) vezet\u0151je \u00fagy v\u00e9lekedett: sz\u00e1mokkal is igazolhat\u00f3, hogy megy\u00e9nk rend\u0151rei j\u00f3 sz\u00ednvonalon v\u00e9gzik munk\u00e1jukat. Az ismertt\u00e9 v\u00e1lt b\u0171ncselekm\u00e9nyek sz\u00e1ma p\u00e9ld\u00e1ul kedvez\u0151, az [&#8230;]<\/p>\n","protected":false},"author":4,"featured_media":0,"comment_status":"open","ping_status":"closed","sticky":false,"template":"","format":"standard","meta":{"footnotes":""},"categories":[5],"tags":[],"class_list":["post-3412","post","type-post","status-publish","format-standard","hentry","category-kek-hirek"],"_links":{"self":[{"href":"https:\/\/www.agriatv.hu\/index.php?rest_route=\/wp\/v2\/posts\/3412","targetHints":{"allow":["GET"]}}],"collection":[{"href":"https:\/\/www.agriatv.hu\/index.php?rest_route=\/wp\/v2\/posts"}],"about":[{"href":"https:\/\/www.agriatv.hu\/index.php?rest_route=\/wp\/v2\/types\/post"}],"author":[{"embeddable":true,"href":"https:\/\/www.agriatv.hu\/index.php?rest_route=\/wp\/v2\/users\/4"}],"replies":[{"embeddable":true,"href":"https:\/\/www.agriatv.hu\/index.php?rest_route=%2Fwp%2Fv2%2Fcomments&post=3412"}],"version-history":[{"count":1,"href":"https:\/\/www.agriatv.hu\/index.php?rest_route=\/wp\/v2\/posts\/3412\/revisions"}],"predecessor-version":[{"id":3413,"href":"https:\/\/www.agriatv.hu\/index.php?rest_route=\/wp\/v2\/posts\/3412\/revisions\/3413"}],"wp:attachment":[{"href":"https:\/\/www.agriatv.hu\/index.php?rest_route=%2Fwp%2Fv2%2Fmedia&parent=3412"}],"wp:term":[{"taxonomy":"category","embeddable":true,"href":"https:\/\/www.agriatv.hu\/index.php?rest_route=%2Fwp%2Fv2%2Fcategories&post=3412"},{"taxonomy":"post_tag","embeddable":true,"href":"https:\/\/www.agriatv.hu\/index.php?rest_route=%2Fwp%2Fv2%2Ftags&post=3412"}],"curies":[{"name":"wp","href":"https:\/\/api.w.org\/{rel}","templated":true}]}}