{"id":3414,"date":"2011-02-08T21:27:04","date_gmt":"2011-02-08T21:27:04","guid":{"rendered":"http:\/\/www.agriatv.hu\/?p=3414"},"modified":"2011-02-08T21:27:16","modified_gmt":"2011-02-08T21:27:16","slug":"veradas-a-hivatalban","status":"publish","type":"post","link":"https:\/\/www.agriatv.hu\/?p=3414","title":{"rendered":"V\u00e9rad\u00e1s a Hivatalban"},"content":{"rendered":"<p class=\"cikkcikkei\">\n<p><img loading=\"lazy\" decoding=\"async\" class=\"kiskepcikkhez alignleft\" src=\"http:\/\/www.egriszin.hu\/RenderedContents\/IndexImages\/7\/7250-20110208155737-ver.jpg\" alt=\"\" width=\"150\" height=\"90\" \/><\/p>\n<p><strong>V\u00e9rad\u00e1s volt ma d\u00e9lel\u0151tt az Egri Polg\u00e1rmesteri Hivatalban, a d\u00edszteremben.<\/strong><\/p>\n<div>A k\u00e9t \u00f3ra alatt 21 hivatali dolgoz\u00f3 \u00e9s m\u00e1s donor jelentkezett, k\u00f6zel h\u00faszan v\u00e9rt is adhattak, t\u00f6bbeket az influenz\u00e1s, beteges id\u0151szak miatti, kor\u00e1bbi betegs\u00e9g miatt z\u00e1rtak ki ez\u00fattal a v\u00e9rad\u00e1sb\u00f3l. R\u00e1zsi Botond alpolg\u00e1rmester, sokszoros v\u00e9rad\u00f3 ez\u00fattal is t\u0171 al\u00e1 tartotta karj\u00e1t. A l\u00e9tsz\u00e1m a hivatali v\u00e9rad\u00e1s tekintet\u00e9ben el\u0151rel\u00e9p\u00e9st jelent az eddigi adatokhoz k\u00e9pest.<\/p>\n<p>Az orsz\u00e1gos v\u00e9rk\u00e9szlet jelent\u0151s lecs\u00f6kken\u00e9se miatt nagy sz\u00fcks\u00e9g van \u00f6nk\u00e9ntes donorokra, \u00e9pp ez\u00e9rt a Magyar V\u00f6r\u00f6skereszt Heves Megyei Szervezete a hagyom\u00e1nyokhoz h\u0171en id\u00e9n is szervez v\u00e9rad\u00e1st a szerelmesek napj\u00e1n, febru\u00e1r 14-\u00e9n, h\u00e9tf\u0151n. 8.00 \u00e9s 15.00 \u00f3ra k\u00f6z\u00f6tt v\u00e1rj\u00e1k a p\u00e1rokat a VALENTIN NAPI V\u00c9RAD\u00c1SRA, ahol minden jelentkez\u0151nek meglepet\u00e9ssel kedveskednek.<br \/>\nA helysz\u00edn az OVSZ Eger Ter\u00fcleti V\u00e9rell\u00e1t\u00f3 (\u00c1rva k\u00f6z 1.).<\/p>\n<p>M\u00e1s v\u00e9rad\u00e1si lehet\u0151s\u00e9g:<br \/>\nB\u00e1rki jelentkezhet a V\u00f6r\u00f6skereszt szervez\u00e9s\u00e9ben a fenti c\u00edmen, eredeti TB k\u00e1rty\u00e1val \u00e9s szem\u00e9lyi igazolv\u00e1nnyal, febru\u00e1r 15-e \u00e9s 18-a k\u00f6z\u00f6tt a k\u00f6vetkez\u0151 rend szerint: kedd, cs\u00fct\u00f6rt\u00f6k, p\u00e9ntek 8.00-15.00 \u00f3r\u00e1ig, szerd\u00e1n, hosszabb\u00edtott nyitva tart\u00e1s a munk\u00e1b\u00f3l \u00e9rkez\u0151kre val\u00f3 tekintettel, 8.00-t\u00f3l 17.00 \u00f3r\u00e1ig.<\/p>\n<\/div>\n<div>Forr\u00e1s: <a href=\"www.egriszin.hu\">Egrisz\u00edn<\/a><\/div>\n","protected":false},"excerpt":{"rendered":"<p>V\u00e9rad\u00e1s volt ma d\u00e9lel\u0151tt az Egri Polg\u00e1rmesteri Hivatalban, a d\u00edszteremben.<br \/>\nA k\u00e9t \u00f3ra alatt 21 hivatali dolgoz\u00f3 \u00e9s m\u00e1s donor jelentkezett, k\u00f6zel h\u00faszan v\u00e9rt is adhattak, t\u00f6bbeket az influenz\u00e1s, beteges id\u0151szak miatti, kor\u00e1bbi betegs\u00e9g miatt z\u00e1rtak ki ez\u00fattal a v\u00e9rad\u00e1sb\u00f3l. R\u00e1zsi Botond alpolg\u00e1rmester, sokszoros v\u00e9rad\u00f3 ez\u00fattal is t\u0171 al\u00e1 tartotta karj\u00e1t. A l\u00e9tsz\u00e1m a hivatali v\u00e9rad\u00e1s [&#8230;]<\/p>\n","protected":false},"author":4,"featured_media":0,"comment_status":"open","ping_status":"closed","sticky":false,"template":"","format":"standard","meta":{"footnotes":""},"categories":[4],"tags":[],"class_list":["post-3414","post","type-post","status-publish","format-standard","hentry","category-szabadido"],"_links":{"self":[{"href":"https:\/\/www.agriatv.hu\/index.php?rest_route=\/wp\/v2\/posts\/3414","targetHints":{"allow":["GET"]}}],"collection":[{"href":"https:\/\/www.agriatv.hu\/index.php?rest_route=\/wp\/v2\/posts"}],"about":[{"href":"https:\/\/www.agriatv.hu\/index.php?rest_route=\/wp\/v2\/types\/post"}],"author":[{"embeddable":true,"href":"https:\/\/www.agriatv.hu\/index.php?rest_route=\/wp\/v2\/users\/4"}],"replies":[{"embeddable":true,"href":"https:\/\/www.agriatv.hu\/index.php?rest_route=%2Fwp%2Fv2%2Fcomments&post=3414"}],"version-history":[{"count":2,"href":"https:\/\/www.agriatv.hu\/index.php?rest_route=\/wp\/v2\/posts\/3414\/revisions"}],"predecessor-version":[{"id":3416,"href":"https:\/\/www.agriatv.hu\/index.php?rest_route=\/wp\/v2\/posts\/3414\/revisions\/3416"}],"wp:attachment":[{"href":"https:\/\/www.agriatv.hu\/index.php?rest_route=%2Fwp%2Fv2%2Fmedia&parent=3414"}],"wp:term":[{"taxonomy":"category","embeddable":true,"href":"https:\/\/www.agriatv.hu\/index.php?rest_route=%2Fwp%2Fv2%2Fcategories&post=3414"},{"taxonomy":"post_tag","embeddable":true,"href":"https:\/\/www.agriatv.hu\/index.php?rest_route=%2Fwp%2Fv2%2Ftags&post=3414"}],"curies":[{"name":"wp","href":"https:\/\/api.w.org\/{rel}","templated":true}]}}