{"id":3417,"date":"2011-02-08T21:28:42","date_gmt":"2011-02-08T21:28:42","guid":{"rendered":"http:\/\/www.agriatv.hu\/?p=3417"},"modified":"2011-02-08T21:28:42","modified_gmt":"2011-02-08T21:28:42","slug":"magyar-ifjusagi-voroskeresztre-emlekeznek","status":"publish","type":"post","link":"https:\/\/www.agriatv.hu\/?p=3417","title":{"rendered":"Magyar Ifj\u00fas\u00e1gi V\u00f6r\u00f6skeresztre eml\u00e9keznek"},"content":{"rendered":"<p class=\"cikkcikkei\">\n<p><img loading=\"lazy\" decoding=\"async\" id=\"__mce\" class=\"kiskepcikkhez alignleft\" src=\"http:\/\/www.egriszin.hu\/RenderedContents\/IndexImages\/7\/7249-20110208155259-ifju_voros.jpg\" alt=\"\" width=\"150\" height=\"150\" \/><\/p>\n<p><strong>Febru\u00e1r 9-\u00e9n orsz\u00e1gszerte rendezv\u00e9nyeket tartanak abb\u00f3l az alkalomb\u00f3l, hogy 90 \u00e9vvel ezel\u0151tt alakult meg a legnagyobb magyar karitat\u00edv szervezet ifj\u00fas\u00e1gi tagozata.<\/strong><\/p>\n<div>Egerben t\u00f6bb oktat\u00e1si int\u00e9zm\u00e9ny di\u00e1kjai tartanak f\u00e1kly\u00e1s felvonul\u00e1ssal egybek\u00f6t\u00f6tt megeml\u00e9kez\u0151 rendezv\u00e9nyt.<\/p>\n<p>T\u00f6bb mint 30.000 tag, sok ezer gyermek \u00e9s ifj\u00fas\u00e1gi seg\u00edt\u0151, t\u00e1mogat\u00f3-ir\u00e1ny\u00edt\u00f3 munk\u00e1t v\u00e9gz\u0151 pedag\u00f3gusok sz\u00e1zai; ezek a Magyar Ifj\u00fas\u00e1gi V\u00f6r\u00f6skereszt legf\u0151bb er\u0151ss\u00e9gei.<br \/>\n\u0150k azok, akik seg\u00edtenek az adom\u00e1nyok gy\u0171jt\u00e9s\u00e9ben, a v\u00e9rad\u00f3k mozg\u00f3s\u00edt\u00e1s\u00e1ban, eg\u00e9szs\u00e9gnevel\u00e9si programokat szerveznek, k\u00e9pezik magukat k\u00fcl\u00f6nb\u00f6z\u0151 ter\u00fcleteken, hogy majd maguk is k\u00e9pess\u00e9 v\u00e1ljanak kort\u00e1rsaik k\u00e9pz\u00e9s\u00e9re. Sokukkal tal\u00e1lkozhatunk rendezv\u00e9nyeken, bemutat\u00f3kon, esetleg balatoni strandokon, amint kik\u00e9pzett els\u0151seg\u00e9ly ny\u00fajt\u00f3k\u00e9nt szolg\u00e1latot adnak.<br \/>\nHeves megy\u00e9ben \u00e9vek \u00f3ta 1000-1200 fiatal fizeti be a tagd\u00edjat, s k\u00f6z\u00fcl\u00fck hozz\u00e1vet\u0151leg<br \/>\n300-400 f\u0151 folyamatosan vagy alkalmilag k\u00f6z\u00e9rdek\u0171 \u00f6nk\u00e9ntes tev\u00e9kenys\u00e9get is v\u00e9gez.<br \/>\n\u00c9vfordul\u00f3t \u00fcnnepelnek az ifj\u00fas\u00e1gi mozgalom szakmai h\u00e1tter\u00e9\u00fcl szolg\u00e1l\u00f3 v\u00f6r\u00f6skeresztes b\u00e1zisiskol\u00e1k is, hiszen t\u00edz \u00e9vvel ezel\u0151tt csatlakoztak az els\u0151 int\u00e9zm\u00e9nyek ehhez a mozgalomhoz. 2001. \u00f3ta Heves megy\u00e9ben t\u00edz \u00e1ltal\u00e1nos \u00e9s k\u00f6z\u00e9piskola, valamint leg\u00fajabban k\u00e9t \u00f3voda is csatlakozott a V\u00f6r\u00f6skereszt b\u00e1zisint\u00e9zm\u00e9nyeihez.<\/p><\/div>\n<p><span style=\"text-decoration: underline;\">A febru\u00e1r 9-ei rendezv\u00e9ny programja:<\/span><br \/>\n16.00-16.15\u00a0\u00a0 Gy\u00fclekez\u0151 a Kossuth Zsuzsa Gimn\u00e1zium bej\u00e1rat\u00e1n\u00e1l<br \/>\n16.15- 16.35\u00a0 K\u00f6sz\u00f6nt\u0151k \u2013 Mat\u00fazn\u00e9 Nagy Ildik\u00f3 igazgat\u00f3,<br \/>\nR\u00e1zsi Botond alpolg\u00e1rmester,<br \/>\nGortva J\u00f3zsef megyei igazgat\u00f3<br \/>\n16.35- 16.55\u00a0 F\u00e1kly\u00e1s levonul\u00e1s a Dob\u00f3 t\u00e9rre<br \/>\n17.00 &#8211; 17.15\u00a0 Lobban\u00e1s Egyes\u00fclet t\u0171zzsongl\u0151reinek \u00e9s dobosainak m\u0171sora<br \/>\n17.15 \u2013 17.30\u00a0 \u00c1tvonul\u00e1s a dr. Kem\u00e9ny Ferenc \u00c1ltal\u00e1nos Iskol\u00e1ba<br \/>\n17.30 &#8211;\u00a0\u00a0\u00a0\u00a0\u00a0\u00a0\u00a0\u00a0\u00a0\u00a0\u00a0 \u201ezs\u00edroskeny\u00e9r-party\u201d, j\u00e1t\u00e9k<\/p>\n","protected":false},"excerpt":{"rendered":"<p>Febru\u00e1r 9-\u00e9n orsz\u00e1gszerte rendezv\u00e9nyeket tartanak abb\u00f3l az alkalomb\u00f3l, hogy 90 \u00e9vvel ezel\u0151tt alakult meg a legnagyobb magyar karitat\u00edv szervezet ifj\u00fas\u00e1gi tagozata.<br \/>\nEgerben t\u00f6bb oktat\u00e1si int\u00e9zm\u00e9ny di\u00e1kjai tartanak f\u00e1kly\u00e1s felvonul\u00e1ssal egybek\u00f6t\u00f6tt megeml\u00e9kez\u0151 rendezv\u00e9nyt.<br \/>\nT\u00f6bb mint 30.000 tag, sok ezer gyermek \u00e9s ifj\u00fas\u00e1gi seg\u00edt\u0151, t\u00e1mogat\u00f3-ir\u00e1ny\u00edt\u00f3 munk\u00e1t v\u00e9gz\u0151 pedag\u00f3gusok sz\u00e1zai; ezek a Magyar Ifj\u00fas\u00e1gi V\u00f6r\u00f6skereszt legf\u0151bb er\u0151ss\u00e9gei.<br \/>\n\u0150k azok, akik seg\u00edtenek [&#8230;]<\/p>\n","protected":false},"author":4,"featured_media":0,"comment_status":"open","ping_status":"closed","sticky":false,"template":"","format":"standard","meta":{"footnotes":""},"categories":[6],"tags":[],"class_list":["post-3417","post","type-post","status-publish","format-standard","hentry","category-belfold"],"_links":{"self":[{"href":"https:\/\/www.agriatv.hu\/index.php?rest_route=\/wp\/v2\/posts\/3417","targetHints":{"allow":["GET"]}}],"collection":[{"href":"https:\/\/www.agriatv.hu\/index.php?rest_route=\/wp\/v2\/posts"}],"about":[{"href":"https:\/\/www.agriatv.hu\/index.php?rest_route=\/wp\/v2\/types\/post"}],"author":[{"embeddable":true,"href":"https:\/\/www.agriatv.hu\/index.php?rest_route=\/wp\/v2\/users\/4"}],"replies":[{"embeddable":true,"href":"https:\/\/www.agriatv.hu\/index.php?rest_route=%2Fwp%2Fv2%2Fcomments&post=3417"}],"version-history":[{"count":2,"href":"https:\/\/www.agriatv.hu\/index.php?rest_route=\/wp\/v2\/posts\/3417\/revisions"}],"predecessor-version":[{"id":3419,"href":"https:\/\/www.agriatv.hu\/index.php?rest_route=\/wp\/v2\/posts\/3417\/revisions\/3419"}],"wp:attachment":[{"href":"https:\/\/www.agriatv.hu\/index.php?rest_route=%2Fwp%2Fv2%2Fmedia&parent=3417"}],"wp:term":[{"taxonomy":"category","embeddable":true,"href":"https:\/\/www.agriatv.hu\/index.php?rest_route=%2Fwp%2Fv2%2Fcategories&post=3417"},{"taxonomy":"post_tag","embeddable":true,"href":"https:\/\/www.agriatv.hu\/index.php?rest_route=%2Fwp%2Fv2%2Ftags&post=3417"}],"curies":[{"name":"wp","href":"https:\/\/api.w.org\/{rel}","templated":true}]}}