{"id":3420,"date":"2011-02-08T21:31:23","date_gmt":"2011-02-08T21:31:23","guid":{"rendered":"http:\/\/www.agriatv.hu\/?p=3420"},"modified":"2011-02-08T21:31:23","modified_gmt":"2011-02-08T21:31:23","slug":"forum-a-mesterkepzesrol","status":"publish","type":"post","link":"https:\/\/www.agriatv.hu\/?p=3420","title":{"rendered":"F\u00f3rum a mesterk\u00e9pz\u00e9sr\u0151l"},"content":{"rendered":"<p><img loading=\"lazy\" decoding=\"async\" class=\"alignleft\" title=\"Fot\u00f3: L\u00e9n\u00e1rt M\u00e1rton\" src=\"http:\/\/heol.hu\/lapokkepek\/cikkek\/143000\/143405_LM_2197.jpg\" alt=\"Fot\u00f3: L\u00e9n\u00e1rt M\u00e1rton\" width=\"133\" height=\"83\" \/><strong>Az Eszterh\u00e1zy K\u00e1roly F\u0151iskola (EKF) mesterk\u00e9pz\u00e9seir\u0151l tartottak kedden d\u00e9lut\u00e1n f\u00f3rumot az int\u00e9zm\u00e9ny Eg\u00e9szs\u00e9gh\u00e1z utcai \u00e9p\u00fclet\u00e9ben. <\/strong>Az alapk\u00e9pz\u00e9st \u00e9s a f\u0151iskolai szint\u0171 tanulm\u00e1nyokat k\u00f6vet\u0151 k\u00e9pz\u00e9sr\u0151l <strong>Kal\u00f3n\u00e9 Sz\u0171cs Erzs\u00e9bet<\/strong>, a Tanulm\u00e1nyi \u00e9s Inform\u00e1ci\u00f3s K\u00f6zpont f\u0151igazgat\u00f3ja besz\u00e9lt, aki elmondta: az EKF-en jelenleg 31 mesterk\u00e9pz\u00e9si szakb\u00f3l v\u00e1laszthatnak az \u00e9rdekl\u0151d\u0151k. A f\u0151igazgat\u00f3 kiemelte: a 25 tan\u00e1ri szakk\u00e9pzetts\u00e9g mellett m\u00e1r 6 diszciplin\u00e1ris mesterszakot is ind\u00edt az int\u00e9zm\u00e9ny. \u2013 A nemr\u00e9g akkredit\u00e1lt T\u00f6rt\u00e9nelemtudom\u00e1nyi Doktori Iskol\u00e1val imm\u00e1ron minden szinten biztos\u00edt a f\u0151iskola k\u00e9pz\u00e9st \u2013 hangs\u00falyozta Kal\u00f3n\u00e9 Sz\u0171cs Erzs\u00e9bet. \u2013 De m\u00e1r folyamatban van a Nevel\u00e9studom\u00e1nyi Doktori Iskola akkredit\u00e1l\u00e1sa is.<br \/>\nAz el\u0151ad\u00e1sokat k\u00f6vet\u0151en az EKF szakemberei az \u00e9rdekl\u0151d\u0151k egy\u00e9ni k\u00e9rd\u00e9seire is v\u00e1laszoltak.<\/p>\n<p>Forr\u00e1s: HEOL<\/p>\n","protected":false},"excerpt":{"rendered":"<p>Az Eszterh\u00e1zy K\u00e1roly F\u0151iskola (EKF) mesterk\u00e9pz\u00e9seir\u0151l tartottak kedden d\u00e9lut\u00e1n f\u00f3rumot az int\u00e9zm\u00e9ny Eg\u00e9szs\u00e9gh\u00e1z utcai \u00e9p\u00fclet\u00e9ben. Az alapk\u00e9pz\u00e9st \u00e9s a f\u0151iskolai szint\u0171 tanulm\u00e1nyokat k\u00f6vet\u0151 k\u00e9pz\u00e9sr\u0151l Kal\u00f3n\u00e9 Sz\u0171cs Erzs\u00e9bet, a Tanulm\u00e1nyi \u00e9s Inform\u00e1ci\u00f3s K\u00f6zpont f\u0151igazgat\u00f3ja besz\u00e9lt, aki elmondta: az EKF-en jelenleg 31 mesterk\u00e9pz\u00e9si szakb\u00f3l v\u00e1laszthatnak az \u00e9rdekl\u0151d\u0151k. A f\u0151igazgat\u00f3 kiemelte: a 25 tan\u00e1ri szakk\u00e9pzetts\u00e9g mellett m\u00e1r 6 [&#8230;]<\/p>\n","protected":false},"author":4,"featured_media":0,"comment_status":"open","ping_status":"closed","sticky":false,"template":"","format":"standard","meta":{"footnotes":""},"categories":[9],"tags":[],"class_list":["post-3420","post","type-post","status-publish","format-standard","hentry","category-oktatas"],"_links":{"self":[{"href":"https:\/\/www.agriatv.hu\/index.php?rest_route=\/wp\/v2\/posts\/3420","targetHints":{"allow":["GET"]}}],"collection":[{"href":"https:\/\/www.agriatv.hu\/index.php?rest_route=\/wp\/v2\/posts"}],"about":[{"href":"https:\/\/www.agriatv.hu\/index.php?rest_route=\/wp\/v2\/types\/post"}],"author":[{"embeddable":true,"href":"https:\/\/www.agriatv.hu\/index.php?rest_route=\/wp\/v2\/users\/4"}],"replies":[{"embeddable":true,"href":"https:\/\/www.agriatv.hu\/index.php?rest_route=%2Fwp%2Fv2%2Fcomments&post=3420"}],"version-history":[{"count":2,"href":"https:\/\/www.agriatv.hu\/index.php?rest_route=\/wp\/v2\/posts\/3420\/revisions"}],"predecessor-version":[{"id":3422,"href":"https:\/\/www.agriatv.hu\/index.php?rest_route=\/wp\/v2\/posts\/3420\/revisions\/3422"}],"wp:attachment":[{"href":"https:\/\/www.agriatv.hu\/index.php?rest_route=%2Fwp%2Fv2%2Fmedia&parent=3420"}],"wp:term":[{"taxonomy":"category","embeddable":true,"href":"https:\/\/www.agriatv.hu\/index.php?rest_route=%2Fwp%2Fv2%2Fcategories&post=3420"},{"taxonomy":"post_tag","embeddable":true,"href":"https:\/\/www.agriatv.hu\/index.php?rest_route=%2Fwp%2Fv2%2Ftags&post=3420"}],"curies":[{"name":"wp","href":"https:\/\/api.w.org\/{rel}","templated":true}]}}