{"id":3423,"date":"2011-02-09T14:50:48","date_gmt":"2011-02-09T14:50:48","guid":{"rendered":"http:\/\/www.agriatv.hu\/?p=3423"},"modified":"2011-02-09T14:53:18","modified_gmt":"2011-02-09T14:53:18","slug":"lezarult-a-vizsgalat-a-hamis-diagnozisok-ugyeben","status":"publish","type":"post","link":"https:\/\/www.agriatv.hu\/?p=3423","title":{"rendered":"Lez\u00e1rult a vizsg\u00e1lat a hamis diagn\u00f3zisok \u00fcgy\u00e9ben"},"content":{"rendered":"<p><strong>Lez\u00e1rult az egykori Orsz\u00e1gos Rehabilit\u00e1ci\u00f3s \u00e9s Szoci\u00e1lis Szak\u00e9rt\u0151i Int\u00e9zet \u00e1ltal v\u00e9gzett bels\u0151 vizsg\u00e1lata a p\u00e9nz\u00e9rt lesz\u00e1zal\u00e9kol\u00f3 egri orvos szak\u00e9rt\u0151k \u00fcgy\u00e9ben. <\/strong><\/p>\n<p>A bels\u0151 vizsg\u00e1lat eredm\u00e9ny\u00e9b\u0151l kider\u00fcl: k\u00e9tsz\u00e1zhat rokkants\u00e1gi elj\u00e1r\u00e1sb\u00f3l huszonnyolc esetben \u00e1ll\u00edtottak ki hamis diagn\u00f3zist az egri orvos szak\u00e9rt\u0151k\u00a0&#8211; \u00e9rtes\u00fclt a Magyar Nemzet.<\/p>\n<p>Ismeretes: tavaly novemberben egy \u00f6sszehangolt rend\u0151ri akci\u00f3 keret\u00e9ben tetten \u00e9rtek \u00e9s el\u0151\u00e1ll\u00edtottak k\u00e9t orvosszak\u00e9rt\u0151t, akik megalapozottan gyan\u00fas\u00edthat\u00f3k azzal, hogy 2010. j\u00falius\u00e1t\u00f3l folyamatosan \u00e9s rendszeresen k\u00fcl\u00f6nb\u00f6z\u0151 szem\u00e9lyekt\u0151l fogadtak el alkalmank\u00e9nt nagyobb \u00f6sszeget, amely\u00e9rt cser\u00e9be jogtalan el\u0151nyh\u00f6z juttatt\u00e1k \u0151ket. <strong>R\u00e9thelyi Mikl\u00f3s<\/strong> nemzeti er\u0151forr\u00e1s miniszter \u00e9s <strong>Solt\u00e9sz Mikl\u00f3s<\/strong>, a t\u00e1rca szoci\u00e1lis \u00fcgyek\u00e9rt felel\u0151s \u00e1llamtitk\u00e1ra felsz\u00f3l\u00edtotta az egykori Orsz\u00e1gos Rehabilit\u00e1ci\u00f3s \u00e9s Szoci\u00e1lis Szak\u00e9rt\u0151i Int\u00e9zet int\u00e9zet f\u0151igazgat\u00f3j\u00e1t, hogy vizsg\u00e1lja ki az egri korrupci\u00f3s \u00fcgyet.<\/p>\n<p>A k\u00e9t orvos esetenk\u00e9nt sz\u00e1zezer forintot fogadott el az\u00e9rt, hogy lesz\u00e1zal\u00e9kol\u00e1si elj\u00e1r\u00e1sokat befoly\u00e1soljon. A jelenleg is el\u0151zetes letart\u00f3ztat\u00e1sban l\u00e9v\u0151 szak\u00e9rt\u0151ket a rend\u0151rs\u00e9g hivatalos szem\u00e9lyk\u00e9nt hivatali hatalommal val\u00f3 veszteget\u00e9s b\u0171ntett\u00e9vel gyan\u00fas\u00edtja &#8211; \u00edrja a Magyar Nemzet, hozz\u00e1t\u00e9ve, hogy a gr\u00e9mium javaslata szerint id\u00e9n a soros rokkants\u00e1gi vizsg\u00e1latra beh\u00edvott ig\u00e9nyl\u0151ket is ellen\u0151rizhetik.<\/p>\n<p>Forr\u00e1s: HEOL<\/p>\n","protected":false},"excerpt":{"rendered":"<p>Lez\u00e1rult az egykori Orsz\u00e1gos Rehabilit\u00e1ci\u00f3s \u00e9s Szoci\u00e1lis Szak\u00e9rt\u0151i Int\u00e9zet \u00e1ltal v\u00e9gzett bels\u0151 vizsg\u00e1lata a p\u00e9nz\u00e9rt lesz\u00e1zal\u00e9kol\u00f3 egri orvos szak\u00e9rt\u0151k \u00fcgy\u00e9ben.<br \/>\nA bels\u0151 vizsg\u00e1lat eredm\u00e9ny\u00e9b\u0151l kider\u00fcl: k\u00e9tsz\u00e1zhat rokkants\u00e1gi elj\u00e1r\u00e1sb\u00f3l huszonnyolc esetben \u00e1ll\u00edtottak ki hamis diagn\u00f3zist az egri orvos szak\u00e9rt\u0151k\u00a0&#8211; \u00e9rtes\u00fclt a Magyar Nemzet.<br \/>\nIsmeretes: tavaly novemberben egy \u00f6sszehangolt rend\u0151ri akci\u00f3 keret\u00e9ben tetten \u00e9rtek \u00e9s el\u0151\u00e1ll\u00edtottak k\u00e9t orvosszak\u00e9rt\u0151t, [&#8230;]<\/p>\n","protected":false},"author":4,"featured_media":0,"comment_status":"open","ping_status":"closed","sticky":false,"template":"","format":"standard","meta":{"footnotes":""},"categories":[5],"tags":[],"class_list":["post-3423","post","type-post","status-publish","format-standard","hentry","category-kek-hirek"],"_links":{"self":[{"href":"https:\/\/www.agriatv.hu\/index.php?rest_route=\/wp\/v2\/posts\/3423","targetHints":{"allow":["GET"]}}],"collection":[{"href":"https:\/\/www.agriatv.hu\/index.php?rest_route=\/wp\/v2\/posts"}],"about":[{"href":"https:\/\/www.agriatv.hu\/index.php?rest_route=\/wp\/v2\/types\/post"}],"author":[{"embeddable":true,"href":"https:\/\/www.agriatv.hu\/index.php?rest_route=\/wp\/v2\/users\/4"}],"replies":[{"embeddable":true,"href":"https:\/\/www.agriatv.hu\/index.php?rest_route=%2Fwp%2Fv2%2Fcomments&post=3423"}],"version-history":[{"count":3,"href":"https:\/\/www.agriatv.hu\/index.php?rest_route=\/wp\/v2\/posts\/3423\/revisions"}],"predecessor-version":[{"id":3426,"href":"https:\/\/www.agriatv.hu\/index.php?rest_route=\/wp\/v2\/posts\/3423\/revisions\/3426"}],"wp:attachment":[{"href":"https:\/\/www.agriatv.hu\/index.php?rest_route=%2Fwp%2Fv2%2Fmedia&parent=3423"}],"wp:term":[{"taxonomy":"category","embeddable":true,"href":"https:\/\/www.agriatv.hu\/index.php?rest_route=%2Fwp%2Fv2%2Fcategories&post=3423"},{"taxonomy":"post_tag","embeddable":true,"href":"https:\/\/www.agriatv.hu\/index.php?rest_route=%2Fwp%2Fv2%2Ftags&post=3423"}],"curies":[{"name":"wp","href":"https:\/\/api.w.org\/{rel}","templated":true}]}}