{"id":3475,"date":"2011-02-15T23:05:46","date_gmt":"2011-02-15T23:05:46","guid":{"rendered":"http:\/\/www.agriatv.hu\/?p=3475"},"modified":"2011-02-15T23:05:46","modified_gmt":"2011-02-15T23:05:46","slug":"kopcsik-megedesiti-amerikat","status":"publish","type":"post","link":"https:\/\/www.agriatv.hu\/?p=3475","title":{"rendered":"Kopcsik meg\u00e9des\u00edti Amerik\u00e1t"},"content":{"rendered":"<p><img loading=\"lazy\" decoding=\"async\" class=\"alignleft\" title=\"Kopcsik Lajos (balra) egyebek mellett egy amerikai jelk\u00e9peket \u00e1br\u00e1zol\u00f3 alkot\u00e1st \u2013 rajta t\u00f6bbek k\u00f6z\u00f6tt a Szabads\u00e1g-szoborral \u00e9s Marilyn Monroe-val \u2013  is \u00e1tadott Eleni Tsakopoulous Kounalakis nagyk\u00f6vetnek (jobbra). FOT\u00d3: NEMES R\u00d3BERT\" src=\"http:\/\/heol.hu\/lapokkepek\/cikkek\/144000\/144013_749E5467.JPG\" alt=\"Kopcsik Lajos (balra) egyebek mellett egy amerikai jelk\u00e9peket \u00e1br\u00e1zol\u00f3 alkot\u00e1st \u2013 rajta t\u00f6bbek k\u00f6z\u00f6tt a Szabads\u00e1g-szoborral \u00e9s Marilyn Monroe-val \u2013  is \u00e1tadott Eleni Tsakopoulous Kounalakis nagyk\u00f6vetnek (jobbra). FOT\u00d3: NEMES R\u00d3BERT\" width=\"108\" height=\"76\" \/><strong>Kopcsik Lajos, vil\u00e1gh\u00edr\u0171 egri mestercukr\u00e1szt \u00e9s Habis L\u00e1szl\u00f3t, Eger polg\u00e1rmester\u00e9t is fogadta kedden Budapesten Eleni Tsakopoulous Kounalakis, az Amerikai Egyes\u00fclt \u00c1llamok magyarorsz\u00e1gi nagyk\u00f6vete.<\/strong><\/p>\n<p>A egri deleg\u00e1ci\u00f3 <strong>Kopcsik Lajos<\/strong> remek alkot\u00e1sait adta \u00e1t a nagyk\u00f6vetnek, aki m\u00e1r kor\u00e1bbi egri l\u00e1togat\u00e1sai sor\u00e1n megjegyezte, hogy nagy tisztel\u0151je a mestercukr\u00e1sz munk\u00e1ss\u00e1g\u00e1nak.<\/p>\n<p><strong>Eleni Tsakopoulous Kounalakis<\/strong> biztos\u00edtotta arr\u00f3l a vend\u00e9geket, hogy a k\u00e9t mesterm\u0171vet a nagyk\u00f6vets\u00e9g budapesti \u00e9p\u00fclet\u00e9ben hamarosan egy k\u00f6zponti helyen el is fogja helyezni.<\/p>\n<p>Forr\u00e1s: HEOL<\/p>\n","protected":false},"excerpt":{"rendered":"<p>Kopcsik Lajos, vil\u00e1gh\u00edr\u0171 egri mestercukr\u00e1szt \u00e9s Habis L\u00e1szl\u00f3t, Eger polg\u00e1rmester\u00e9t is fogadta kedden Budapesten Eleni Tsakopoulous Kounalakis, az Amerikai Egyes\u00fclt \u00c1llamok magyarorsz\u00e1gi nagyk\u00f6vete.<br \/>\nA egri deleg\u00e1ci\u00f3 Kopcsik Lajos remek alkot\u00e1sait adta \u00e1t a nagyk\u00f6vetnek, aki m\u00e1r kor\u00e1bbi egri l\u00e1togat\u00e1sai sor\u00e1n megjegyezte, hogy nagy tisztel\u0151je a mestercukr\u00e1sz munk\u00e1ss\u00e1g\u00e1nak.<br \/>\nEleni Tsakopoulous Kounalakis biztos\u00edtotta arr\u00f3l a vend\u00e9geket, hogy a k\u00e9t [&#8230;]<\/p>\n","protected":false},"author":4,"featured_media":0,"comment_status":"open","ping_status":"closed","sticky":false,"template":"","format":"standard","meta":{"footnotes":""},"categories":[8,1],"tags":[],"class_list":["post-3475","post","type-post","status-publish","format-standard","hentry","category-kultura","category-nincs-kategorizalva"],"_links":{"self":[{"href":"https:\/\/www.agriatv.hu\/index.php?rest_route=\/wp\/v2\/posts\/3475","targetHints":{"allow":["GET"]}}],"collection":[{"href":"https:\/\/www.agriatv.hu\/index.php?rest_route=\/wp\/v2\/posts"}],"about":[{"href":"https:\/\/www.agriatv.hu\/index.php?rest_route=\/wp\/v2\/types\/post"}],"author":[{"embeddable":true,"href":"https:\/\/www.agriatv.hu\/index.php?rest_route=\/wp\/v2\/users\/4"}],"replies":[{"embeddable":true,"href":"https:\/\/www.agriatv.hu\/index.php?rest_route=%2Fwp%2Fv2%2Fcomments&post=3475"}],"version-history":[{"count":3,"href":"https:\/\/www.agriatv.hu\/index.php?rest_route=\/wp\/v2\/posts\/3475\/revisions"}],"predecessor-version":[{"id":3478,"href":"https:\/\/www.agriatv.hu\/index.php?rest_route=\/wp\/v2\/posts\/3475\/revisions\/3478"}],"wp:attachment":[{"href":"https:\/\/www.agriatv.hu\/index.php?rest_route=%2Fwp%2Fv2%2Fmedia&parent=3475"}],"wp:term":[{"taxonomy":"category","embeddable":true,"href":"https:\/\/www.agriatv.hu\/index.php?rest_route=%2Fwp%2Fv2%2Fcategories&post=3475"},{"taxonomy":"post_tag","embeddable":true,"href":"https:\/\/www.agriatv.hu\/index.php?rest_route=%2Fwp%2Fv2%2Ftags&post=3475"}],"curies":[{"name":"wp","href":"https:\/\/api.w.org\/{rel}","templated":true}]}}