{"id":3546,"date":"2011-02-23T22:09:20","date_gmt":"2011-02-23T22:09:20","guid":{"rendered":"http:\/\/www.agriatv.hu\/?p=3546"},"modified":"2011-03-20T18:30:03","modified_gmt":"2011-03-20T18:30:03","slug":"temposan-kezdett-a-batorfi-team-agria-ktk","status":"publish","type":"post","link":"https:\/\/www.agriatv.hu\/?p=3546","title":{"rendered":"Temp\u00f3san kezdett a B\u00e1torfi Team Agria KTK"},"content":{"rendered":"<p><img loading=\"lazy\" decoding=\"async\" class=\"alignleft\" title=\"A vid\u00e1m csapat tagjai j\u00f3 eredm\u00e9nyekkel szeretn\u00e9nek mosolyt csalni az \u00e9rt\u00fck szor\u00edt\u00f3k arc\u00e1ra. Fot\u00f3: L\u00e9n\u00e1rt M\u00e1rton\" src=\"http:\/\/heol.hu\/lapokkepek\/cikkek\/144000\/144687_batorfi-agria.jpg\" alt=\"A vid\u00e1m csapat tagjai j\u00f3 eredm\u00e9nyekkel szeretn\u00e9nek mosolyt csalni az \u00e9rt\u00fck szor\u00edt\u00f3k arc\u00e1ra. Fot\u00f3: L\u00e9n\u00e1rt M\u00e1rton\" width=\"138\" height=\"92\" \/><strong>Fejes G\u00e1bor, Lengyel G\u00e1bor, K\u00f3nya Tam\u00e1s \u00e9s Moln\u00e1r Zsolt szem\u00e9lye a garancia arra, hogy a most bemutatkozott B\u00e1torfi Team Agria Ker\u00e9kp\u00e1r \u00e9s Triatlon Klubn\u00e1l magas sz\u00ednvonal\u00fa eredm\u00e9nyes munk\u00e1ra t\u00f6rekszenek.<\/strong><\/p>\n<p>Dr. B\u00e1torfi B\u00e9la olyan temp\u00f3san kezdett, amilyet elv\u00e1r a versenyz\u0151it\u0151l is. A B\u00e1torfi Team Agria KTK eln\u00f6ke a Megyeh\u00e1z\u00e1n \u00e9l\u00e9nk sajt\u00f3\u00e9rdekl\u0151d\u00e9s k\u00f6zepette sz\u00f3lt az \u00faj egyletr\u0151l, amelynek f\u0151 profilj\u00e1t az orsz\u00e1g\u00fati ker\u00e9kp\u00e1roz\u00e1s, a triatlon \u00e9s a t\u00faraker\u00e9kp\u00e1r jelenti.<\/p>\n<p>\u2013 A verseny- \u00e9s szabadid\u0151sport mellett az ut\u00e1np\u00f3tl\u00e1s-nevel\u00e9sre is nagy hangs\u00falyt fektet\u00fcnk, azon t\u00fal, hogy a ker\u00e9kp\u00e1ros k\u00f6zleked\u00e9s kult\u00far\u00e1j\u00e1t is szeretn\u00e9nk fejleszteni \u2013 jelentette ki \u201ea fog\u00e1szati implant\u00e1tumok nemzetk\u00f6zi szak\u00e9rt\u0151je\u201d, dr. B\u00e1torfi B\u00e9la.<\/p>\n<div class=\"wordtube\">\n<div class=\"wordtube single217\" id=\"WT1_1\" style=\"width:320px; height:240px;\">\n<a href=\"http:\/\/www.macromedia.com\/go\/getflashplayer\">Get the Flash Player<\/a> to see the wordTube Media Player.\n<\/div><\/div>\n\t<script type=\"text\/javascript\" defer=\"defer\">\nvar WT1_1 = {\n\tparams : {\n\t\twmode : \"opaque\",\n\t\tallowscriptaccess : \"always\",\n\t\tallownetworking : \"all\",\n\t\tallowfullscreen : \"true\"},\n\tflashvars : {\n\t\tfile : \"http%3A%2F%2Fwww.agriatv.hu%2Fwp-content%2Fuploads%2F2011%2F02%2F0223bicaj.flv\",\n\t\tvolume : \"80\",\n\t\tbufferlength : \"5\",\n\t\tquality : \"false\",\n\t\t'logo.hide' : \"false\",\n\t\timage : \"http%3A%2F%2Fwww.agriatv.hu%2Fwp-content%2Fuploads%2F2011%2F02%2F0223bicaj.jpg\",\n\t\ttitle : \"0223bicaj.flv\",\n\t\tlinktarget : \"_self\"},\n\tattr : {\n\t\tid : \"WT1\",\n\t\tname : \"WT1\"},\n\tstart : function() {\n\t\tswfobject.embedSWF(\"https:\/\/www.agriatv.hu\/\/player.swf\", \"WT1_1\", \"320\", \"240\", \"9.0.0\", false, this.flashvars, this.params , this.attr );\n\t}\n}\nWT1_1.start();\n\t<\/script>\n\n<p>A 2008-ban h\u00e1rmas csapatbajnoks\u00e1got nyert Lengyel G\u00e1bor ker\u00e9kp\u00e1ros t\u00e1rsainak bemutat\u00e1s\u00e1val folytatta a sort, k\u00f6zt\u00fck K\u00f3nya Tam\u00e1ssal \u00e9s Fejes G\u00e1borral. Ut\u00f3bbi a Magyar K\u00f6zt\u00e1rsas\u00e1g id\u0151futam bajnoka, el\u0151bbi pedig hegyi bajnok, s mindketten tagjai voltak a kommuna.org nev\u0171 egri ker\u00e9kp\u00e1ros csapatnak. K\u00e9t \u00e9v kit\u00e9r\u0151 \u00e9s k\u00e9nyszerpihen\u0151 ut\u00e1n \u00e1llt \u00fajra \u00f6ssze a sport\u00e1g egri t\u00f6rt\u00e9net\u00e9nek m\u00e1ig legeredm\u00e9nyesebb egy\u00fcttese. Az Agria KTK-ban otthonra tal\u00e1lnak a triatlonist\u00e1k is, kihaszn\u00e1lva a v\u00e1ros nagyszer\u0171 f\u00f6ldrajzi \u00e9s l\u00e9tes\u00edtm\u00e9ny adotts\u00e1gait, kiv\u00e1l\u00f3 \u00fasz\u00f3, ker\u00e9kp\u00e1ros \u00e9s atl\u00e9tika hagyom\u00e1nyait.<\/p>\n<p>\u2013 Mindk\u00e9t szakoszt\u00e1lyban jelent\u0151s hangs\u00falyt kap az ut\u00e1np\u00f3tl\u00e1s-nevel\u00e9s \u2013 emelte ki Moln\u00e1r Zsolt triatlonista, aki a K\u00f6z\u00e9p Eur\u00f3pa Kupa koroszt\u00e1lyos (40\u201344 \u00e9v k\u00f6z\u00f6ttiek) \u00f6sszetett els\u0151s\u00e9g\u00e9\u00e9rt az esem\u00e9nyen vehette \u00e1t Czencz P\u00e9tert\u0151l, a Magyar Triatlon Sz\u00f6vets\u00e9g f\u0151titk\u00e1r\u00e1t\u00f3l a bajnoknak j\u00e1r\u00f3 serleget. \u2013 Az \u00fasz\u00e1s fort\u00e9lyaira L\u00e1z\u00e1r Rita oktat majd, a ker\u00e9kp\u00e1roz\u00e1s rejtelmeit K\u00f3nya Tam\u00e1st\u00f3l \u00e9s \u00d6rd\u00f6g Kriszti\u00e1nt\u00f3l saj\u00e1t\u00edthatj\u00e1k el a fiatalok, m\u00edg az atl\u00e9tika alapjait Bl\u00e9zer Attila tan\u00edtja.<\/p>\n<div class=\"keretes\">\n<div class=\"inner\">\n<h4>A B\u00e1torfi Team Agria KTK csapat\u00e1nak tagjai<\/h4>\n<p class=\"keretesSzovege\">Fejes G\u00e1bor, K\u00f3nya Tam\u00e1s, Lengyel G\u00e1bor, Tak\u00e1cs Tam\u00e1s, Kir\u00e1ly Zolt\u00e1n, Steiner Gy\u00f6rgy, \u00d6rd\u00f6g Kriszti\u00e1n, Balogh Csaba, Szeredi R\u00f3bert, Moln\u00e1r Zsolt, Moln\u00e1r \u00c1d\u00e1m, T\u00f3th Norbert, T\u00f3th K\u00e1lm\u00e1n, Bocskai D\u00e1niel, Czmorek Zolt\u00e1n, Hegyes J\u00e1nos, Rizsavi Istv\u00e1n, Kuti G\u00e9za, Moln\u00e1r P\u00e1l.<\/p>\n<\/div>\n<\/div>\n<p>A versenyek mellett rangos hazai viadalokat is szervez az egylet, az els\u0151t m\u00e1jus 28-\u00e1n az Egyetemi \u00e9s F\u0151iskol\u00e1s Triatlon OB jelenti, amelyet az Eger Nagyd\u00edj\u00e9rt \u00edrtak ki. Az esem\u00e9ny egyik f\u0151v\u00e9dn\u00f6ke Horv\u00e1th L\u00e1szl\u00f3 lesz.<br \/>\n\u2013 Nagy lehet\u0151s\u00e9g el\u0151tt \u00e1ll\u00f3 klubr\u00f3l van sz\u00f3, amely a rem\u00e9lhet\u0151leg kiemelked\u0151 teljes\u00edtm\u00e9nyek alapj\u00e1n j\u00f3 h\u00edr\u00e9t viheti a v\u00e1rosnak \u00e9s a megy\u00e9nek \u2013 fogalmazott a korm\u00e1nymegb\u00edzott, biztatva a gazdas\u00e1gi \u00e9let szerepl\u0151it, hogy b\u00e1tran \u00e1lljanak az egylet m\u00f6g\u00e9.<\/p>\n<p>Az egri \u00f6nkorm\u00e1nyzatot k\u00e9pvisel\u0151 R\u00e1zsi Botond az esem\u00e9ny kapcs\u00e1n az el\u0151k\u00e9sz\u00edt\u0151 munka jelent\u0151s\u00e9g\u00e9t hangs\u00falyozta, az klub\u00e9letet illet\u0151en pedig az ut\u00e1np\u00f3tl\u00e1s-nevel\u00e9s fontoss\u00e1g\u00e1t eml\u00edtette els\u0151k\u00e9nt.<br \/>\n\u2013 Az itt \u00e9l\u0151k sz\u00e1m\u00e1ra is szerethet\u0151 versenyben b\u00edzunk, ez\u00e9rt t\u00e1mogatjuk az ob-t, \u00e9s egyel\u0151re szer\u00e9nyebb m\u00e9rt\u00e9kben, de anyagilag az Agria KTK-t \u2013 jelentette ki az alpolg\u00e1rmester.<\/p>\n<p>A m\u00e1rcius 5-\u00e9n kezd\u0151d\u0151 Olimpia \u00d6tpr\u00f3ba aprop\u00f3j\u00e1n is el\u0151t\u00e9rbe ker\u00fclt a megyesz\u00e9khely, m\u00edg M\u00e1traf\u00fcred a teljes\u00edtm\u00e9nyt\u00fara ok\u00e1n csatlakozik mintegy 150 ezer embert \u00e9rint\u0151 sorozatban.<\/p>\n<p>A B\u00e1torfi Team Agria KTK sz\u00e1m\u00e1ra most azonban az a leg\u00f6rvendetesebb, hogy a mag\u00e1nszf\u00e9ra \u00e9s az \u00f6nkorm\u00e1nyzat p\u00e9ld\u00e1s \u00f6sszefog\u00e1s\u00e1nak eredm\u00e9nyek\u00e9nt elindulhatott az \u00faj klub, olyan temp\u00f3san, ahogy az dr. B\u00e1torfi B\u00e9la dikt\u00e1lja.<\/p>\n<p>Forr\u00e1s: HEOL<\/p>\n","protected":false},"excerpt":{"rendered":"<p>Fejes G\u00e1bor, Lengyel G\u00e1bor, K\u00f3nya Tam\u00e1s \u00e9s Moln\u00e1r Zsolt szem\u00e9lye a garancia arra, hogy a most bemutatkozott B\u00e1torfi Team Agria Ker\u00e9kp\u00e1r \u00e9s Triatlon Klubn\u00e1l magas sz\u00ednvonal\u00fa eredm\u00e9nyes munk\u00e1ra t\u00f6rekszenek.<br \/>\nDr. B\u00e1torfi B\u00e9la olyan temp\u00f3san kezdett, amilyet elv\u00e1r a versenyz\u0151it\u0151l is. A B\u00e1torfi Team Agria KTK eln\u00f6ke a Megyeh\u00e1z\u00e1n \u00e9l\u00e9nk sajt\u00f3\u00e9rdekl\u0151d\u00e9s k\u00f6zepette sz\u00f3lt az \u00faj egyletr\u0151l, amelynek [&#8230;]<\/p>\n","protected":false},"author":4,"featured_media":0,"comment_status":"open","ping_status":"closed","sticky":false,"template":"","format":"standard","meta":{"footnotes":""},"categories":[11],"tags":[],"class_list":["post-3546","post","type-post","status-publish","format-standard","hentry","category-sport"],"_links":{"self":[{"href":"https:\/\/www.agriatv.hu\/index.php?rest_route=\/wp\/v2\/posts\/3546","targetHints":{"allow":["GET"]}}],"collection":[{"href":"https:\/\/www.agriatv.hu\/index.php?rest_route=\/wp\/v2\/posts"}],"about":[{"href":"https:\/\/www.agriatv.hu\/index.php?rest_route=\/wp\/v2\/types\/post"}],"author":[{"embeddable":true,"href":"https:\/\/www.agriatv.hu\/index.php?rest_route=\/wp\/v2\/users\/4"}],"replies":[{"embeddable":true,"href":"https:\/\/www.agriatv.hu\/index.php?rest_route=%2Fwp%2Fv2%2Fcomments&post=3546"}],"version-history":[{"count":4,"href":"https:\/\/www.agriatv.hu\/index.php?rest_route=\/wp\/v2\/posts\/3546\/revisions"}],"predecessor-version":[{"id":3549,"href":"https:\/\/www.agriatv.hu\/index.php?rest_route=\/wp\/v2\/posts\/3546\/revisions\/3549"}],"wp:attachment":[{"href":"https:\/\/www.agriatv.hu\/index.php?rest_route=%2Fwp%2Fv2%2Fmedia&parent=3546"}],"wp:term":[{"taxonomy":"category","embeddable":true,"href":"https:\/\/www.agriatv.hu\/index.php?rest_route=%2Fwp%2Fv2%2Fcategories&post=3546"},{"taxonomy":"post_tag","embeddable":true,"href":"https:\/\/www.agriatv.hu\/index.php?rest_route=%2Fwp%2Fv2%2Ftags&post=3546"}],"curies":[{"name":"wp","href":"https:\/\/api.w.org\/{rel}","templated":true}]}}