{"id":3550,"date":"2011-02-23T22:24:46","date_gmt":"2011-02-23T22:24:46","guid":{"rendered":"http:\/\/www.agriatv.hu\/?p=3550"},"modified":"2011-02-23T22:26:43","modified_gmt":"2011-02-23T22:26:43","slug":"az-orzo-vedokre-is-lecsapott-a-megyei-ad-hoc-bizottsag","status":"publish","type":"post","link":"https:\/\/www.agriatv.hu\/?p=3550","title":{"rendered":"Az \u0151rz\u0151-v\u00e9d\u0151kre is lecsapott a megyei ad hoc bizotts\u00e1g"},"content":{"rendered":"<p><img loading=\"lazy\" decoding=\"async\" class=\"alignleft\" src=\"http:\/\/heol.hu\/lapokkepek\/cikkek\/144000\/144708_kozgyules-megyei.jpg\" alt=\"A \u201emalacos\u201d k\u00f6zgy\u0171l\u00e9s 2008. febru\u00e1r 29-\u00e9n. Az \u0151rz\u0151-v\u00e9d\u0151 c\u00e9gekkel k\u00f6t\u00f6tt szerz\u0151d\u00e9st is fel\u00fclvizsg\u00e1lt\u00e1k. &lt;small&gt; ARCH\u00cdV FOT\u00d3: G\u00c1L G\u00c1BOR &lt;\/small&gt;\" width=\"91\" height=\"61\" \/><strong>Az \u00fczemanyag-elsz\u00e1mol\u00e1sn\u00e1l \u00e9s az \u0151rz\u0151-v\u00e9d\u0151 c\u00e9gek alkalmaz\u00e1sa sor\u00e1n tapasztalt vissz\u00e1ss\u00e1gok ok\u00e1n b\u00fcntet\u0151 feljelent\u00e9st tesz az el\u0151z\u0151 ciklus tiszt\u00e1zatlan \u00fcgyeit vizsg\u00e1l\u00f3 eseti bizotts\u00e1g eln\u00f6ke. <\/strong>A megyei k\u00f6zgy\u0171l\u00e9s \u00e1ltal fel\u00e1ll\u00edtott, az el\u0151z\u0151 ciklus tiszt\u00e1zatlan \u00fcgyeit vizsg\u00e1l\u00f3 eseti bizotts\u00e1g tegnapi \u00fcl\u00e9s\u00e9t k\u00f6vet\u0151 sajt\u00f3t\u00e1j\u00e9koztat\u00f3n <strong>Sveiczer S\u00e1ndor P\u00e9ter, <\/strong>a test\u00fclet eln\u00f6ke kijelentette: l\u00e9teztek k\u00e9ts\u00e9ges \u00fcgyek a kor\u00e1bbi, szocialista megyei vezet\u00e9s idej\u00e9n. <strong> <\/strong><\/p>\n<p><strong>Cs\u0151g\u00e9r B\u00e1lint<\/strong> bizotts\u00e1gi tag elmondta, els\u0151k\u00e9nt a cafeteria \u00fcgy\u00e9t n\u00e9zt\u00e9k. A t\u00f6rv\u00e9ny szerint 8 milli\u00f3 forintos \u00e9rt\u00e9khat\u00e1r felett k\u00f6telez\u0151 a k\u00f6zbeszerz\u00e9si elj\u00e1r\u00e1s, \u00e1m az akkori megyei \u00f6nkorm\u00e1nyzat 2010-ben e n\u00e9lk\u00fcl, 10 milli\u00f3 forintot meghalad\u00f3 \u00e9rt\u00e9kben rendelt meleg \u00e9tkez\u00e9si utalv\u00e1nyokat.<div class=\"wordtube\">\n<div class=\"wordtube single218\" id=\"WT1_1\" style=\"width:320px; height:240px;\">\n<a href=\"http:\/\/www.macromedia.com\/go\/getflashplayer\">Get the Flash Player<\/a> to see the wordTube Media Player.\n<\/div><\/div>\n\t<script type=\"text\/javascript\" defer=\"defer\">\nvar WT1_1 = {\n\tparams : {\n\t\twmode : \"opaque\",\n\t\tallowscriptaccess : \"always\",\n\t\tallownetworking : \"all\",\n\t\tallowfullscreen : \"true\"},\n\tflashvars : {\n\t\tfile : \"http%3A%2F%2Fwww.agriatv.hu%2Fwp-content%2Fuploads%2F2011%2F02%2F0223megye.flv\",\n\t\tvolume : \"80\",\n\t\tbufferlength : \"5\",\n\t\tquality : \"false\",\n\t\t'logo.hide' : \"false\",\n\t\timage : \"http%3A%2F%2Fwww.agriatv.hu%2Fwp-content%2Fuploads%2F2011%2F02%2F0223megye.jpg\",\n\t\ttitle : \"0223megye.flv\",\n\t\tlinktarget : \"_self\"},\n\tattr : {\n\t\tid : \"WT1\",\n\t\tname : \"WT1\"},\n\tstart : function() {\n\t\tswfobject.embedSWF(\"https:\/\/www.agriatv.hu\/\/player.swf\", \"WT1_1\", \"320\", \"240\", \"9.0.0\", false, this.flashvars, this.params , this.attr );\n\t}\n}\nWT1_1.start();\n\t<\/script>\n<\/p>\n<p>\u2013 A megye 2008 v\u00e9g\u00e9n szerz\u0151d\u00e9st k\u00f6t\u00f6tt a Top Cop Security Zrt.-vel az \u0151rz\u0151-v\u00e9d\u0151 feladatok ell\u00e1t\u00e1s\u00e1ra. E szerz\u0151d\u00e9sben benne foglaltatott a rendk\u00edv\u00fcli k\u00f6zgy\u0171l\u00e9sek biztos\u00edt\u00e1sa is, \u00e1m ennek ellen\u00e9re az el\u0151z\u0151 \u00f6nkorm\u00e1nyzat esetenk\u00e9nt t\u00f6bb m\u00e1s c\u00e9ggel \u2013 In-Kal Security Kft., Agria-V\u00e9d Security Kft., ISS Facility Services Kft., Kandver Security Kft. \u2013 szint\u00e9n k\u00f6t\u00f6tt hasonl\u00f3 szerz\u0151d\u00e9seket. Ezek j\u00f3val magasabb \u00f3rad\u00edjjal dolgoztak, mint az eredetileg megb\u00edzott c\u00e9g. Vajon ennyire f\u00e9lt az \u00f6nkorm\u00e1nyzat a v\u00e1laszt\u00f3polg\u00e1rokt\u00f3l? \u2013 tette fel a k\u00e9rd\u00e9st Cs\u0151g\u00e9r.<\/p>\n<p>A vizsg\u00e1lat sor\u00e1n kider\u00fclt az is: 2008. okt\u00f3ber v\u00e9g\u00e9n sz\u00fcletett egy f\u0151jegyz\u0151i utas\u00edt\u00e1s, amely a hivatali g\u00e9pj\u00e1rm\u0171vek \u00fczemanyagnorm\u00e1it l\u00e9nyegesen megemelte az APEH ide vonatkoz\u00f3 rendelkez\u00e9seihez k\u00e9pest. E szerint <strong>dr. S\u00f3s Tam\u00e1s<\/strong> volt eln\u00f6k Skoda Superb aut\u00f3ja sz\u00e1m\u00e1ra 12 literes norm\u00e1t \u00e1llap\u00edtottak meg: ez 100 kilom\u00e9terenk\u00e9nt t\u00f6bb mint 4 literrel haladja meg a gy\u00e1rt\u00f3 \u00e1ltal megadott, illetve az APEH \u00e1ltal elfogadott fogyaszt\u00e1si \u00e9rt\u00e9ket, ami 7,6 liter. Ez az aut\u00f3 2008. okt\u00f3ber 31. \u00e9s 2010. okt\u00f3bere k\u00f6z\u00f6tt k\u00f6zel 120 ezer kilom\u00e9tert futott.<\/p>\n<p>A korrekci\u00f3s t\u00e9nyez\u0151ket \u2013 \u00edgy a v\u00e1rosi haszn\u00e1latot, a t\u00e9li \u00fczemm\u00f3dot, a l\u00e9gkondicion\u00e1l\u00f3t \u2013 is figyelembe v\u00e9ve ezen id\u0151 alatt k\u00f6zel 4400 liter g\u00e1zolaj t\u00falfogyaszt\u00e1sa v\u00e9lelmezhet\u0151. Csak a gy\u00e1ri adatokat tekintve a v\u00e9lt t\u00falfogyaszt\u00e1s t\u00f6bb mint 6000 liter. A m\u00e1sik h\u00e1rom hivatali Skod\u00e1n\u00e1l is megemelt norm\u00e1val sz\u00e1moltak, \u00edgy a n\u00e9gy aut\u00f3 v\u00e9lhet\u0151 t\u00falfogyaszt\u00e1sa 6800 liter. \u00c1tlagos, 339 forintos g\u00e1zolaj-\u00e1rral sz\u00e1molva is t\u00f6bb mint 2,2 milli\u00f3 forint k\u00e1r \u00e9rhette a megy\u00e9t.<\/p>\n<p>\u2013 K\u00e9t \u00e9vig lukas tankkal j\u00e1rt a Skoda? Net\u00e1n m\u00e1shov\u00e1 is jutott a hivatali g\u00e1zolajb\u00f3l? \u2013 tette fel az \u00fajabb k\u00e9rd\u00e9seket Cs\u0151g\u00e9r.<br \/>\nAz \u00fczemanyag-norma, illetve az \u0151rz\u0151-v\u00e9d\u0151 szolg\u00e1ltat\u00e1s \u00fcgy\u00e9ben a bizotts\u00e1g eln\u00f6ke feljelent\u00e9ssel \u00e9l a Heves Megyei Rend\u0151r-f\u0151kapit\u00e1nys\u00e1gon.<\/p>\n<div class=\"keretes\">\n<div class=\"inner\">\n<h4>A bizotts\u00e1g<\/h4>\n<p class=\"keretesSzovege\">Eln\u00f6k: Sveiczer S\u00e1ndor P\u00e9ter (Fidesz-KDNP)<br \/>\ntagok: dr. Nagy Imre (MSZP); Sz\u0171csn\u00e9 Major Ildik\u00f3 (Jobbik)<br \/>\nk\u00fcls\u0151 tagok: Cs\u0151g\u00e9r B\u00e1lint; dr. Pajt\u00f3k P\u00e9ter (Fidesz-KDNP)<\/p>\n<\/div>\n<\/div>\n<p>A cafeteri\u00e1t illet\u0151en a bizotts\u00e1g meg\u00e1llap\u00edtotta: az el\u0151z\u0151 megyei \u00f6nkorm\u00e1nyzat nem jogszer\u0171en j\u00e1rt el, err\u0151l egy t\u00e1j\u00e9koztat\u00f3t k\u00e9sz\u00edtenek. A test\u00fclet soros \u00fcl\u00e9s\u00e9t m\u00e1rcius 23-\u00e1n tartja, ekkor a m\u00fazeumi szervezet egri, Baktai \u00fati rakt\u00e1rb\u00e1zis\u00e1nak \u00fcgy\u00e9t veszik szem\u00fcgyre, de \u2013 a munkaterv alapj\u00e1n \u2013 a sz\u00ednh\u00e1z is ter\u00edt\u00e9kre ker\u00fcl.<\/p>\n<div class=\"inner\">\n<h4>Koncepci\u00f3s elj\u00e1r\u00e1s<\/h4>\n<p class=\"keretesSzovege\">Az elhangzottakra dr. S\u00f3s Tam\u00e1s k\u00f6zlem\u00e9nyben reag\u00e1lt. Mint fogalmazott, a Fidesz koncepci\u00f3s elj\u00e1r\u00e1s\u00e1ban hamarabb megsz\u00fcletett az \u00edt\u00e9let, ehhez igyekeznek \u00fcgyeket kre\u00e1lni. Az el\u0151z\u0151 vezet\u00e9s rendben adta \u00e1t a megyei \u00f6nkorm\u00e1nyzatot. A 2009-es \u00c1llami Sz\u00e1mvev\u0151sz\u00e9ki vizsg\u00e1lat pozit\u00edvan \u00e9rt\u00e9kelte az int\u00e9zm\u00e9nyi, hivatali, test\u00fcleti munk\u00e1t. Minden szerz\u0151d\u00e9sn\u00e9l, \u00edgy a cafet\u00e9ri\u00e1n\u00e1l is a legolcs\u00f3bb aj\u00e1nlatot fogadtuk el. Nonszensz, hogy kor\u00e1bban a nyilv\u00e1noss\u00e1g biztos\u00edt\u00e1s\u00e1t k\u00e9rt\u00e9k sz\u00e1mon az attrocit\u00e1sokt\u00f3l sem mentes \u00fcl\u00e9sek lebonyol\u00edt\u00e1s\u00e1n\u00e1l, most pedig azt, hogy mi\u00e9rt lettek bevonva \u0151rz\u0151-v\u00e9d\u0151k, akiknek a k\u00f6lts\u00e9geit szab\u00e1lyosan fizett\u00fck ki. A g\u00e9pkocsihaszn\u00e1lat, szint\u00e9n jogszer\u0171 volt, a vissza\u00e9l\u00e9s gyan\u00faj\u00e1t a leghat\u00e1rozottabban visszautas\u00edtjuk. Ez egy kisst\u00edl\u0171 elterel\u0151 \u201ehadm\u0171velet\u201d arr\u00f3l a megszor\u00edt\u00f3 int\u00e9zked\u00e9s-sorozatr\u00f3l, amit a p\u00e9ntekre beterjesztett megyei k\u00f6lts\u00e9gvet\u00e9s tartalmaz.<\/p>\n<p class=\"keretesSzovege\">Forr\u00e1s: HEOL<\/p>\n<\/div>\n","protected":false},"excerpt":{"rendered":"<p>Az \u00fczemanyag-elsz\u00e1mol\u00e1sn\u00e1l \u00e9s az \u0151rz\u0151-v\u00e9d\u0151 c\u00e9gek alkalmaz\u00e1sa sor\u00e1n tapasztalt vissz\u00e1ss\u00e1gok ok\u00e1n b\u00fcntet\u0151 feljelent\u00e9st tesz az el\u0151z\u0151 ciklus tiszt\u00e1zatlan \u00fcgyeit vizsg\u00e1l\u00f3 eseti bizotts\u00e1g eln\u00f6ke. A megyei k\u00f6zgy\u0171l\u00e9s \u00e1ltal fel\u00e1ll\u00edtott, az el\u0151z\u0151 ciklus tiszt\u00e1zatlan \u00fcgyeit vizsg\u00e1l\u00f3 eseti bizotts\u00e1g tegnapi \u00fcl\u00e9s\u00e9t k\u00f6vet\u0151 sajt\u00f3t\u00e1j\u00e9koztat\u00f3n Sveiczer S\u00e1ndor P\u00e9ter, a test\u00fclet eln\u00f6ke kijelentette: l\u00e9teztek k\u00e9ts\u00e9ges \u00fcgyek a kor\u00e1bbi, szocialista megyei vezet\u00e9s [&#8230;]<\/p>\n","protected":false},"author":4,"featured_media":0,"comment_status":"open","ping_status":"closed","sticky":false,"template":"","format":"standard","meta":{"footnotes":""},"categories":[3],"tags":[],"class_list":["post-3550","post","type-post","status-publish","format-standard","hentry","category-politika"],"_links":{"self":[{"href":"https:\/\/www.agriatv.hu\/index.php?rest_route=\/wp\/v2\/posts\/3550","targetHints":{"allow":["GET"]}}],"collection":[{"href":"https:\/\/www.agriatv.hu\/index.php?rest_route=\/wp\/v2\/posts"}],"about":[{"href":"https:\/\/www.agriatv.hu\/index.php?rest_route=\/wp\/v2\/types\/post"}],"author":[{"embeddable":true,"href":"https:\/\/www.agriatv.hu\/index.php?rest_route=\/wp\/v2\/users\/4"}],"replies":[{"embeddable":true,"href":"https:\/\/www.agriatv.hu\/index.php?rest_route=%2Fwp%2Fv2%2Fcomments&post=3550"}],"version-history":[{"count":4,"href":"https:\/\/www.agriatv.hu\/index.php?rest_route=\/wp\/v2\/posts\/3550\/revisions"}],"predecessor-version":[{"id":3554,"href":"https:\/\/www.agriatv.hu\/index.php?rest_route=\/wp\/v2\/posts\/3550\/revisions\/3554"}],"wp:attachment":[{"href":"https:\/\/www.agriatv.hu\/index.php?rest_route=%2Fwp%2Fv2%2Fmedia&parent=3550"}],"wp:term":[{"taxonomy":"category","embeddable":true,"href":"https:\/\/www.agriatv.hu\/index.php?rest_route=%2Fwp%2Fv2%2Fcategories&post=3550"},{"taxonomy":"post_tag","embeddable":true,"href":"https:\/\/www.agriatv.hu\/index.php?rest_route=%2Fwp%2Fv2%2Ftags&post=3550"}],"curies":[{"name":"wp","href":"https:\/\/api.w.org\/{rel}","templated":true}]}}