{"id":3555,"date":"2011-02-24T11:48:29","date_gmt":"2011-02-24T11:48:29","guid":{"rendered":"http:\/\/www.agriatv.hu\/?p=3555"},"modified":"2011-02-24T22:28:06","modified_gmt":"2011-02-24T22:28:06","slug":"nagy-imre-marketing-szerepet-tolt-be-a-bizottsag","status":"publish","type":"post","link":"https:\/\/www.agriatv.hu\/?p=3555","title":{"rendered":"Nagy Imre: marketing szerepet t\u00f6lt be a bizotts\u00e1g"},"content":{"rendered":"<p><a href=\"https:\/\/www.agriatv.hu\/wp-content\/uploads\/2011\/02\/0224nagyi_V.jpg\"><img loading=\"lazy\" decoding=\"async\" class=\"alignleft size-medium wp-image-3556\" title=\"0224nagyi_V\" src=\"https:\/\/www.agriatv.hu\/wp-content\/uploads\/2011\/02\/0224nagyi_V-300x240.jpg\" alt=\"\" width=\"128\" height=\"102\" srcset=\"https:\/\/www.agriatv.hu\/wp-content\/uploads\/2011\/02\/0224nagyi_V-300x240.jpg 300w, https:\/\/www.agriatv.hu\/wp-content\/uploads\/2011\/02\/0224nagyi_V.jpg 720w\" sizes=\"auto, (max-width: 128px) 100vw, 128px\" \/><\/a>Sajt\u00f3t\u00e1j\u00e9koztat\u00f3n reag\u00e1lt Nagy Imre, a megyei k\u00f6zgy\u0171l\u00e9s MSZP frakci\u00f3vezet\u0151je, az el\u0151z\u0151 ciklus tiszt\u00e1zatlan \u00fcgyeit vizsg\u00e1l\u00f3 eseti bizotts\u00e1g tagj\u00e1nak tegnapi kijelent\u00e9seire. Mint elmondta: v\u00e9lem\u00e9nye szerint a bizotts\u00e1g marketing szerepet t\u00f6lt be, hiszen a 2009-es \u00c1Sz vizsg\u00e1lat rendben tal\u00e1lta a megye gazd\u00e1lkod\u00e1s\u00e1t. Szerinte a bizotts\u00e1g feladata, hogy pr\u00f3b\u00e1ljon b\u0171n\u00f6st tal\u00e1lni.<div class=\"wordtube\">\n<div class=\"wordtube single219\" id=\"WT1_1\" style=\"width:320px; height:240px;\">\n<a href=\"http:\/\/www.macromedia.com\/go\/getflashplayer\">Get the Flash Player<\/a> to see the wordTube Media Player.\n<\/div><\/div>\n\t<script type=\"text\/javascript\" defer=\"defer\">\nvar WT1_1 = {\n\tparams : {\n\t\twmode : \"opaque\",\n\t\tallowscriptaccess : \"always\",\n\t\tallownetworking : \"all\",\n\t\tallowfullscreen : \"true\"},\n\tflashvars : {\n\t\tfile : \"http%3A%2F%2Fwww.agriatv.hu%2Fwp-content%2Fuploads%2F2011%2F02%2F0224nagyi.flv\",\n\t\tvolume : \"80\",\n\t\tbufferlength : \"5\",\n\t\tquality : \"false\",\n\t\t'logo.hide' : \"false\",\n\t\timage : \"http%3A%2F%2Fwww.agriatv.hu%2Fwp-content%2Fuploads%2F2011%2F02%2F0224nagyi.jpg\",\n\t\ttitle : \"0224nagyi.flv\",\n\t\tlinktarget : \"_self\"},\n\tattr : {\n\t\tid : \"WT1\",\n\t\tname : \"WT1\"},\n\tstart : function() {\n\t\tswfobject.embedSWF(\"https:\/\/www.agriatv.hu\/\/player.swf\", \"WT1_1\", \"320\", \"240\", \"9.0.0\", false, this.flashvars, this.params , this.attr );\n\t}\n}\nWT1_1.start();\n\t<\/script>\n<\/p>\n<p><strong><span style=\"text-decoration: underline;\">Reag\u00e1l\u00e1s<\/span><\/strong><\/p>\n<p>&nbsp;<\/p>\n<p>\u2013 Akinek nincs takargatni val\u00f3ja, annak f\u00e9lnival\u00f3ja sincsen, sem a bizotts\u00e1gt\u00f3l, sem a rend\u0151rs\u00e9gt\u0151l \u2013 reag\u00e1lt dr. Nagy Imre szavaira Sveiczer S\u00e1ndor P\u00e9ter, a bizotts\u00e1g eln\u00f6ke. \u2013 Mi konkr\u00e9t eseteket eml\u00edtett\u00fcnk, milli\u00f3kat hi\u00e1nyolunk, konkr\u00e9t k\u00e9rd\u00e9sekre szeretn\u00e9nk v\u00e1laszt kapni. A v\u00e1laszok egyel\u0151re hi\u00e1nyoznak, ak\u00e1rcsak a milli\u00f3k, vagy a t\u00f6bbezer liter g\u00e1zolaj a volt MSZP-s k\u00f6zgy\u0171l\u00e9si eln\u00f6k aut\u00f3j\u00e1b\u00f3l.<\/p>\n<p>Sveiczer S\u00e1ndor P\u00e9ter hozz\u00e1tette: az elm\u00falt ciklus tiszt\u00e1zatlan \u00fcgyeit vizsg\u00e1l\u00f3 bizotts\u00e1g \u00fcl\u00e9s\u00e9nek teljes anyaga napokon bel\u00fcl el\u00e9rhet\u0151 lesz a <a href=\"http:\/\/www.hevesmegye.hu\/\">www.hevesmegye.hu<\/a> honlapon.<\/p>\n<p>&nbsp;<\/p>\n","protected":false},"excerpt":{"rendered":"<p>Sajt\u00f3t\u00e1j\u00e9koztat\u00f3n reag\u00e1lt Nagy Imre, a megyei k\u00f6zgy\u0171l\u00e9s MSZP frakci\u00f3vezet\u0151je, az el\u0151z\u0151 ciklus tiszt\u00e1zatlan \u00fcgyeit vizsg\u00e1l\u00f3 eseti bizotts\u00e1g tagj\u00e1nak tegnapi kijelent\u00e9seire. Mint elmondta: v\u00e9lem\u00e9nye szerint a bizotts\u00e1g marketing szerepet t\u00f6lt be, hiszen a 2009-es \u00c1Sz vizsg\u00e1lat rendben tal\u00e1lta a megye gazd\u00e1lkod\u00e1s\u00e1t. Szerinte a bizotts\u00e1g feladata, hogy pr\u00f3b\u00e1ljon b\u0171n\u00f6st tal\u00e1lni.<br \/>\nReag\u00e1l\u00e1s<br \/>\n&nbsp;<br \/>\n\u2013 Akinek nincs takargatni val\u00f3ja, annak f\u00e9lnival\u00f3ja sincsen, [&#8230;]<\/p>\n","protected":false},"author":4,"featured_media":0,"comment_status":"open","ping_status":"closed","sticky":false,"template":"","format":"standard","meta":{"footnotes":""},"categories":[3],"tags":[],"class_list":["post-3555","post","type-post","status-publish","format-standard","hentry","category-politika"],"_links":{"self":[{"href":"https:\/\/www.agriatv.hu\/index.php?rest_route=\/wp\/v2\/posts\/3555","targetHints":{"allow":["GET"]}}],"collection":[{"href":"https:\/\/www.agriatv.hu\/index.php?rest_route=\/wp\/v2\/posts"}],"about":[{"href":"https:\/\/www.agriatv.hu\/index.php?rest_route=\/wp\/v2\/types\/post"}],"author":[{"embeddable":true,"href":"https:\/\/www.agriatv.hu\/index.php?rest_route=\/wp\/v2\/users\/4"}],"replies":[{"embeddable":true,"href":"https:\/\/www.agriatv.hu\/index.php?rest_route=%2Fwp%2Fv2%2Fcomments&post=3555"}],"version-history":[{"count":5,"href":"https:\/\/www.agriatv.hu\/index.php?rest_route=\/wp\/v2\/posts\/3555\/revisions"}],"predecessor-version":[{"id":3559,"href":"https:\/\/www.agriatv.hu\/index.php?rest_route=\/wp\/v2\/posts\/3555\/revisions\/3559"}],"wp:attachment":[{"href":"https:\/\/www.agriatv.hu\/index.php?rest_route=%2Fwp%2Fv2%2Fmedia&parent=3555"}],"wp:term":[{"taxonomy":"category","embeddable":true,"href":"https:\/\/www.agriatv.hu\/index.php?rest_route=%2Fwp%2Fv2%2Fcategories&post=3555"},{"taxonomy":"post_tag","embeddable":true,"href":"https:\/\/www.agriatv.hu\/index.php?rest_route=%2Fwp%2Fv2%2Ftags&post=3555"}],"curies":[{"name":"wp","href":"https:\/\/api.w.org\/{rel}","templated":true}]}}