{"id":3561,"date":"2011-02-24T22:56:00","date_gmt":"2011-02-24T22:56:00","guid":{"rendered":"http:\/\/www.agriatv.hu\/?p=3561"},"modified":"2011-02-24T22:56:00","modified_gmt":"2011-02-24T22:56:00","slug":"kovacs-laszlo-rossz-iranyba-halad-az-orszag","status":"publish","type":"post","link":"https:\/\/www.agriatv.hu\/?p=3561","title":{"rendered":"Kov\u00e1cs L\u00e1szl\u00f3: Rossz ir\u00e1nyba halad az orsz\u00e1g"},"content":{"rendered":"<p>A FIDESZ- korm\u00e1ny elm\u00falt t\u00edz h\u00f3napj\u00e1nak tev\u00e9kenys\u00e9g\u00e9t \u00e9rt\u00e9kelte Kov\u00e1cs L\u00e1szl\u00f3 az MSZP aleln\u00f6ke cs\u00fct\u00f6rt\u00f6ki, Kor\u00f3zs Lajossal \u00e9s dr. S\u00f3s Tam\u00e1ssal k\u00f6z\u00f6sen tartott egri sajt\u00f3t\u00e1j\u00e9koztat\u00f3j\u00e1n.<\/p>\n<p>&#8211;\u00a0\u00a0\u00a0\u00a0\u00a0\u00a0\u00a0\u00a0\u00a0 <strong><em>20 \u00e9v alatt igen komoly eredm\u00e9nyeket \u00e9rt el az orsz\u00e1g fejl\u0151d\u00e9s\u00e9ben a Magyar Szocialista P\u00e1rt. A jelenlegi Korm\u00e1ny igen b\u00fcszke arra, hogy szerint\u00fck j\u00f3 ir\u00e1nyba halad az orsz\u00e1g, az MSZP \u00e1ll\u00e1spontja viszont az, hogy a pozit\u00edv halad\u00e1s megtorpant, \u00e9s a rossz ir\u00e1nyba halad rohamos temp\u00f3ban az orsz\u00e1g<\/em><\/strong> &#8211; \u00e9rt\u00e9kelte a helyzetet Kov\u00e1cs L\u00e1szl\u00f3.<\/p>\n<p>Mint elhangzott, j\u00f3l megszervezett koncepci\u00f3 volt a FIDESZ hatalom\u00e1tv\u00e9tele melynek k\u00f6vetkezt\u00e9ben s\u00e9r\u00fclt a jog\u00e1llamis\u00e1g.<\/p>\n<p>&#8211;\u00a0\u00a0\u00a0\u00a0\u00a0\u00a0\u00a0\u00a0\u00a0 <strong><em>Nagyar\u00e1ny\u00fa ad\u00f3cs\u00f6kkent\u00e9st \u00edg\u00e9rtek, nem a jelenlegi helyzetet \u00edg\u00e9rt\u00e9k miszerint \u201elesz akinek lesz nagyar\u00e1ny\u00fa ad\u00f3cs\u00f6kkent\u00e9s\u201d, hiszen ez csak a 300 ezer forint felett keres\u0151ket \u00e9rinti. A f\u00e9kek \u00e9s ellens\u00falyok rendszere megsz\u0171nt \u00e9s olyan t\u00f6bbp\u00e1rtrendszer kialak\u00edt\u00e1sa van folyamatban, ahol ugyan t\u00f6bb p\u00e1rt van, de a FIDESZ-en k\u00edv\u00fcli p\u00e1rtokat igyekeznek jelent\u00e9ktelenn\u00e9 tenni<\/em><\/strong> &#8211; tette hozz\u00e1 Kov\u00e1cs L\u00e1szl\u00f3.<\/p>\n<div class=\"wordtube\">\n<div class=\"wordtube single220\" id=\"WT1_1\" style=\"width:320px; height:240px;\">\n<a href=\"http:\/\/www.macromedia.com\/go\/getflashplayer\">Get the Flash Player<\/a> to see the wordTube Media Player.\n<\/div><\/div>\n\t<script type=\"text\/javascript\" defer=\"defer\">\nvar WT1_1 = {\n\tparams : {\n\t\twmode : \"opaque\",\n\t\tallowscriptaccess : \"always\",\n\t\tallownetworking : \"all\",\n\t\tallowfullscreen : \"true\"},\n\tflashvars : {\n\t\tfile : \"http%3A%2F%2Fwww.agriatv.hu%2Fwp-content%2Fuploads%2F2011%2F02%2F0224kovacs.flv\",\n\t\tvolume : \"80\",\n\t\tbufferlength : \"5\",\n\t\tquality : \"false\",\n\t\t'logo.hide' : \"false\",\n\t\timage : \"http%3A%2F%2Fwww.agriatv.hu%2Fwp-content%2Fuploads%2F2011%2F02%2F0224kovacs.jpg\",\n\t\ttitle : \"0224kovacs.flv\",\n\t\tlinktarget : \"_self\"},\n\tattr : {\n\t\tid : \"WT1\",\n\t\tname : \"WT1\"},\n\tstart : function() {\n\t\tswfobject.embedSWF(\"https:\/\/www.agriatv.hu\/\/player.swf\", \"WT1_1\", \"320\", \"240\", \"9.0.0\", false, this.flashvars, this.params , this.attr );\n\t}\n}\nWT1_1.start();\n\t<\/script>\n\n<p>Dr. S\u00f3s Tam\u00e1s, az MSZP megyei eln\u00f6ke kit\u00e9rt arra, hogy ma m\u00e1r a kistelep\u00fcl\u00e9seken is \u00e9rezhet\u0151 az el\u00e9gedetlens\u00e9g, f\u0151k\u00e9nt azok k\u00f6r\u00e9ben akiknek fontos volt a k\u00f6zmunkaprogram a meg\u00e9lhet\u00e9s\u00fck szempontj\u00e1b\u00f3l.<\/p>\n<p>&#8211;\u00a0\u00a0\u00a0\u00a0\u00a0\u00a0\u00a0\u00a0\u00a0 <strong><em>A k\u00f6lts\u00e9gvet\u00e9sek elfogad\u00e1s\u00e1nak id\u0151szak\u00e1t \u00e9lj\u00fck, de ami m\u00e1r most l\u00e1tszik, hogy kevesebb p\u00e9nz fog jutni az oktat\u00e1sra \u00e9s a szoci\u00e1lis ter\u00fcletekre is. Az indokl\u00e1s n\u00e9lk\u00fcli elbocs\u00e1t\u00e1sok sor\u00e1n rengeteg szakembert\u0151l v\u00e1ltak meg, az egyens\u00faly teremt\u00e9st pedig az int\u00e9zm\u00e9nyek bez\u00e1r\u00e1s\u00e1val pr\u00f3b\u00e1lj\u00e1k megoldani<\/em><\/strong> \u2013 v\u00e1zolta a t\u00e9nyeket dr. S\u00f3s Tam\u00e1s.<\/p>\n<p>Kor\u00f3zs Lajos, az MSZP orsz\u00e1gos eln\u00f6ks\u00e9gi tagja elmondta, hogy az egykulcsos ad\u00f3 bevezet\u00e9s\u00e9vel 147 milli\u00e1rd forint v\u00e1ndorol a magas kereset\u0171ek zseb\u00e9be \u00e9s az olyan int\u00e9zked\u00e9sek sem k\u00f6nny\u00edtik meg a csal\u00e1dok helyzet\u00e9t, mint a csal\u00e1di ad\u00f3z\u00e1s, hiszen Magyarorsz\u00e1gon a gyermekek 40 sz\u00e1zal\u00e9ka olyan csal\u00e1dban \u00e9l ahol nem tudj\u00e1k ig\u00e9nybe venni a csal\u00e1di ad\u00f3kedvezm\u00e9nyt.<\/p>\n","protected":false},"excerpt":{"rendered":"<p>A FIDESZ- korm\u00e1ny elm\u00falt t\u00edz h\u00f3napj\u00e1nak tev\u00e9kenys\u00e9g\u00e9t \u00e9rt\u00e9kelte Kov\u00e1cs L\u00e1szl\u00f3 az MSZP aleln\u00f6ke cs\u00fct\u00f6rt\u00f6ki, Kor\u00f3zs Lajossal \u00e9s dr. S\u00f3s Tam\u00e1ssal k\u00f6z\u00f6sen tartott egri sajt\u00f3t\u00e1j\u00e9koztat\u00f3j\u00e1n.<br \/>\n&#8211;\u00a0\u00a0\u00a0\u00a0\u00a0\u00a0\u00a0\u00a0\u00a0 20 \u00e9v alatt igen komoly eredm\u00e9nyeket \u00e9rt el az orsz\u00e1g fejl\u0151d\u00e9s\u00e9ben a Magyar Szocialista P\u00e1rt. A jelenlegi Korm\u00e1ny igen b\u00fcszke arra, hogy szerint\u00fck j\u00f3 ir\u00e1nyba halad az orsz\u00e1g, az MSZP \u00e1ll\u00e1spontja [&#8230;]<\/p>\n","protected":false},"author":4,"featured_media":0,"comment_status":"open","ping_status":"closed","sticky":false,"template":"","format":"standard","meta":{"footnotes":""},"categories":[3],"tags":[],"class_list":["post-3561","post","type-post","status-publish","format-standard","hentry","category-politika"],"_links":{"self":[{"href":"https:\/\/www.agriatv.hu\/index.php?rest_route=\/wp\/v2\/posts\/3561","targetHints":{"allow":["GET"]}}],"collection":[{"href":"https:\/\/www.agriatv.hu\/index.php?rest_route=\/wp\/v2\/posts"}],"about":[{"href":"https:\/\/www.agriatv.hu\/index.php?rest_route=\/wp\/v2\/types\/post"}],"author":[{"embeddable":true,"href":"https:\/\/www.agriatv.hu\/index.php?rest_route=\/wp\/v2\/users\/4"}],"replies":[{"embeddable":true,"href":"https:\/\/www.agriatv.hu\/index.php?rest_route=%2Fwp%2Fv2%2Fcomments&post=3561"}],"version-history":[{"count":2,"href":"https:\/\/www.agriatv.hu\/index.php?rest_route=\/wp\/v2\/posts\/3561\/revisions"}],"predecessor-version":[{"id":3564,"href":"https:\/\/www.agriatv.hu\/index.php?rest_route=\/wp\/v2\/posts\/3561\/revisions\/3564"}],"wp:attachment":[{"href":"https:\/\/www.agriatv.hu\/index.php?rest_route=%2Fwp%2Fv2%2Fmedia&parent=3561"}],"wp:term":[{"taxonomy":"category","embeddable":true,"href":"https:\/\/www.agriatv.hu\/index.php?rest_route=%2Fwp%2Fv2%2Fcategories&post=3561"},{"taxonomy":"post_tag","embeddable":true,"href":"https:\/\/www.agriatv.hu\/index.php?rest_route=%2Fwp%2Fv2%2Ftags&post=3561"}],"curies":[{"name":"wp","href":"https:\/\/api.w.org\/{rel}","templated":true}]}}