{"id":3574,"date":"2011-02-25T22:59:16","date_gmt":"2011-02-25T22:59:16","guid":{"rendered":"http:\/\/www.agriatv.hu\/?p=3574"},"modified":"2011-02-25T22:59:16","modified_gmt":"2011-02-25T22:59:16","slug":"szavaztak-a-nezok-telt-haz-a-tancfesztivalon","status":"publish","type":"post","link":"https:\/\/www.agriatv.hu\/?p=3574","title":{"rendered":"Szavaztak a n\u00e9z\u0151k: telt h\u00e1z a t\u00e1ncfesztiv\u00e1lon"},"content":{"rendered":"<p><a href=\"https:\/\/www.agriatv.hu\/wp-content\/uploads\/2011\/02\/0225erlau_v.jpg\"><img loading=\"lazy\" decoding=\"async\" class=\"alignleft size-medium wp-image-3576\" title=\"0225erlau_v\" src=\"https:\/\/www.agriatv.hu\/wp-content\/uploads\/2011\/02\/0225erlau_v-300x240.jpg\" alt=\"\" width=\"135\" height=\"108\" srcset=\"https:\/\/www.agriatv.hu\/wp-content\/uploads\/2011\/02\/0225erlau_v-300x240.jpg 300w, https:\/\/www.agriatv.hu\/wp-content\/uploads\/2011\/02\/0225erlau_v.jpg 720w\" sizes=\"auto, (max-width: 135px) 100vw, 135px\" \/><\/a>\u00d3ri\u00e1si \u00e9rdekl\u0151d\u00e9s fogadta a G\u00e1rdonyi G\u00e9za Sz\u00ednh\u00e1z Barta D\u00f3ra vezette t\u00e1nctagozata \u00e1ltal l\u00e9trehozott mini Erlau t\u00e1ncfesztiv\u00e1lt. A szervez\u0151k nem titkolt sz\u00e1nd\u00e9ka volt, hogy ezzel is bizony\u00edts\u00e1k: Egerben van l\u00e9tjogosults\u00e1ga a t\u00e1nctagozatnak, igenis van &#8222;t\u00e1ncszeretet&#8221; \u00e9s min\u0151s\u00e9gi t\u00e1nc\u00e9let.<\/p>\n<p>A fesztiv\u00e1l l\u00e9trehoz\u00f3i demonstr\u00e1lni k\u00edv\u00e1nt\u00e1k, hogy a v\u00e1rosban nem csak m\u0171velik a t\u00e1ncot, hanem n\u00e9z\u0151i is vannak sz\u00e9p sz\u00e1mmal.<\/p>\n<div class=\"wordtube\">\n<div class=\"wordtube single221\" id=\"WT1_1\" style=\"width:320px; height:240px;\">\n<a href=\"http:\/\/www.macromedia.com\/go\/getflashplayer\">Get the Flash Player<\/a> to see the wordTube Media Player.\n<\/div><\/div>\n\t<script type=\"text\/javascript\" defer=\"defer\">\nvar WT1_1 = {\n\tparams : {\n\t\twmode : \"opaque\",\n\t\tallowscriptaccess : \"always\",\n\t\tallownetworking : \"all\",\n\t\tallowfullscreen : \"true\"},\n\tflashvars : {\n\t\tfile : \"http%3A%2F%2Fwww.agriatv.hu%2Fwp-content%2Fuploads%2F2011%2F02%2F0225erlau.flv\",\n\t\tvolume : \"80\",\n\t\tbufferlength : \"5\",\n\t\tquality : \"false\",\n\t\t'logo.hide' : \"false\",\n\t\timage : \"http%3A%2F%2Fwww.agriatv.hu%2Fwp-content%2Fuploads%2F2011%2F02%2F0225erlau.jpg\",\n\t\ttitle : \"0225erlau.flv\",\n\t\tlinktarget : \"_self\"},\n\tattr : {\n\t\tid : \"WT1\",\n\t\tname : \"WT1\"},\n\tstart : function() {\n\t\tswfobject.embedSWF(\"https:\/\/www.agriatv.hu\/\/player.swf\", \"WT1_1\", \"320\", \"240\", \"9.0.0\", false, this.flashvars, this.params , this.attr );\n\t}\n}\nWT1_1.start();\n\t<\/script>\n\n<p>&nbsp;<\/p>\n<p>&nbsp;<\/p>\n","protected":false},"excerpt":{"rendered":"<p>\u00d3ri\u00e1si \u00e9rdekl\u0151d\u00e9s fogadta a G\u00e1rdonyi G\u00e9za Sz\u00ednh\u00e1z Barta D\u00f3ra vezette t\u00e1nctagozata \u00e1ltal l\u00e9trehozott mini Erlau t\u00e1ncfesztiv\u00e1lt. A szervez\u0151k nem titkolt sz\u00e1nd\u00e9ka volt, hogy ezzel is bizony\u00edts\u00e1k: Egerben van l\u00e9tjogosults\u00e1ga a t\u00e1nctagozatnak, igenis van &#8222;t\u00e1ncszeretet&#8221; \u00e9s min\u0151s\u00e9gi t\u00e1nc\u00e9let.<br \/>\nA fesztiv\u00e1l l\u00e9trehoz\u00f3i demonstr\u00e1lni k\u00edv\u00e1nt\u00e1k, hogy a v\u00e1rosban nem csak m\u0171velik a t\u00e1ncot, hanem n\u00e9z\u0151i is vannak sz\u00e9p sz\u00e1mmal.<br \/>\n&nbsp;<br \/>\n&nbsp;<\/p>\n","protected":false},"author":4,"featured_media":0,"comment_status":"open","ping_status":"closed","sticky":false,"template":"","format":"standard","meta":{"footnotes":""},"categories":[8,4],"tags":[],"class_list":["post-3574","post","type-post","status-publish","format-standard","hentry","category-kultura","category-szabadido"],"_links":{"self":[{"href":"https:\/\/www.agriatv.hu\/index.php?rest_route=\/wp\/v2\/posts\/3574","targetHints":{"allow":["GET"]}}],"collection":[{"href":"https:\/\/www.agriatv.hu\/index.php?rest_route=\/wp\/v2\/posts"}],"about":[{"href":"https:\/\/www.agriatv.hu\/index.php?rest_route=\/wp\/v2\/types\/post"}],"author":[{"embeddable":true,"href":"https:\/\/www.agriatv.hu\/index.php?rest_route=\/wp\/v2\/users\/4"}],"replies":[{"embeddable":true,"href":"https:\/\/www.agriatv.hu\/index.php?rest_route=%2Fwp%2Fv2%2Fcomments&post=3574"}],"version-history":[{"count":4,"href":"https:\/\/www.agriatv.hu\/index.php?rest_route=\/wp\/v2\/posts\/3574\/revisions"}],"predecessor-version":[{"id":3579,"href":"https:\/\/www.agriatv.hu\/index.php?rest_route=\/wp\/v2\/posts\/3574\/revisions\/3579"}],"wp:attachment":[{"href":"https:\/\/www.agriatv.hu\/index.php?rest_route=%2Fwp%2Fv2%2Fmedia&parent=3574"}],"wp:term":[{"taxonomy":"category","embeddable":true,"href":"https:\/\/www.agriatv.hu\/index.php?rest_route=%2Fwp%2Fv2%2Fcategories&post=3574"},{"taxonomy":"post_tag","embeddable":true,"href":"https:\/\/www.agriatv.hu\/index.php?rest_route=%2Fwp%2Fv2%2Ftags&post=3574"}],"curies":[{"name":"wp","href":"https:\/\/api.w.org\/{rel}","templated":true}]}}