{"id":3580,"date":"2011-02-27T13:02:47","date_gmt":"2011-02-27T13:02:47","guid":{"rendered":"http:\/\/www.agriatv.hu\/?p=3580"},"modified":"2011-02-27T13:02:47","modified_gmt":"2011-02-27T13:02:47","slug":"gyertyagyujtas-a-kommunista-diktatura-aldozatainak-emlekere","status":"publish","type":"post","link":"https:\/\/www.agriatv.hu\/?p=3580","title":{"rendered":"Gyertyagy\u00fajt\u00e1s a kommunista diktat\u00fara \u00e1ldozatainak eml\u00e9k\u00e9re"},"content":{"rendered":"<p class=\"cikkcikkei\">&nbsp;<\/p>\n<p><img loading=\"lazy\" decoding=\"async\" class=\"kiskepcikkhez alignleft\" src=\"http:\/\/www.egriszin.hu\/RenderedContents\/IndexImages\/7\/7343-20110227123056-gyertya.jpg\" alt=\"\" width=\"150\" height=\"113\" \/> <strong>Febru\u00e1r 27-\u00e9n vas\u00e1rnap 18 \u00f3rakor gyertyagy\u00fajt\u00e1st tart a kommunista diktat\u00fara \u00e1ldozatai eml\u00e9knapja tisztelet\u00e9re a Forradalmi Eml\u00e9kbizotts\u00e1g, melynek vezet\u0151je Sz\u00edki K\u00e1roly. A helysz\u00edn a Hatvani kapu t\u00e9r, a gyerty\u00e1kat az \u201956-os eml\u00e9km\u0171 melletti k\u0151n\u00e9l gy\u00fajtj\u00e1k meg. <\/strong><\/p>\n","protected":false},"excerpt":{"rendered":"<p>&nbsp;<br \/>\n Febru\u00e1r 27-\u00e9n vas\u00e1rnap 18 \u00f3rakor gyertyagy\u00fajt\u00e1st tart a kommunista diktat\u00fara \u00e1ldozatai eml\u00e9knapja tisztelet\u00e9re a Forradalmi Eml\u00e9kbizotts\u00e1g, melynek vezet\u0151je Sz\u00edki K\u00e1roly. A helysz\u00edn a Hatvani kapu t\u00e9r, a gyerty\u00e1kat az \u201956-os eml\u00e9km\u0171 melletti k\u0151n\u00e9l gy\u00fajtj\u00e1k meg. <\/p>\n","protected":false},"author":4,"featured_media":0,"comment_status":"open","ping_status":"closed","sticky":false,"template":"","format":"standard","meta":{"footnotes":""},"categories":[3],"tags":[],"class_list":["post-3580","post","type-post","status-publish","format-standard","hentry","category-politika"],"_links":{"self":[{"href":"https:\/\/www.agriatv.hu\/index.php?rest_route=\/wp\/v2\/posts\/3580","targetHints":{"allow":["GET"]}}],"collection":[{"href":"https:\/\/www.agriatv.hu\/index.php?rest_route=\/wp\/v2\/posts"}],"about":[{"href":"https:\/\/www.agriatv.hu\/index.php?rest_route=\/wp\/v2\/types\/post"}],"author":[{"embeddable":true,"href":"https:\/\/www.agriatv.hu\/index.php?rest_route=\/wp\/v2\/users\/4"}],"replies":[{"embeddable":true,"href":"https:\/\/www.agriatv.hu\/index.php?rest_route=%2Fwp%2Fv2%2Fcomments&post=3580"}],"version-history":[{"count":2,"href":"https:\/\/www.agriatv.hu\/index.php?rest_route=\/wp\/v2\/posts\/3580\/revisions"}],"predecessor-version":[{"id":3582,"href":"https:\/\/www.agriatv.hu\/index.php?rest_route=\/wp\/v2\/posts\/3580\/revisions\/3582"}],"wp:attachment":[{"href":"https:\/\/www.agriatv.hu\/index.php?rest_route=%2Fwp%2Fv2%2Fmedia&parent=3580"}],"wp:term":[{"taxonomy":"category","embeddable":true,"href":"https:\/\/www.agriatv.hu\/index.php?rest_route=%2Fwp%2Fv2%2Fcategories&post=3580"},{"taxonomy":"post_tag","embeddable":true,"href":"https:\/\/www.agriatv.hu\/index.php?rest_route=%2Fwp%2Fv2%2Ftags&post=3580"}],"curies":[{"name":"wp","href":"https:\/\/api.w.org\/{rel}","templated":true}]}}