{"id":3583,"date":"2011-02-27T13:05:53","date_gmt":"2011-02-27T13:05:53","guid":{"rendered":"http:\/\/www.agriatv.hu\/?p=3583"},"modified":"2011-02-27T13:08:02","modified_gmt":"2011-02-27T13:08:02","slug":"kozgyulest-tartott-a-cukorbetegek-egri-egyesulete","status":"publish","type":"post","link":"https:\/\/www.agriatv.hu\/?p=3583","title":{"rendered":"K\u00f6zgy\u0171l\u00e9st tartott a Cukorbetegek Egri Egyes\u00fclete"},"content":{"rendered":"<p class=\"cikkcikkei\">&nbsp;<\/p>\n<p><img loading=\"lazy\" decoding=\"async\" class=\"kiskepcikkhez alignleft\" src=\"http:\/\/www.egriszin.hu\/RenderedContents\/IndexImages\/7\/7346-20110227125939-cukorbeteg.jpg\" alt=\"\" width=\"140\" height=\"150\" \/><\/p>\n<p><strong>Tegnap tartotta \u00e9ves K\u00f6zgy\u0171l\u00e9s\u00e9t a Cukorbetegek Egri Egyes\u00fclete a Bartakovics B\u00e9la K\u00f6z\u00f6ss\u00e9gi h\u00e1zban. Az eln\u00f6ks\u00e9g \u00e9rt\u00e9kelte a 2010-es \u00e9vet, s besz\u00e1moltak arr\u00f3l a k\u00f6zhaszn\u00fa munk\u00e1r\u00f3l, amelyet az egri \u00e9s Eger k\u00f6rny\u00e9ki cukorbetegek \u00e9rdek\u00e9ben v\u00e9geztek.<\/strong><\/p>\n<p>A K\u00f6zgy\u0171l\u00e9sen a tagoknak diabetikus sz\u00e1razt\u00e9szt\u00e1t osztottak, s a jelenl\u00e9v\u0151k megk\u00f3stolhatt\u00e1k az oxig\u00e9nnel d\u00fas\u00edtott vizet is, valamint di\u00e9t\u00e1s receptb\u00f6rz\u00e9s is tartottak. Az idei programokat is ismertett\u00e9k a r\u00e9sztvev\u0151kkel, akiknek lehet\u0151s\u00e9g\u00fck volt v\u00e9rcukorm\u00e9r\u00e9sre is.<\/p>\n<p>Forr\u00e1s: <a href=\"http:\/\/egriszin.hu\">Egrisz\u00edn<\/a><\/p>\n","protected":false},"excerpt":{"rendered":"<p>&nbsp;<\/p>\n<p>Tegnap tartotta \u00e9ves K\u00f6zgy\u0171l\u00e9s\u00e9t a Cukorbetegek Egri Egyes\u00fclete a Bartakovics B\u00e9la K\u00f6z\u00f6ss\u00e9gi h\u00e1zban. Az eln\u00f6ks\u00e9g \u00e9rt\u00e9kelte a 2010-es \u00e9vet, s besz\u00e1moltak arr\u00f3l a k\u00f6zhaszn\u00fa munk\u00e1r\u00f3l, amelyet az egri \u00e9s Eger k\u00f6rny\u00e9ki cukorbetegek \u00e9rdek\u00e9ben v\u00e9geztek.<br \/>\nA K\u00f6zgy\u0171l\u00e9sen a tagoknak diabetikus sz\u00e1razt\u00e9szt\u00e1t osztottak, s a jelenl\u00e9v\u0151k megk\u00f3stolhatt\u00e1k az oxig\u00e9nnel d\u00fas\u00edtott vizet is, valamint di\u00e9t\u00e1s receptb\u00f6rz\u00e9s is tartottak. Az [&#8230;]<\/p>\n","protected":false},"author":4,"featured_media":0,"comment_status":"open","ping_status":"closed","sticky":false,"template":"","format":"standard","meta":{"footnotes":""},"categories":[4],"tags":[],"class_list":["post-3583","post","type-post","status-publish","format-standard","hentry","category-szabadido"],"_links":{"self":[{"href":"https:\/\/www.agriatv.hu\/index.php?rest_route=\/wp\/v2\/posts\/3583","targetHints":{"allow":["GET"]}}],"collection":[{"href":"https:\/\/www.agriatv.hu\/index.php?rest_route=\/wp\/v2\/posts"}],"about":[{"href":"https:\/\/www.agriatv.hu\/index.php?rest_route=\/wp\/v2\/types\/post"}],"author":[{"embeddable":true,"href":"https:\/\/www.agriatv.hu\/index.php?rest_route=\/wp\/v2\/users\/4"}],"replies":[{"embeddable":true,"href":"https:\/\/www.agriatv.hu\/index.php?rest_route=%2Fwp%2Fv2%2Fcomments&post=3583"}],"version-history":[{"count":5,"href":"https:\/\/www.agriatv.hu\/index.php?rest_route=\/wp\/v2\/posts\/3583\/revisions"}],"predecessor-version":[{"id":3588,"href":"https:\/\/www.agriatv.hu\/index.php?rest_route=\/wp\/v2\/posts\/3583\/revisions\/3588"}],"wp:attachment":[{"href":"https:\/\/www.agriatv.hu\/index.php?rest_route=%2Fwp%2Fv2%2Fmedia&parent=3583"}],"wp:term":[{"taxonomy":"category","embeddable":true,"href":"https:\/\/www.agriatv.hu\/index.php?rest_route=%2Fwp%2Fv2%2Fcategories&post=3583"},{"taxonomy":"post_tag","embeddable":true,"href":"https:\/\/www.agriatv.hu\/index.php?rest_route=%2Fwp%2Fv2%2Ftags&post=3583"}],"curies":[{"name":"wp","href":"https:\/\/api.w.org\/{rel}","templated":true}]}}