{"id":3594,"date":"2011-03-01T22:21:26","date_gmt":"2011-03-01T22:21:26","guid":{"rendered":"http:\/\/www.agriatv.hu\/?p=3594"},"modified":"2011-03-01T22:21:26","modified_gmt":"2011-03-01T22:21:26","slug":"borral-es-gardonyival-csalogatjak-a-turistakat","status":"publish","type":"post","link":"https:\/\/www.agriatv.hu\/?p=3594","title":{"rendered":"Borral \u00e9s G\u00e1rdonyival csalogatj\u00e1k a turist\u00e1kat"},"content":{"rendered":"<p><strong><a href=\"https:\/\/www.agriatv.hu\/wp-content\/uploads\/2011\/03\/0301tdm1.jpg\"><img loading=\"lazy\" decoding=\"async\" class=\"alignleft size-medium wp-image-3605\" title=\"0301tdm\" src=\"https:\/\/www.agriatv.hu\/wp-content\/uploads\/2011\/03\/0301tdm1-300x240.jpg\" alt=\"\" width=\"135\" height=\"108\" srcset=\"https:\/\/www.agriatv.hu\/wp-content\/uploads\/2011\/03\/0301tdm1-300x240.jpg 300w, https:\/\/www.agriatv.hu\/wp-content\/uploads\/2011\/03\/0301tdm1.jpg 720w\" sizes=\"auto, (max-width: 135px) 100vw, 135px\" \/><\/a>Bork\u00f3stol\u00f3val \u00e9s a \u201eNagy Felolvas\u00e1ssal\u201d is v\u00e1rja az \u00e9rdekl\u0151d\u0151ket az egri stand az Utaz\u00e1s 2011 ki\u00e1ll\u00edt\u00e1son. <\/strong><\/p>\n<p>Az id\u00e9n 34. alkalommal megrendezett turisztikai seregszeml\u00e9n a megyesz\u00e9khely egys\u00e9ges arculattal \u00e9s kiadv\u00e1nystrukt\u00far\u00e1val k\u00e9sz\u00fcl.<br \/>\n\u2013 A ki\u00e1ll\u00edt\u00e1sra megjelenik Eger v\u00e1ros sz\u00e1ll\u00e1skatal\u00f3gusa, tavasz-ny\u00e1ri programf\u00fczete, de \u00e9ves programsorol\u00f3, valamint a turisztikai szolg\u00e1ltat\u00f3k kiadv\u00e1nya is hozz\u00e1f\u00e9rhet\u0151 lesz a pavilonn\u00e1l \u2013 hangs\u00falyozta egri sajt\u00f3t\u00e1j\u00e9koztat\u00f3j\u00e1n <strong>Dancsok \u00c1gnes<\/strong>, az \u00faj helyi TDM-menedzser.<\/p>\n<p>A m\u00e1rcius 3-6. k\u00f6z\u00f6tti ki\u00e1ll\u00edt\u00e1s egri \u00e9rdekess\u00e9geir\u0151l az egri Tourinform iroda kor\u00e1bbi vezet\u0151je elmondta: a Sz\u00e9passzony-v\u00f6lgyi Vend\u00e9gv\u00e1r\u00f3k Egyes\u00fclete tagjai bork\u00f3stol\u00f3val k\u00e9sz\u00fclnek, illetve a Hungexp\u00f3n kezd\u0151dik a Nagy Felolvas\u00e1s is, amely sor\u00e1n G\u00e1rdonyi G\u00e9za Egri Csillagok c\u00edm\u0171 m\u0171v\u00e9b\u0151l olvashatnak fel a l\u00e1togat\u00f3k. A kezdem\u00e9nyez\u00e9st ny\u00e1ron a Dob\u00f3 t\u00e9ren folytatj\u00e1k, ahol a v\u00e1ros lak\u00f3i \u00e9s vend\u00e9gei kamer\u00e1k el\u0151tt id\u00e9zhetnek sorokat a m\u0171b\u0151l.<div class=\"wordtube\">\n<div class=\"wordtube single223\" id=\"WT1_1\" style=\"width:320px; height:240px;\">\n<a href=\"http:\/\/www.macromedia.com\/go\/getflashplayer\">Get the Flash Player<\/a> to see the wordTube Media Player.\n<\/div><\/div>\n\t<script type=\"text\/javascript\" defer=\"defer\">\nvar WT1_1 = {\n\tparams : {\n\t\twmode : \"opaque\",\n\t\tallowscriptaccess : \"always\",\n\t\tallownetworking : \"all\",\n\t\tallowfullscreen : \"true\"},\n\tflashvars : {\n\t\tfile : \"http%3A%2F%2Fwww.agriatv.hu%2Fwp-content%2Fuploads%2F2011%2F03%2F0301tdm.flv\",\n\t\tvolume : \"80\",\n\t\tbufferlength : \"5\",\n\t\tquality : \"false\",\n\t\t'logo.hide' : \"false\",\n\t\timage : \"http%3A%2F%2Fwww.agriatv.hu%2Fwp-content%2Fuploads%2F2011%2F03%2F0301tdm.jpg\",\n\t\ttitle : \"0301tdm.flv\",\n\t\tlinktarget : \"_self\"},\n\tattr : {\n\t\tid : \"WT1\",\n\t\tname : \"WT1\"},\n\tstart : function() {\n\t\tswfobject.embedSWF(\"https:\/\/www.agriatv.hu\/\/player.swf\", \"WT1_1\", \"320\", \"240\", \"9.0.0\", false, this.flashvars, this.params , this.attr );\n\t}\n}\nWT1_1.start();\n\t<\/script>\n<\/p>\n<p>A sajt\u00f3t\u00e1j\u00e9koztat\u00f3n bemutatt\u00e1k a p\u00e1ly\u00e1zati forr\u00e1sokb\u00f3l meg\u00fajult egri Tourinform irod\u00e1t is, ahol a turisztikai inform\u00e1ci\u00f3kon t\u00fal kiadv\u00e1nyokhoz, aj\u00e1nd\u00e9kt\u00e1rgyakhoz \u00e9s helyi j\u00e1rat\u00fa buszjegyekhez is hozz\u00e1juthatnak az \u00e9rdekl\u0151d\u0151k.<\/p>\n<p>Forr\u00e1s: HEOL<\/p>\n","protected":false},"excerpt":{"rendered":"<p>Bork\u00f3stol\u00f3val \u00e9s a \u201eNagy Felolvas\u00e1ssal\u201d is v\u00e1rja az \u00e9rdekl\u0151d\u0151ket az egri stand az Utaz\u00e1s 2011 ki\u00e1ll\u00edt\u00e1son.<br \/>\nAz id\u00e9n 34. alkalommal megrendezett turisztikai seregszeml\u00e9n a megyesz\u00e9khely egys\u00e9ges arculattal \u00e9s kiadv\u00e1nystrukt\u00far\u00e1val k\u00e9sz\u00fcl.<br \/>\n\u2013 A ki\u00e1ll\u00edt\u00e1sra megjelenik Eger v\u00e1ros sz\u00e1ll\u00e1skatal\u00f3gusa, tavasz-ny\u00e1ri programf\u00fczete, de \u00e9ves programsorol\u00f3, valamint a turisztikai szolg\u00e1ltat\u00f3k kiadv\u00e1nya is hozz\u00e1f\u00e9rhet\u0151 lesz a pavilonn\u00e1l \u2013 hangs\u00falyozta egri sajt\u00f3t\u00e1j\u00e9koztat\u00f3j\u00e1n [&#8230;]<\/p>\n","protected":false},"author":4,"featured_media":0,"comment_status":"open","ping_status":"closed","sticky":false,"template":"","format":"standard","meta":{"footnotes":""},"categories":[6,4],"tags":[],"class_list":["post-3594","post","type-post","status-publish","format-standard","hentry","category-belfold","category-szabadido"],"_links":{"self":[{"href":"https:\/\/www.agriatv.hu\/index.php?rest_route=\/wp\/v2\/posts\/3594","targetHints":{"allow":["GET"]}}],"collection":[{"href":"https:\/\/www.agriatv.hu\/index.php?rest_route=\/wp\/v2\/posts"}],"about":[{"href":"https:\/\/www.agriatv.hu\/index.php?rest_route=\/wp\/v2\/types\/post"}],"author":[{"embeddable":true,"href":"https:\/\/www.agriatv.hu\/index.php?rest_route=\/wp\/v2\/users\/4"}],"replies":[{"embeddable":true,"href":"https:\/\/www.agriatv.hu\/index.php?rest_route=%2Fwp%2Fv2%2Fcomments&post=3594"}],"version-history":[{"count":2,"href":"https:\/\/www.agriatv.hu\/index.php?rest_route=\/wp\/v2\/posts\/3594\/revisions"}],"predecessor-version":[{"id":3606,"href":"https:\/\/www.agriatv.hu\/index.php?rest_route=\/wp\/v2\/posts\/3594\/revisions\/3606"}],"wp:attachment":[{"href":"https:\/\/www.agriatv.hu\/index.php?rest_route=%2Fwp%2Fv2%2Fmedia&parent=3594"}],"wp:term":[{"taxonomy":"category","embeddable":true,"href":"https:\/\/www.agriatv.hu\/index.php?rest_route=%2Fwp%2Fv2%2Fcategories&post=3594"},{"taxonomy":"post_tag","embeddable":true,"href":"https:\/\/www.agriatv.hu\/index.php?rest_route=%2Fwp%2Fv2%2Ftags&post=3594"}],"curies":[{"name":"wp","href":"https:\/\/api.w.org\/{rel}","templated":true}]}}