{"id":3596,"date":"2011-03-01T22:02:01","date_gmt":"2011-03-01T22:02:01","guid":{"rendered":"http:\/\/www.agriatv.hu\/?p=3596"},"modified":"2011-03-01T22:11:48","modified_gmt":"2011-03-01T22:11:48","slug":"hat-es-fel-millio-forint-gyult-ossze-a-gyermekosztalynak-2","status":"publish","type":"post","link":"https:\/\/www.agriatv.hu\/?p=3596","title":{"rendered":"Hat \u00e9s f\u00e9l milli\u00f3 forint gy\u0171lt \u00f6ssze a gyermekoszt\u00e1lynak"},"content":{"rendered":"<p><span class=\"nagyit\"> <\/span> <img loading=\"lazy\" decoding=\"async\" class=\"alignleft\" title=\"M\u0171sorsz\u00e1mok sora sz\u00f3rakoztatta a r\u00e9sztvev\u0151ket. Fot\u00f3: G\u00e1l G\u00e1bor\" src=\"http:\/\/heol.hu\/lapokkepek\/cikkek\/144000\/144980_jotekonysagi-est.jpg\" alt=\"M\u0171sorsz\u00e1mok sora sz\u00f3rakoztatta a r\u00e9sztvev\u0151ket. Fot\u00f3: G\u00e1l G\u00e1bor\" width=\"140\" height=\"99\" \/> <strong>A Heves Megye Napja programsorozat r\u00e9szek\u00e9nt a megyei k\u00f3rh\u00e1z gyermekoszt\u00e1ly\u00e1t t\u00e1mogat\u00f3 j\u00f3t\u00e9konys\u00e1gi estet rendeztek.<\/strong><\/p>\n<p>&nbsp;<\/p>\n<p>A megyei k\u00f6zgy\u0171l\u00e9s d\u00f6nt\u00e9se alapj\u00e1n az id\u00e9n el\u0151sz\u00f6r rendezik meg a Heves Megye Napja elnevez\u00e9s\u0171 programsorozatot. A hagyom\u00e1nyteremt\u00e9s jegy\u00e9ben tartott esem\u00e9nyek sor\u00e1ban \u2013 Horv\u00e1th L\u00e1szl\u00f3 korm\u00e1nymegb\u00edzott f\u0151v\u00e9dn\u00f6ks\u00e9g\u00e9vel \u2013 szombaton j\u00f3t\u00e9konys\u00e1gi estet tartottak a G\u00e1rdonyi G\u00e9za Sz\u00ednh\u00e1zban.<\/p>\n<p>A m\u0171sort megel\u0151z\u0151en, amelyet a sz\u00ednh\u00e1z sikeres produkci\u00f3ib\u00f3l, valamint az Egri Szimfonikus Zenekar, Herczeg Fl\u00f3ra, a Corelli Tri\u00f3 \u00e9s N\u00e1dasy Erika m\u0171sorsz\u00e1maib\u00f3l \u00e1ll\u00edtottak \u00f6ssze, k\u00f6sz\u00f6nt\u0151t mondott Szab\u00f3 R\u00f3bert, a Heves Megyei K\u00f6zgy\u0171l\u00e9s eln\u00f6ke \u00e9s Horv\u00e1th L\u00e1szl\u00f3 korm\u00e1nymegb\u00edzott.<\/p>\n<div class=\"wordtube\">\n<div class=\"wordtube single222\" id=\"WT1_1\" style=\"width:320px; height:240px;\">\n<a href=\"http:\/\/www.macromedia.com\/go\/getflashplayer\">Get the Flash Player<\/a> to see the wordTube Media Player.\n<\/div><\/div>\n\t<script type=\"text\/javascript\" defer=\"defer\">\nvar WT1_1 = {\n\tparams : {\n\t\twmode : \"opaque\",\n\t\tallowscriptaccess : \"always\",\n\t\tallownetworking : \"all\",\n\t\tallowfullscreen : \"true\"},\n\tflashvars : {\n\t\tfile : \"http%3A%2F%2Fwww.agriatv.hu%2Fwp-content%2Fuploads%2F2011%2F03%2Fjotekonysagi_est_szinhaz.flv\",\n\t\tvolume : \"80\",\n\t\tbufferlength : \"5\",\n\t\tquality : \"false\",\n\t\t'logo.hide' : \"false\",\n\t\timage : \"http%3A%2F%2Fwww.agriatv.hu%2Fwp-content%2Fuploads%2F2011%2F03%2Fagria.jpg\",\n\t\ttitle : \"jotekonysagi_est_szinhaz_gyerekoszt%C3%A1ly.flv\",\n\t\tlinktarget : \"_self\"},\n\tattr : {\n\t\tid : \"WT1\",\n\t\tname : \"WT1\"},\n\tstart : function() {\n\t\tswfobject.embedSWF(\"https:\/\/www.agriatv.hu\/\/player.swf\", \"WT1_1\", \"320\", \"240\", \"9.0.0\", false, this.flashvars, this.params , this.attr );\n\t}\n}\nWT1_1.start();\n\t<\/script>\n\n<p>Az est bev\u00e9tele egy\u00e9bk\u00e9nt 6,5 milli\u00f3 forint volt, ebb\u0151l a jegy\u00e1rakb\u00f3l 2,5, adom\u00e1nyokb\u00f3l pedig k\u00e9tmilli\u00f3 j\u00f6tt \u00f6ssze, ennek r\u00e9sze Zeller Ferenc fest\u0151m\u0171v\u00e9sz k\u00e9t \u00e1rver\u00e9sen elkelt festm\u00e9nye. Az adom\u00e1ny \u00f6sszeg\u00e9hez ugyanennyit a meghirdetett c\u00e9lra \u2013 a megyei k\u00f3rh\u00e1z gyermekoszt\u00e1ly\u00e1nak a t\u00e1mogat\u00e1s\u00e1ra \u2013 a ZF Hung\u00e1ria Kft. is hozz\u00e1tett.<\/p>\n<p>A sz\u00ednh\u00e1z n\u00e9z\u0151ter\u00e9t zs\u00fafol\u00e1sig megt\u00f6lt\u0151 k\u00f6z\u00f6ns\u00e9g mindv\u00e9gig j\u00f3 hangulatban t\u00f6lt\u00f6tte az id\u0151t. A vend\u00e9gek a Heves Megye Bora c\u00edmet 2010-ben elnyert kiv\u00e1l\u00f3 italokat fogyaszthatt\u00e1k. Emellett bor\u00e1rver\u00e9sen licit\u00e1lhattak \u00f6t k\u00fcl\u00f6nleges ned\u0171re. Ezek k\u00f6z\u00fcl a leg\u00e9rt\u00e9kesebb t\u00e9telnek a Szent Andrea pinc\u00e9szet bork\u00fcl\u00f6nlegess\u00e9ge bizonyult. A palack 35 ezer forint\u00e9rt tal\u00e1lt gazd\u00e1ra.<\/p>\n<p>Forr\u00e1s: HEol<\/p>\n","protected":false},"excerpt":{"rendered":"<p>   A Heves Megye Napja programsorozat r\u00e9szek\u00e9nt a megyei k\u00f3rh\u00e1z gyermekoszt\u00e1ly\u00e1t t\u00e1mogat\u00f3 j\u00f3t\u00e9konys\u00e1gi estet rendeztek.<br \/>\n&nbsp;<br \/>\nA megyei k\u00f6zgy\u0171l\u00e9s d\u00f6nt\u00e9se alapj\u00e1n az id\u00e9n el\u0151sz\u00f6r rendezik meg a Heves Megye Napja elnevez\u00e9s\u0171 programsorozatot. A hagyom\u00e1nyteremt\u00e9s jegy\u00e9ben tartott esem\u00e9nyek sor\u00e1ban \u2013 Horv\u00e1th L\u00e1szl\u00f3 korm\u00e1nymegb\u00edzott f\u0151v\u00e9dn\u00f6ks\u00e9g\u00e9vel \u2013 szombaton j\u00f3t\u00e9konys\u00e1gi estet tartottak a G\u00e1rdonyi G\u00e9za Sz\u00ednh\u00e1zban.<br \/>\nA m\u0171sort megel\u0151z\u0151en, amelyet [&#8230;]<\/p>\n","protected":false},"author":4,"featured_media":0,"comment_status":"open","ping_status":"closed","sticky":false,"template":"","format":"standard","meta":{"footnotes":""},"categories":[6],"tags":[],"class_list":["post-3596","post","type-post","status-publish","format-standard","hentry","category-belfold"],"_links":{"self":[{"href":"https:\/\/www.agriatv.hu\/index.php?rest_route=\/wp\/v2\/posts\/3596","targetHints":{"allow":["GET"]}}],"collection":[{"href":"https:\/\/www.agriatv.hu\/index.php?rest_route=\/wp\/v2\/posts"}],"about":[{"href":"https:\/\/www.agriatv.hu\/index.php?rest_route=\/wp\/v2\/types\/post"}],"author":[{"embeddable":true,"href":"https:\/\/www.agriatv.hu\/index.php?rest_route=\/wp\/v2\/users\/4"}],"replies":[{"embeddable":true,"href":"https:\/\/www.agriatv.hu\/index.php?rest_route=%2Fwp%2Fv2%2Fcomments&post=3596"}],"version-history":[{"count":7,"href":"https:\/\/www.agriatv.hu\/index.php?rest_route=\/wp\/v2\/posts\/3596\/revisions"}],"predecessor-version":[{"id":3598,"href":"https:\/\/www.agriatv.hu\/index.php?rest_route=\/wp\/v2\/posts\/3596\/revisions\/3598"}],"wp:attachment":[{"href":"https:\/\/www.agriatv.hu\/index.php?rest_route=%2Fwp%2Fv2%2Fmedia&parent=3596"}],"wp:term":[{"taxonomy":"category","embeddable":true,"href":"https:\/\/www.agriatv.hu\/index.php?rest_route=%2Fwp%2Fv2%2Fcategories&post=3596"},{"taxonomy":"post_tag","embeddable":true,"href":"https:\/\/www.agriatv.hu\/index.php?rest_route=%2Fwp%2Fv2%2Ftags&post=3596"}],"curies":[{"name":"wp","href":"https:\/\/api.w.org\/{rel}","templated":true}]}}