{"id":360,"date":"2010-07-06T18:27:19","date_gmt":"2010-07-06T18:27:19","guid":{"rendered":"http:\/\/www.agriatv.hu\/?p=360"},"modified":"2010-07-06T18:34:43","modified_gmt":"2010-07-06T18:34:43","slug":"nyari-programkavalkad-az-egri-varban","status":"publish","type":"post","link":"https:\/\/www.agriatv.hu\/?p=360","title":{"rendered":"Ny\u00e1ri programkavalk\u00e1d az egri v\u00e1rban"},"content":{"rendered":"<p class=\"cikkcikkei\">&nbsp;<\/p>\n<p><img decoding=\"async\" align=\"left\" class=\"kiskepcikkhez\" src=\"http:\/\/www.egriszin.hu\/RenderedContents\/IndexImages\/5\/5750-20100706172458-SANY7866.JPG\" title=\"\" \/><\/p>\n<p><b>Az egri Dob&oacute; Istv&aacute;n V&aacute;rm&uacute;zeum ny&aacute;ri programjair&oacute;l tartottak ma sajt&oacute;t&aacute;j&eacute;koztat&oacute;t a Dob&oacute;-b&aacute;stya konferenciaterm&eacute;ben. A m&aacute;r hagyom&aacute;nny&aacute; v&aacute;lt V&eacute;gv&aacute;ri vigass&aacute;gok mellett t&ouml;bb, &uacute;j kezdem&eacute;nyez&eacute;s is v&aacute;rja a l&aacute;togat&oacute;kat.<\/b><\/p>\n<div align=\"justify\">A m&aacute;jusi-j&uacute;niusi d&ouml;mpinget k&ouml;vet\u0151en Dr. Veres G&aacute;bor igazgat&oacute; elmondta, hogy az oszt&aacute;lykir&aacute;ndul&aacute;sok id\u0151szak&aacute;ban eddig 135 foglalkoz&aacute;st tartottak 3080 f\u0151 r&eacute;szv&eacute;tel&eacute;vel &eacute;s 28 k&uuml;l&ouml;nb&ouml;z\u0151 m&uacute;zeumpedag&oacute;giai programmal.<br \/>\n\tAz igazgat&oacute; a soron k&ouml;vetkez\u0151 programok k&ouml;z&uuml;l kiemelte a cs&uuml;t&ouml;rt&ouml;k&ouml;n ny&iacute;l&oacute; XV. Orsz&aacute;gos N&eacute;pm\u0171v&eacute;szeti Ki&aacute;ll&iacute;t&aacute;s &Eacute;szak-Magyarorsz&aacute;gi T&aacute;rlat&aacute;t, amelyre N&oacute;gr&aacute;d, Heves &eacute;s Borsod megy&eacute;b\u0151l t&ouml;bb, mint 1000 t&aacute;rgy &eacute;rkezett zs\u0171riz&eacute;sre, amelyb\u0151l 467-et mutatnak majd be.<br \/>\n\tSz&eacute;chenyi Orsolya igazgat&oacute;helyettes felh&iacute;vta a figyelmet a m&aacute;r j&uacute;lius 1-&eacute;n elindult f&aacute;kly&aacute;s kazamatavezet&eacute;sre. A s&ouml;t&eacute;tben t&ouml;rt&eacute;n\u0151 barangol&aacute;s sor&aacute;n t&aacute;rlatvezet\u0151 k&iacute;s&eacute;ri a csoportokat a v&aacute;r alatti er\u0151drendszerekben. A s&eacute;t&aacute;ra cs&uuml;t&ouml;rt&ouml;kt\u0151l- szombatig van lehet\u0151s&eacute;g az este nyolc &eacute;s kilenc &oacute;rakor indul&oacute; turnusok sor&aacute;n.<br \/>\n\tA j&uacute;lius 15-25. k&ouml;z&ouml;tt megrendezett, 10 napos V&iacute;gv&aacute;ri Vigass&aacute;gok is sz&aacute;mtalan programot k&iacute;n&aacute;l a k&ouml;z&eacute;pkori kult&uacute;ra ir&aacute;nt &eacute;rdekl\u0151d\u0151knek. Koncertekkel, &iacute;j&aacute;sz-, t&aacute;nc- &eacute;s z&aacute;szl&oacute;forgat&oacute; bemutat&oacute;kkal, interakt&iacute;v t&aacute;rlatvezet&eacute;sekkel v&aacute;rj&aacute;k az embereket. A gyermekek k&ouml;z&eacute;pkori &ouml;lt&ouml;z&eacute;keket &ouml;lthetnek majd magukra, r&eacute;szt vehetnek egy vit&eacute;zi pr&oacute;b&aacute;n, megismerkedhetnek k&ouml;z&eacute;pkori mesters&eacute;gekkel, bab&aacute;kat &eacute;s &oacute;lomkaton&aacute;kat is k&eacute;sz&iacute;thetnek. De lesz b&aacute;styam&aacute;sz&oacute; verseny is a vigass&aacute;gok ideje alatt, a szok&aacute;sos \u0151rs&eacute;gv&aacute;lt&aacute;s is elindul majd j&uacute;lius 17-t\u0151l, &eacute;s az Agria Ny&aacute;ri J&aacute;t&eacute;kok Zr&iacute;nyi &ndash; 1566 el\u0151ad&aacute;sa is a V&iacute;gv&aacute;ri Vigass&aacute;gok r&eacute;szek&eacute;nt mutatkozik be a v&aacute;rban.<br \/>\n\tSz&eacute;chenyi Orsolya m&eacute;g a ny&aacute;ri programok k&ouml;z&ouml;tt megeml&iacute;tette az augusztus 3-i megeml&eacute;kez&eacute;st G&aacute;rdonyir&oacute;l. Ekkor a G&aacute;rdonyi G&eacute;za Eml&eacute;km&uacute;zeum ter&uuml;let&eacute;n kerti programokkal eml&eacute;keznek az &iacute;r&oacute;ra sz&uuml;let&eacute;snapja alkalm&aacute;b&oacute;l.<br \/>\n\tAz igazgat&oacute;helyettes elmondta, hogy augusztus 20-&aacute;n a szok&aacute;sosn&aacute;l egy kicsit szer&eacute;nyebb t\u0171zij&aacute;t&eacute;k lesz l&aacute;that&oacute; a v&aacute;rb&oacute;l. De a pezsg\u0151, a hangulat &eacute;s a v&aacute;r k&ouml;rnyezete kiv&aacute;l&oacute; helysz&iacute;n lesz az &aacute;llamalap&iacute;t&aacute;s meg&uuml;nnepl&eacute;s&eacute;re.<\/div>\n<div align=\"justify\">Forr&aacute;s: Egrisz&iacute;n<\/div>\n","protected":false},"excerpt":{"rendered":"<p>&nbsp;<\/p>\n<p>Az egri Dob&oacute; Istv&aacute;n V&aacute;rm&uacute;zeum ny&aacute;ri programjair&oacute;l tartottak ma sajt&oacute;t&aacute;j&eacute;koztat&oacute;t a Dob&oacute;-b&aacute;stya konferenciaterm&eacute;ben. A m&aacute;r hagyom&aacute;nny&aacute; v&aacute;lt V&eacute;gv&aacute;ri vigass&aacute;gok mellett t&ouml;bb, &uacute;j kezdem&eacute;nyez&eacute;s is v&aacute;rja a l&aacute;togat&oacute;kat.<br \/>\nA m&aacute;jusi-j&uacute;niusi d&ouml;mpinget k&ouml;vet\u0151en Dr. Veres G&aacute;bor igazgat&oacute; elmondta, hogy az oszt&aacute;lykir&aacute;ndul&aacute;sok id\u0151szak&aacute;ban eddig 135 foglalkoz&aacute;st tartottak 3080 f\u0151 r&eacute;szv&eacute;tel&eacute;vel &eacute;s 28 k&uuml;l&ouml;nb&ouml;z\u0151 m&uacute;zeumpedag&oacute;giai programmal.<br \/>\n\tAz igazgat&oacute; a soron k&ouml;vetkez\u0151 [&#8230;]<\/p>\n","protected":false},"author":4,"featured_media":0,"comment_status":"closed","ping_status":"closed","sticky":false,"template":"","format":"standard","meta":{"footnotes":""},"categories":[4],"tags":[],"class_list":["post-360","post","type-post","status-publish","format-standard","hentry","category-szabadido"],"_links":{"self":[{"href":"https:\/\/www.agriatv.hu\/index.php?rest_route=\/wp\/v2\/posts\/360","targetHints":{"allow":["GET"]}}],"collection":[{"href":"https:\/\/www.agriatv.hu\/index.php?rest_route=\/wp\/v2\/posts"}],"about":[{"href":"https:\/\/www.agriatv.hu\/index.php?rest_route=\/wp\/v2\/types\/post"}],"author":[{"embeddable":true,"href":"https:\/\/www.agriatv.hu\/index.php?rest_route=\/wp\/v2\/users\/4"}],"replies":[{"embeddable":true,"href":"https:\/\/www.agriatv.hu\/index.php?rest_route=%2Fwp%2Fv2%2Fcomments&post=360"}],"version-history":[{"count":2,"href":"https:\/\/www.agriatv.hu\/index.php?rest_route=\/wp\/v2\/posts\/360\/revisions"}],"predecessor-version":[{"id":362,"href":"https:\/\/www.agriatv.hu\/index.php?rest_route=\/wp\/v2\/posts\/360\/revisions\/362"}],"wp:attachment":[{"href":"https:\/\/www.agriatv.hu\/index.php?rest_route=%2Fwp%2Fv2%2Fmedia&parent=360"}],"wp:term":[{"taxonomy":"category","embeddable":true,"href":"https:\/\/www.agriatv.hu\/index.php?rest_route=%2Fwp%2Fv2%2Fcategories&post=360"},{"taxonomy":"post_tag","embeddable":true,"href":"https:\/\/www.agriatv.hu\/index.php?rest_route=%2Fwp%2Fv2%2Ftags&post=360"}],"curies":[{"name":"wp","href":"https:\/\/api.w.org\/{rel}","templated":true}]}}