{"id":3608,"date":"2011-03-01T22:27:09","date_gmt":"2011-03-01T22:27:09","guid":{"rendered":"http:\/\/www.agriatv.hu\/?p=3608"},"modified":"2011-03-01T22:27:09","modified_gmt":"2011-03-01T22:27:09","slug":"uj-igazgato-az-eger-termal-kft-elen","status":"publish","type":"post","link":"https:\/\/www.agriatv.hu\/?p=3608","title":{"rendered":"\u00daj igazgat\u00f3 az Eger Term\u00e1l Kft. \u00e9l\u00e9n"},"content":{"rendered":"<p class=\"cikkcikkei\">&nbsp;<\/p>\n<p><img loading=\"lazy\" decoding=\"async\" class=\"kiskepcikkhez alignleft\" src=\"http:\/\/www.egriszin.hu\/RenderedContents\/IndexImages\/7\/7355-20110301161727-uszoda.jpg\" alt=\"\" width=\"150\" height=\"97\" \/><\/p>\n<p><strong>M\u00e1rcius 1-t\u0151l Lugosi D\u00e9nes szem\u00e9ly\u00e9ben \u00faj igazgat\u00f3ja van az Eger Term\u00e1l Kft-nek.<\/strong><\/p>\n<p>Lugosi D\u00e9nes m\u00e1r a Bitskey-uszodai irod\u00e1j\u00e1ban t\u00f6lt\u00f6tte els\u0151 munkanapj\u00e1t. Az EVAT igazgat\u00f3s\u00e1g febru\u00e1r 25-i \u00fcl\u00e9s\u00e9n \u00fagy d\u00f6nt\u00f6tt, hogy Szente J\u00e1nos \u00fcgyvezet\u0151i megb\u00edzat\u00e1s\u00e1t visszavonja \u00e9s m\u00e1rcius 1-t\u0151l hat\u00e1rozatlan id\u0151re Lugosi D\u00e9nest b\u00edzta meg az Eger Term\u00e1l Kft. vezet\u00e9s\u00e9re. \u201e Igyekeztem felk\u00e9sz\u00fclni a feladatra. Mindenben a legjobbat szeretn\u00e9m a v\u00e1rosnak \u00e9s a c\u00e9gnek. A sportol\u00f3knak a lehet\u0151s\u00e9geinkhez m\u00e9rten a seg\u00edts\u00e9get maxim\u00e1lisan megadjuk. Magas szint\u0171 sport\u00e9let t\u00e1mogat\u00e1s\u00e1ra t\u00f6reksz\u00fcnk, mindenki megel\u00e9ged\u00e9s\u00e9re. Ebben a h\u00f3napban a 2011-es \u00e9vre vonatkoz\u00f3an a v\u00edzhaszn\u00e1latr\u00f3l megsz\u00fclethetnek a meg\u00e1llapod\u00e1sok\u201d &#8211; nyilatkozta Lugosi D\u00e9nes.<\/p>\n","protected":false},"excerpt":{"rendered":"<p>&nbsp;<\/p>\n<p>M\u00e1rcius 1-t\u0151l Lugosi D\u00e9nes szem\u00e9ly\u00e9ben \u00faj igazgat\u00f3ja van az Eger Term\u00e1l Kft-nek.<br \/>\nLugosi D\u00e9nes m\u00e1r a Bitskey-uszodai irod\u00e1j\u00e1ban t\u00f6lt\u00f6tte els\u0151 munkanapj\u00e1t. Az EVAT igazgat\u00f3s\u00e1g febru\u00e1r 25-i \u00fcl\u00e9s\u00e9n \u00fagy d\u00f6nt\u00f6tt, hogy Szente J\u00e1nos \u00fcgyvezet\u0151i megb\u00edzat\u00e1s\u00e1t visszavonja \u00e9s m\u00e1rcius 1-t\u0151l hat\u00e1rozatlan id\u0151re Lugosi D\u00e9nest b\u00edzta meg az Eger Term\u00e1l Kft. vezet\u00e9s\u00e9re. \u201e Igyekeztem felk\u00e9sz\u00fclni a feladatra. Mindenben a [&#8230;]<\/p>\n","protected":false},"author":4,"featured_media":0,"comment_status":"open","ping_status":"closed","sticky":false,"template":"","format":"standard","meta":{"footnotes":""},"categories":[4],"tags":[],"class_list":["post-3608","post","type-post","status-publish","format-standard","hentry","category-szabadido"],"_links":{"self":[{"href":"https:\/\/www.agriatv.hu\/index.php?rest_route=\/wp\/v2\/posts\/3608","targetHints":{"allow":["GET"]}}],"collection":[{"href":"https:\/\/www.agriatv.hu\/index.php?rest_route=\/wp\/v2\/posts"}],"about":[{"href":"https:\/\/www.agriatv.hu\/index.php?rest_route=\/wp\/v2\/types\/post"}],"author":[{"embeddable":true,"href":"https:\/\/www.agriatv.hu\/index.php?rest_route=\/wp\/v2\/users\/4"}],"replies":[{"embeddable":true,"href":"https:\/\/www.agriatv.hu\/index.php?rest_route=%2Fwp%2Fv2%2Fcomments&post=3608"}],"version-history":[{"count":1,"href":"https:\/\/www.agriatv.hu\/index.php?rest_route=\/wp\/v2\/posts\/3608\/revisions"}],"predecessor-version":[{"id":3609,"href":"https:\/\/www.agriatv.hu\/index.php?rest_route=\/wp\/v2\/posts\/3608\/revisions\/3609"}],"wp:attachment":[{"href":"https:\/\/www.agriatv.hu\/index.php?rest_route=%2Fwp%2Fv2%2Fmedia&parent=3608"}],"wp:term":[{"taxonomy":"category","embeddable":true,"href":"https:\/\/www.agriatv.hu\/index.php?rest_route=%2Fwp%2Fv2%2Fcategories&post=3608"},{"taxonomy":"post_tag","embeddable":true,"href":"https:\/\/www.agriatv.hu\/index.php?rest_route=%2Fwp%2Fv2%2Ftags&post=3608"}],"curies":[{"name":"wp","href":"https:\/\/api.w.org\/{rel}","templated":true}]}}