{"id":3610,"date":"2011-03-03T09:06:07","date_gmt":"2011-03-03T09:06:07","guid":{"rendered":"http:\/\/www.agriatv.hu\/?p=3610"},"modified":"2011-03-03T09:06:07","modified_gmt":"2011-03-03T09:06:07","slug":"mszp-hitelekbol-fejlesztunk-es-utanunk-az-ozonviz","status":"publish","type":"post","link":"https:\/\/www.agriatv.hu\/?p=3610","title":{"rendered":"MSZP: Hitelekb\u0151l fejleszt\u00fcnk, \u00e9s ut\u00e1nunk az \u00f6z\u00f6nv\u00edz"},"content":{"rendered":"<p><strong><a href=\"https:\/\/www.agriatv.hu\/wp-content\/uploads\/2011\/03\/0302mszp_v.jpg\"><img loading=\"lazy\" decoding=\"async\" class=\"alignleft size-medium wp-image-3611\" title=\"0302mszp_v\" src=\"https:\/\/www.agriatv.hu\/wp-content\/uploads\/2011\/03\/0302mszp_v-300x240.jpg\" alt=\"\" width=\"119\" height=\"95\" srcset=\"https:\/\/www.agriatv.hu\/wp-content\/uploads\/2011\/03\/0302mszp_v-300x240.jpg 300w, https:\/\/www.agriatv.hu\/wp-content\/uploads\/2011\/03\/0302mszp_v.jpg 720w\" sizes=\"auto, (max-width: 119px) 100vw, 119px\" \/><\/a>Az idei k\u00f6lts\u00e9gvet\u00e9s P\u00e1l Gy\u00f6rgy az MSZP Eger V\u00e1rosi Szervezet\u00e9nek eln\u00f6ke\u00a0 szerint a j\u00f6v\u0151ben fogja tarthatatlan helyzetbe sodorni a v\u00e1rost.<\/strong><\/p>\n<p>Sajt\u00f3t\u00e1j\u00e9koztat\u00f3 keret\u00e9ben ismertette P\u00e1l Gy\u00f6rgy az MSZP Eger V\u00e1rosi Szervezet\u00e9nek eln\u00f6ke az Eger Megyei Jog\u00fa V\u00e1ros k\u00f6lts\u00e9gvet\u00e9s\u00e9vel kapcsolatos agg\u00e1lyait.<\/p>\n<p>Egy k\u00f6lts\u00e9gvet\u00e9s mindig a mindenkori korm\u00e1nyzat, a t\u00f6bbs\u00e9g elk\u00e9pzel\u00e9seit \u00f6nti form\u00e1ba. \u00cdgy annak elfogad\u00e1s\u00e1\u00e9rt, v\u00e9grehajt\u00e1s\u00e1\u00e9rt \u00e9s k\u00f6vetkezm\u00e9nyei\u00e9rt is \u0151k a felel\u0151sek. Haszn\u00e1lom a felel\u0151s sz\u00f3t, mert azt gondolom, hogy ez a k\u00f6lts\u00e9gvet\u00e9s fel fog vetni az elk\u00f6vetkez\u0151 \u00e9vekben felel\u0151ss\u00e9get.<br \/>\nAz elm\u00falt n\u00e9gy \u00e9vben egy Fideszes v\u00e1rosvezet\u00e9s volt egy szocialista korm\u00e1nyzat alatt, k\u00f6nny\u0171 volt minden \u00e9vben a hi\u00e1nyt \u00e9s a felel\u0151ss\u00e9get a korm\u00e1nyzatra h\u00e1r\u00edtani. Ma ez egy kicsit nehezebb t\u00f6rt\u00e9net, hiszen a polg\u00e1rmester a korm\u00e1nyz\u00f3 frakci\u00f3 tagja, annak minden el\u0151ny\u00e9vel \u2013 \u00e9s egyre ink\u00e1bb h\u00e1tr\u00e1ny\u00e1val.<br \/>\nAz elm\u00falt n\u00e9gy \u00e9vben, volt olyan k\u00f6lts\u00e9gvet\u00e9s, amit megszavaztak a szocialist\u00e1k, mert felvet\u0151d\u00f6tt a lehet\u0151s\u00e9ge annak, hogy nem lesz meg a t\u00f6bbs\u00e9ge a v\u00e1rosvezet\u00e9snek az elfogad\u00e1shoz. Az akkor indul\u00f3 p\u00e9nz\u00fcgyi v\u00e1ls\u00e1g k\u00f6zepette b\u00e1r hangs\u00falyi kritik\u00e1ink voltak a k\u00f6lts\u00e9gvet\u00e9ssel, m\u00e9gis azt mondtuk, elfogadjuk, mert sokkal vesz\u00e9lyesebb, ha nem lesz k\u00f6lts\u00e9gvet\u00e9se Egernek. Ezek a k\u00f6lts\u00e9gvet\u00e9sek alapjaiban nem vesz\u00e9lyeztett\u00e9k a v\u00e1ros m\u0171k\u00f6d\u0151k\u00e9pess\u00e9g\u00e9t &#8211; mondta el <em>P\u00e1l Gy\u00f6rgy.<\/em><br \/>\nAz idei k\u00f6lts\u00e9gvet\u00e9s nem ilyen. Nem id\u00e9n, hanem a j\u00f6v\u0151ben fogja tarthatatlan helyzetbe sodorni a v\u00e1rost. A k\u00f6lts\u00e9gvet\u00e9s a tavalyi 2mrd hitelfelv\u00e9tel mell\u00e9, id\u00e9n is 2mrd hitel felv\u00e9tel\u00e9t ir\u00e1nyozza el\u0151. Ezzel a k\u00f6lts\u00e9gvet\u00e9ssel, Eger Esztergom \u00e9s Debrecen \u00fatj\u00e1ra l\u00e9pett, hitelekb\u0151l fejleszt\u00fcnk, \u00e9s ut\u00e1nunk az \u00f6z\u00f6nv\u00edz, majd fizess\u00e9k vissza ut\u00f3daink. Vil\u00e1gosan kider\u00fcl a 3\/c kimutat\u00e1sb\u00f3l, hogy id\u00e9n 741M Ft a hitelek t\u00f6rleszt\u00e9se, ez 2012-ben 1,255Mrd, 2013-ban pedig 1,731Mrd.<br \/>\nFelvet\u0151dik a k\u00e9rd\u00e9s, hogy mib\u0151l? Hiszen az ma is l\u00e1tszik, hogy az \u00f6nkorm\u00e1nyzat \u00e1llamt\u00f3l kapott bev\u00e9telei nem fognak n\u0151ni.\u00a0 A gazdagokat t\u00e1mogat\u00f3 ad\u00f3cs\u00f6kkent\u00e9s tov\u00e1bbi 100Mrd-okat vesz ki az SZJA helyben marad\u00f3 r\u00e9sz\u00e9b\u0151l, \u00e9s k\u00f6zben a majdan fel\u00e9p\u00fcl\u0151 Ag\u00f3ra brut\u00e1lis m\u0171k\u00f6d\u00e9si k\u00f6lts\u00e9ge is a v\u00e1ros nyak\u00e1ban marad.<br \/>\n<div class=\"wordtube\">\n<div class=\"wordtube single224\" id=\"WT1_1\" style=\"width:320px; height:240px;\">\n<a href=\"http:\/\/www.macromedia.com\/go\/getflashplayer\">Get the Flash Player<\/a> to see the wordTube Media Player.\n<\/div><\/div>\n\t<script type=\"text\/javascript\" defer=\"defer\">\nvar WT1_1 = {\n\tparams : {\n\t\twmode : \"opaque\",\n\t\tallowscriptaccess : \"always\",\n\t\tallownetworking : \"all\",\n\t\tallowfullscreen : \"true\"},\n\tflashvars : {\n\t\tfile : \"http%3A%2F%2Fwww.agriatv.hu%2Fwp-content%2Fuploads%2F2011%2F03%2F0302mszp.flv\",\n\t\tvolume : \"80\",\n\t\tbufferlength : \"5\",\n\t\tquality : \"false\",\n\t\t'logo.hide' : \"false\",\n\t\timage : \"http%3A%2F%2Fwww.agriatv.hu%2Fwp-content%2Fuploads%2F2011%2F03%2F0302mszp.jpg\",\n\t\ttitle : \"0302mszp.flv\",\n\t\tlinktarget : \"_self\"},\n\tattr : {\n\t\tid : \"WT1\",\n\t\tname : \"WT1\"},\n\tstart : function() {\n\t\tswfobject.embedSWF(\"https:\/\/www.agriatv.hu\/\/player.swf\", \"WT1_1\", \"320\", \"240\", \"9.0.0\", false, this.flashvars, this.params , this.attr );\n\t}\n}\nWT1_1.start();\n\t<\/script>\nA k\u00f6lts\u00e9gvet\u00e9s nem v\u00e1laszol semmilyen komolyabb el\u0151tt\u00fcnk \u00e1ll\u00f3 feladatra. Ma egy felel\u0151s \u00f6nkorm\u00e1nyzatnak a realit\u00e1sok talaj\u00e1n \u00e1llva azokkal a probl\u00e9m\u00e1kkal kellene foglalkozni, amik a k\u00f6vetkez\u0151 \u00e9vekben r\u00e1nk fognak szakadni. Pl. szoci\u00e1lis lak\u00e1s\u00e9p\u00edt\u00e9si vagy v\u00e1s\u00e1rl\u00e1si programmal kellene el\u0151\u00e1llni, felk\u00e9sz\u00fclve a devizahitelesek probl\u00e9m\u00e1j\u00e1ra, ha m\u00e1r az \u00edg\u00e9retek ellen\u00e9re az \u00c1llami Eszk\u00f6zkezel\u0151 \u00fcgy\u00e9ben egy cm el\u0151rehalad\u00e1s nem t\u00f6rt\u00e9nt. De 2 \u00e9ve mondjuk mi szocialist\u00e1k, hogy a v\u00e1ros nem hagyhatja mag\u00e1ra az egri sz\u0151l\u0151termel\u0151ket, egy integr\u00e1tor szervezet l\u00e9trehoz\u00e1s\u00e1ban r\u00e9szt kell, hogy vegyen.<br \/>\nKonkr\u00e9t m\u00f3dos\u00edt\u00f3 ind\u00edtv\u00e1nyaim is voltak, amib\u0151l egyre, a sportorvos k\u00e9rd\u00e9s\u00e9re megnyugtat\u00f3 megold\u00e1st tal\u00e1ltunk, \u00edgy rem\u00e9lhet\u0151leg a k\u00f6zelj\u00f6v\u0151ben \u00fajra lesz sportorvosi rendel\u00e9s Egerben.<br \/>\nSajnos, a t\u00f6bbi m\u00f3dos\u00edt\u00f3 ind\u00edtv\u00e1nyom nem kapott t\u00f6bbs\u00e9get, a Fidesz elutas\u00edtotta a k\u00f6zalkalmazotti \u00e9tkez\u00e9si hozz\u00e1j\u00e1rul\u00e1s vissza\u00e1ll\u00edt\u00e1s\u00e1t, \u00e9s elutas\u00edtott\u00e1k a t\u00e1nctagozat melletti v\u00e1rosi ki\u00e1ll\u00e1st.<br \/>\nAz \u00faj ad\u00f3szab\u00e1lyokkal miut\u00e1n a korm\u00e1ny t\u00f6bb ezer forintot vett ki a k\u00f6zalkalmazottak zseb\u00e9b\u0151l, ehhez csatlakozott az \u00f6nkorm\u00e1nyzat az \u00e9tkez\u00e9si hozz\u00e1j\u00e1rul\u00e1s megvon\u00e1s\u00e1val.<br \/>\nFelr\u00f6ppentek a h\u00edrek, hogy az \u00faj igazgat\u00f3 meg akarja sz\u00fcntetni a t\u00e1nctagozatot, a megteremt\u0151j\u00e9t \u00e9s vezet\u0151j\u00e9t, Eger egyetlen \u00c9rdemes M\u0171v\u00e9sz\u00e9t a t\u00e1nckarban akarja foglalkoztatni, ami nonszensz v\u00e9lem\u00e9nyem szerint. Eger Kultur\u00e1lis Koncepci\u00f3j\u00e1ban hangs\u00falyos volt ennek a tagozatnak a megteremt\u00e9se, \u00e9s a polg\u00e1rmester \u00e1ltal favoriz\u00e1lt Ag\u00f3ra programban is jelent\u0151s motor volt a p\u00e1ly\u00e1zat sor\u00e1n. Ez\u00e9rt a javasoltam, hogy: A G\u00e1rdonyi G\u00e9za Sz\u00ednh\u00e1z t\u00e1nctagozat\u00e1ban amennyiben struktur\u00e1lis v\u00e1ltoz\u00e1sok, l\u00e9tsz\u00e1mbeli le\u00e9p\u00edt\u00e9s, vagy vezet\u0151 v\u00e1lt\u00e1s k\u00f6vetkezik be igazgat\u00f3i d\u00f6nt\u00e9s hat\u00e1s\u00e1ra, akkor Eger MJV befagyasztja a tov\u00e1bbi sz\u00ednh\u00e1zi t\u00e1mogat\u00e1st &#8211; mondta el <em>P\u00e1l Gy\u00f6rgy<\/em> MSZP Eger V\u00e1rosi Szervezet\u00e9nek eln\u00f6ke<\/p>\n<p>Forr\u00e1s: <a href=\"egriszin.hu\">Egrisz\u00edn<\/a><\/p>\n","protected":false},"excerpt":{"rendered":"<p>Az idei k\u00f6lts\u00e9gvet\u00e9s P\u00e1l Gy\u00f6rgy az MSZP Eger V\u00e1rosi Szervezet\u00e9nek eln\u00f6ke\u00a0 szerint a j\u00f6v\u0151ben fogja tarthatatlan helyzetbe sodorni a v\u00e1rost.<br \/>\nSajt\u00f3t\u00e1j\u00e9koztat\u00f3 keret\u00e9ben ismertette P\u00e1l Gy\u00f6rgy az MSZP Eger V\u00e1rosi Szervezet\u00e9nek eln\u00f6ke az Eger Megyei Jog\u00fa V\u00e1ros k\u00f6lts\u00e9gvet\u00e9s\u00e9vel kapcsolatos agg\u00e1lyait.<br \/>\nEgy k\u00f6lts\u00e9gvet\u00e9s mindig a mindenkori korm\u00e1nyzat, a t\u00f6bbs\u00e9g elk\u00e9pzel\u00e9seit \u00f6nti form\u00e1ba. \u00cdgy annak elfogad\u00e1s\u00e1\u00e9rt, v\u00e9grehajt\u00e1s\u00e1\u00e9rt \u00e9s k\u00f6vetkezm\u00e9nyei\u00e9rt is [&#8230;]<\/p>\n","protected":false},"author":4,"featured_media":0,"comment_status":"open","ping_status":"closed","sticky":false,"template":"","format":"standard","meta":{"footnotes":""},"categories":[3],"tags":[],"class_list":["post-3610","post","type-post","status-publish","format-standard","hentry","category-politika"],"_links":{"self":[{"href":"https:\/\/www.agriatv.hu\/index.php?rest_route=\/wp\/v2\/posts\/3610","targetHints":{"allow":["GET"]}}],"collection":[{"href":"https:\/\/www.agriatv.hu\/index.php?rest_route=\/wp\/v2\/posts"}],"about":[{"href":"https:\/\/www.agriatv.hu\/index.php?rest_route=\/wp\/v2\/types\/post"}],"author":[{"embeddable":true,"href":"https:\/\/www.agriatv.hu\/index.php?rest_route=\/wp\/v2\/users\/4"}],"replies":[{"embeddable":true,"href":"https:\/\/www.agriatv.hu\/index.php?rest_route=%2Fwp%2Fv2%2Fcomments&post=3610"}],"version-history":[{"count":1,"href":"https:\/\/www.agriatv.hu\/index.php?rest_route=\/wp\/v2\/posts\/3610\/revisions"}],"predecessor-version":[{"id":3612,"href":"https:\/\/www.agriatv.hu\/index.php?rest_route=\/wp\/v2\/posts\/3610\/revisions\/3612"}],"wp:attachment":[{"href":"https:\/\/www.agriatv.hu\/index.php?rest_route=%2Fwp%2Fv2%2Fmedia&parent=3610"}],"wp:term":[{"taxonomy":"category","embeddable":true,"href":"https:\/\/www.agriatv.hu\/index.php?rest_route=%2Fwp%2Fv2%2Fcategories&post=3610"},{"taxonomy":"post_tag","embeddable":true,"href":"https:\/\/www.agriatv.hu\/index.php?rest_route=%2Fwp%2Fv2%2Ftags&post=3610"}],"curies":[{"name":"wp","href":"https:\/\/api.w.org\/{rel}","templated":true}]}}