{"id":3613,"date":"2011-03-03T09:07:04","date_gmt":"2011-03-03T09:07:04","guid":{"rendered":"http:\/\/www.agriatv.hu\/?p=3613"},"modified":"2011-03-03T09:07:04","modified_gmt":"2011-03-03T09:07:04","slug":"elokelo-helyen-az-integra-agria-se","status":"publish","type":"post","link":"https:\/\/www.agriatv.hu\/?p=3613","title":{"rendered":"El\u0151kel\u0151 helyen az Integra Agria SE"},"content":{"rendered":"<p class=\"cikkcikkei\">&nbsp;<\/p>\n<p><img loading=\"lazy\" decoding=\"async\" class=\"kiskepcikkhez alignleft\" src=\"http:\/\/www.egriszin.hu\/RenderedContents\/IndexImages\/7\/7362-20110302163817-csapatkep.JPG\" alt=\"\" width=\"150\" height=\"113\" \/><\/p>\n<p><strong>H\u00e9tv\u00e9g\u00e9n k\u00e9tnapos nemzetk\u00f6zi \u00fasz\u00f3versenynek adott otthont a h\u00f3dmez\u0151v\u00e1s\u00e1rhelyi Gyarmati Dezs\u0151 Sportuszoda. Az Egrieket az Integra Agria SE 12 \u00fasz\u00f3ja k\u00e9pviselte, akik 7 arany, 3 ez\u00fcst \u00e9s 2 bronz\u00e9rmet valamint 10 oklevelet nyertek.<\/strong><\/p>\n<div>H\u00e1rom orsz\u00e1g, 33 egyes\u00fclet\u00e9nek 524 versenyz\u0151je \u00e1llt rajthoz, k\u00f6zt\u00fck a legeredm\u00e9nyesebb magyar egyes\u00fcletek, a BVSC, a Honv\u00e9d, \u00e9s a szinte hazai p\u00e1ly\u00e1n szerepl\u0151 Szeged. A legn\u00e9pesebb k\u00fcld\u00f6tts\u00e9ggel a J\u00f6v\u0151 SC csapata \u00e1llt rajthoz, akik k\u00f6z\u00f6tt olyan szt\u00e1rok emelt\u00e9k a verseny sz\u00ednvonal\u00e1t, mint a Verraszt\u00f3 testv\u00e9rek, Evelyn \u00e9s D\u00e1vid, Jakabos Zsuzsanna, Mutina \u00c1gi \u00e9s Moln\u00e1r \u00c1kos akik igazi profi m\u00f3dj\u00e1ra, t\u00fcrelmesen \u00e1llt\u00e1k a fiatal versenyz\u0151k autogramk\u00e9r\u0151 rohamait.<br \/>\nAz Egrieket az Integra Agria SE 12 \u00fasz\u00f3ja k\u00e9pviselte, akik 7 arany, 3 ez\u00fcst \u00e9s 2 bronz\u00e9rmet valamint 10 oklevelet nyertek. Ezzel a teljes\u00edtm\u00e9nnyel az Integra csapata az el\u0151kel\u0151 8. helyen v\u00e9gzett az egyes\u00fcletek rangsor\u00e1ban!<br \/>\nA sok nagyszer\u0171 egri teljes\u00edtm\u00e9ny k\u00f6z\u00fcl kiemelkednek a k\u00fcl\u00f6nd\u00edjasok, akik nem csak els\u0151 helyez\u00e9st \u00e9rtek el, hanem a koroszt\u00e1lyuk legjobbjai voltak! Szeivolt Melinda 3 arany\u00e9rme mellett a 200 m\u00e9teres mell\u00fasz\u00e1sban, Holl\u00f3 Bal\u00e1zs 2 arany\u00e9rme mellett a 400 m\u00e9teres vegyesen, V\u00e1lyi Vanda a 200 m\u00e9teres gyorson \u00faszott eredm\u00e9ny\u00e9\u00e9rt r\u00e9szes\u00fclt k\u00fcl\u00f6nd\u00edjaz\u00e1sban, mint legmagasabb LEN pontot el\u00e9rt koroszt\u00e1lyos versenyz\u0151.<br \/>\nRajtuk k\u00edv\u00fcl Kripk\u00f3 \u00c1d\u00e1m aranyat nyert a 200 m\u00e9teres mell\u00fasz\u00e1sban \u00e9s ez\u00fcst\u00f6t a 200 m\u00e9teres vegyes\u00fasz\u00e1sban. Cseke Petra is bizony\u00edtotta tehets\u00e9g\u00e9t, hiszen m\u00e1sodik helyen v\u00e9gzett a 100 m\u00e9teres mell\u00fasz\u00e1sban \u00e9s bronz\u00e9rmes lett a 200 m\u00e9teres gyors\u00fasz\u00e1sban.<br \/>\nOklevelet nyertek a 4-6. helyen v\u00e9gzett versenyz\u0151k, \u00edgy Szedm\u00e1k Enik\u0151 a 200 m\u00e9teres pillang\u00f3 4., a 200 m\u00e9teres vegyes 6. a 200 m\u00e9terese gyors\u00fasz\u00e1s 6. helyez\u00e9se ut\u00e1n, Rompos D\u00f3ra a 200 m\u00e9teres h\u00e1t\u00fasz\u00e1sban el\u00e9rt 4. helyez\u00e9se ut\u00e1n \u00e9s a 200 m\u00e9teres mell\u00fasz\u00e1s 6. helyez\u00e9se ut\u00e1n, Mirk\u00f3czki \u00c1ron pedig a 200 m\u00e9teres mell\u00fasz\u00e1s ut\u00e1n vehetett r\u00e9szt eredm\u00e9nyhirdet\u00e9sen.<br \/>\nRemek egy\u00e9ni teljes\u00edtm\u00e9nyt ny\u00fajtottak m\u00e9g a t\u00f6bbiek, Eged Bence, Kompos M\u00e1rton, Kripk\u00f3 \u00c1kos \u00e9s S\u00edk Bence M\u00e1t\u00e9 is.<br \/>\n&#8211;\u00a0\u00a0 \u00a0B\u00fcszk\u00e9k vagyunk az el\u00e9rt eredm\u00e9nyekre, tartjuk a l\u00e9p\u00e9st az orsz\u00e1g legjobbjaival, s\u0151t, t\u00f6bb versenysz\u00e1mban a mi versenyz\u0151ink dikt\u00e1lj\u00e1k a temp\u00f3t. Dolgozunk tov\u00e1bb a gyerekek \u00e9s az egri \u00fasz\u00f3sport siker\u00e9\u00e9rt -, nyilatkozta Pohl Anette az Integra Agria SE edz\u0151je.<\/p>\n<p>Eredm\u00e9nyek:<\/p>\n<p>Szeivolt Melinda (2000)<br \/>\n100 m\u00e9ter mell\u00a0\u00a0 \u00a0\u00a0 1. helyezett\u00a0\u00a0 \u00a01:24,18<br \/>\n200 m\u00e9ter mell\u00a0\u00a0 \u00a0\u00a0 1. helyezett\u00a0\u00a0 \u00a02:58,07<br \/>\n200 m\u00e9ter vegyes\u00a0\u00a0 \u00a0\u00a0 1. helyezett\u00a0\u00a0 \u00a02:46,83<\/p>\n<p>Holl\u00f3 Bal\u00e1zs (1999)<br \/>\n200 m\u00e9ter gyors\u00a0\u00a0 \u00a0\u00a0 1. helyezett\u00a0\u00a0 \u00a02:16,99<br \/>\n400 m\u00e9ter vegyes\u00a0\u00a0 \u00a0\u00a0 1. helyezett\u00a0\u00a0 \u00a05:26,28<\/p>\n<p>Kripk\u00f3 \u00c1d\u00e1m (1999)<br \/>\n200 m\u00e9ter mell\u00a0\u00a0 \u00a0\u00a0 1. helyezett\u00a0\u00a0 \u00a02:56,97<br \/>\n200 m\u00e9ter vegyes\u00a0\u00a0 \u00a0\u00a0 2. helyezett\u00a0\u00a0 \u00a02:43,23<br \/>\n200 m\u00e9ter gyors\u00a0\u00a0 \u00a0\u00a0 9. helyezett\u00a0\u00a0 \u00a02:37,87<\/p>\n<p>V\u00e1lyi Vanda (1999)<br \/>\n200 m\u00e9ter gyors\u00a0\u00a0 \u00a0\u00a0 1. helyezett\u00a0\u00a0 \u00a02:19,56<\/p>\n<p>Cseke Petra (2001)<br \/>\n100 m\u00e9ter mell\u00a0\u00a0 \u00a0\u00a0 2. helyezett\u00a0\u00a0 \u00a01:34,21<br \/>\n200 m\u00e9ter gyors\u00a0\u00a0 \u00a0\u00a0 3. helyezett\u00a0\u00a0 \u00a02:38,59<br \/>\n50 m\u00e9ter h\u00e1t\u00a0\u00a0 \u00a0\u00a0\u00a0 \u00a0\u00a0 4. helyezett\u00a0\u00a0 \u00a0\u00a0\u00a0 39,56<br \/>\n50 m\u00e9ter mell\u00a0\u00a0 \u00a0\u00a0 4. helyezett\u00a0\u00a0 \u00a0\u00a0\u00a0 43,94<\/p>\n<p>Szedm\u00e1k Enik\u0151 (2000)<br \/>\n200 m\u00e9ter pillang\u00f3\u00a0\u00a0 \u00a0\u00a0 4. helyezett\u00a0\u00a0 \u00a02:50,81<br \/>\n200 m\u00e9ter gyors\u00a0\u00a0 \u00a0\u00a0 6. helyezett\u00a0\u00a0 \u00a02:32,32<br \/>\n200 m\u00e9ter vegyes\u00a0\u00a0 \u00a0\u00a0 6. helyezett\u00a0\u00a0 \u00a02:52,09<\/p>\n<p>Rompos D\u00f3ra (2000)<br \/>\n200 m\u00e9ter h\u00e1t\u00a0\u00a0 \u00a0\u00a0\u00a0 \u00a0\u00a0 4. helyezett\u00a0\u00a0 \u00a02:54,19<br \/>\n200 m\u00e9ter mell\u00a0\u00a0 \u00a0\u00a0 6. helyezett\u00a0\u00a0 \u00a03:15,19<br \/>\n200 m\u00e9ter vegyes\u00a0\u00a0 \u00a0\u00a0 8. helyezett\u00a0\u00a0 \u00a02:54,37<\/p>\n<p>Mirk\u00f3czki \u00c1ron (1998)<br \/>\n200 m\u00e9ter mell\u00a0\u00a0 \u00a0\u00a0 6. helyezett\u00a0\u00a0 \u00a03:03,72<br \/>\n200 m\u00e9ter vegyes\u00a0\u00a0 \u00a014. helyezett\u00a0\u00a0 \u00a02:46,10<br \/>\n200 m\u00e9ter gyors\u00a0\u00a0 \u00a015. helyezett\u00a0\u00a0 \u00a02:32,02<\/p>\n<p>Eged Bence (2000)<br \/>\n100 m\u00e9ter mell\u00a0\u00a0 \u00a0\u00a0 7. helyezett\u00a0\u00a0 \u00a01:36,08<br \/>\n200 m\u00e9ter mell\u00a0\u00a0 \u00a013. helyezett\u00a0\u00a0 \u00a03:32,76<br \/>\n200 m\u00e9ter gyors\u00a0\u00a0 \u00a020. helyezett\u00a0\u00a0 \u00a02:56,86<\/p>\n<p>Kripk\u00f3 \u00c1kos (2001)<br \/>\n100 m\u00e9ter mell\u00a0\u00a0 \u00a0\u00a0 9. helyezett\u00a0\u00a0 \u00a01:40,30<br \/>\n50 m\u00e9ter mell\u00a0\u00a0 \u00a012. helyezett\u00a0\u00a0 \u00a0\u00a0\u00a0 46,45<br \/>\n200 m\u00e9ter gyors\u00a0\u00a0 \u00a019. helyezett\u00a0\u00a0 \u00a03:04,20<\/p>\n<p>S\u00edk Bence M\u00e1t\u00e9 (2001)<br \/>\n50 m\u00e9ter h\u00e1t\u00a0\u00a0 \u00a0\u00a0\u00a0 \u00a011. helyezett\u00a0\u00a0 \u00a0\u00a0\u00a0 42,68<br \/>\n50 m\u00e9ter mell\u00a0\u00a0 \u00a017. helyezett\u00a0\u00a0 \u00a0\u00a0\u00a0 48,37<br \/>\n100 m\u00e9ter mell\u00a0\u00a0 \u00a019. helyezett\u00a0\u00a0 \u00a01:46,74<br \/>\n200 m\u00e9ter gyors\u00a0\u00a0 \u00a024. helyezett\u00a0\u00a0 \u00a03:10,73<\/p>\n<p>Kompos M\u00e1rton (2001)<br \/>\n50 m\u00e9ter gyors\u00a0\u00a0 \u00a017. helyezett\u00a0\u00a0 \u00a0\u00a0\u00a0 37,54<br \/>\n200 m\u00e9ter gyors\u00a0\u00a0 \u00a017. helyezett\u00a0\u00a0 \u00a03:01,10<br \/>\n50 m\u00e9ter h\u00e1t\u00a0\u00a0 \u00a0\u00a0\u00a0 \u00a020. helyezett\u00a0\u00a0 \u00a0\u00a0\u00a0 46,45<\/p>\n<p>4&#215;100 l\u00e1ny gyorsv\u00e1lt\u00f3 (az 1999-2000-ben sz\u00fcletettek r\u00e9sz\u00e9re)<br \/>\n2. helyezett Integra Agria SE\u00a0\u00a0 \u00a0\u00a0\u00a0 \u00a05:15,27<br \/>\n(Rompos D\u00f3ra, Szeivolt Melinda, Szedm\u00e1k Enik\u0151, V\u00e1lyi Vanda)<\/p>\n<p>4&#215;100 l\u00e1ny gyorsv\u00e1lt\u00f3 (az 1999-2000-ben sz\u00fcletettek r\u00e9sz\u00e9re)<br \/>\n3. helyezett Integra Agria SE\u00a0\u00a0 \u00a0\u00a0\u00a0 \u00a04:48,21<br \/>\n(Szedm\u00e1k Enik\u0151, Rompos D\u00f3ra, Szeivolt Melinda, V\u00e1lyi Vanda)<\/p>\n<p>4&#215;100 fi\u00fa gyorsv\u00e1lt\u00f3 (az 1999-2000-ben sz\u00fcletettek r\u00e9sz\u00e9re)<br \/>\n4. helyezett Integra Agria SE\u00a0\u00a0 \u00a0\u00a0\u00a0 \u00a05:13,61<br \/>\n(Kripk\u00f3 \u00c1d\u00e1m, Eged Bence, Kripk\u00f3 \u00c1kos, Holl\u00f3 Bal\u00e1zs)<\/p>\n<p>4&#215;100 fi\u00fa gyorsv\u00e1lt\u00f3 (az 1999-2000-ben sz\u00fcletettek r\u00e9sz\u00e9re)<br \/>\n5. helyezett Integra Agria SE\u00a0\u00a0 \u00a0\u00a0\u00a0 \u00a05:43,85<br \/>\n(Holl\u00f3 Bal\u00e1zs, Eged Bence, Kripk\u00f3 \u00c1d\u00e1m, Kompos M\u00e1rton)<\/p><\/div>\n","protected":false},"excerpt":{"rendered":"<p>&nbsp;<\/p>\n<p>H\u00e9tv\u00e9g\u00e9n k\u00e9tnapos nemzetk\u00f6zi \u00fasz\u00f3versenynek adott otthont a h\u00f3dmez\u0151v\u00e1s\u00e1rhelyi Gyarmati Dezs\u0151 Sportuszoda. Az Egrieket az Integra Agria SE 12 \u00fasz\u00f3ja k\u00e9pviselte, akik 7 arany, 3 ez\u00fcst \u00e9s 2 bronz\u00e9rmet valamint 10 oklevelet nyertek.<br \/>\nH\u00e1rom orsz\u00e1g, 33 egyes\u00fclet\u00e9nek 524 versenyz\u0151je \u00e1llt rajthoz, k\u00f6zt\u00fck a legeredm\u00e9nyesebb magyar egyes\u00fcletek, a BVSC, a Honv\u00e9d, \u00e9s a szinte hazai p\u00e1ly\u00e1n szerepl\u0151 Szeged. [&#8230;]<\/p>\n","protected":false},"author":4,"featured_media":0,"comment_status":"open","ping_status":"closed","sticky":false,"template":"","format":"standard","meta":{"footnotes":""},"categories":[11],"tags":[],"class_list":["post-3613","post","type-post","status-publish","format-standard","hentry","category-sport"],"_links":{"self":[{"href":"https:\/\/www.agriatv.hu\/index.php?rest_route=\/wp\/v2\/posts\/3613","targetHints":{"allow":["GET"]}}],"collection":[{"href":"https:\/\/www.agriatv.hu\/index.php?rest_route=\/wp\/v2\/posts"}],"about":[{"href":"https:\/\/www.agriatv.hu\/index.php?rest_route=\/wp\/v2\/types\/post"}],"author":[{"embeddable":true,"href":"https:\/\/www.agriatv.hu\/index.php?rest_route=\/wp\/v2\/users\/4"}],"replies":[{"embeddable":true,"href":"https:\/\/www.agriatv.hu\/index.php?rest_route=%2Fwp%2Fv2%2Fcomments&post=3613"}],"version-history":[{"count":1,"href":"https:\/\/www.agriatv.hu\/index.php?rest_route=\/wp\/v2\/posts\/3613\/revisions"}],"predecessor-version":[{"id":3614,"href":"https:\/\/www.agriatv.hu\/index.php?rest_route=\/wp\/v2\/posts\/3613\/revisions\/3614"}],"wp:attachment":[{"href":"https:\/\/www.agriatv.hu\/index.php?rest_route=%2Fwp%2Fv2%2Fmedia&parent=3613"}],"wp:term":[{"taxonomy":"category","embeddable":true,"href":"https:\/\/www.agriatv.hu\/index.php?rest_route=%2Fwp%2Fv2%2Fcategories&post=3613"},{"taxonomy":"post_tag","embeddable":true,"href":"https:\/\/www.agriatv.hu\/index.php?rest_route=%2Fwp%2Fv2%2Ftags&post=3613"}],"curies":[{"name":"wp","href":"https:\/\/api.w.org\/{rel}","templated":true}]}}