{"id":3615,"date":"2011-03-03T09:10:41","date_gmt":"2011-03-03T09:10:41","guid":{"rendered":"http:\/\/www.agriatv.hu\/?p=3615"},"modified":"2011-03-03T09:10:41","modified_gmt":"2011-03-03T09:10:41","slug":"vazolta-terveit-az-uj-jegyzo","status":"publish","type":"post","link":"https:\/\/www.agriatv.hu\/?p=3615","title":{"rendered":"V\u00e1zolta terveit az \u00faj Jegyz\u0151"},"content":{"rendered":"<p class=\"cikkcikkei\">&nbsp;<\/p>\n<p><img loading=\"lazy\" decoding=\"async\" class=\"kiskepcikkhez alignleft\" src=\"http:\/\/www.egriszin.hu\/RenderedContents\/IndexImages\/7\/7361-20110302161930-lucajo.jpg\" alt=\"\" width=\"150\" height=\"135\" \/><\/p>\n<p><strong>M\u00e1rcius 2-\u00e1n reggel \u00f6sszappar\u00e1tusi \u00e9rtekezleten mutatkozott be \u00e9s v\u00e1zolta terveit a V\u00e1rosh\u00e1za d\u00edszterm\u00e9ben dr. Kov\u00e1cs Luca, aki m\u00e1rcius 1-t\u0151l a megyesz\u00e9khely jegyz\u0151je. <\/strong><\/p>\n<p>A szakember Miskolcon szerzett jogi diplom\u00e1t, visszat\u00e9rt Egerbe, dolgozott a rend\u0151rs\u00e9gen, majd az \u00fcgy\u00e9szs\u00e9gen, k\u00e9s\u0151bb pedig 12 \u00e9ven \u00e1t tev\u00e9kenykedett \u00fcgyv\u00e9dk\u00e9nt, legut\u00f3bb \u2013t\u00f6bb, mint n\u00e9gy \u00e9vig- a Polg\u00e1rmesteri Hivatal (PH) titk\u00e1rs\u00e1gvezet\u0151je volt.<\/p>\n<p>A mott\u00f3: &#8222;\u00e9sszel-sz\u00edvvel dolgozva, eredm\u00e9nyesen, hat\u00e9konyan!&#8221;<\/p>\n<p>Dr. Kov\u00e1cs Luca kifejtette: jegyz\u0151k\u00e9nt a kisz\u00e1m\u00edthat\u00f3s\u00e1g, biztons\u00e1g \u00e9s felel\u0151ss\u00e9g \u00e9rt\u00e9kh\u00e1rmas\u00e1ra \u00e9p\u00edt. Tudja, hogy meg kell \u0151rizni az elm\u00falt \u00e9vekben teremtett \u00e9rt\u00e9keket, ugyanakkor vannak olyan ter\u00fcletek is, ahol a Polg\u00e1rmesteri Hivatal soha nem lehet el\u00e9gg\u00e9 el\u00e9gedett \u00f6nmag\u00e1val: ilyen az \u00fcgyfelekkel, polg\u00e1rokkal val\u00f3 kapcsolattart\u00e1s. \u00dagy fogalmazott: nagyon fontosnak tartja, hogy a hivatali dolgoz\u00f3k mindig tarts\u00e1k szem el\u0151tt: nem \u00fcgyiratokat kezelnek, hanem az emberek \u00fcgyeivel foglalkoznak.<\/p>\n<p>Eger Megyei Jog\u00fa V\u00e1ros \u00faj jegyz\u0151je az \u00f6sszappar\u00e1tusi \u00e9rtekezleten meghirdette az \u00fcgyf\u00e9lbar\u00e1t k\u00f6zigazgat\u00e1s fejleszt\u00e9s\u00e9t. Ennek \u00e9rdek\u00e9ben \u00fcgyf\u00e9l-el\u00e9gedetts\u00e9gi k\u00e9rd\u0151\u00edveket helyeznek majd el az \u00fcgyint\u00e9z\u0151 pontokon. Dr. Kov\u00e1cs Luca hangs\u00falyozta: v\u00e1rj\u00e1k a polg\u00e1rok visszajelz\u00e9s\u00e9t. Fontos inform\u00e1ci\u00f3 lehet, ha \u00f6sszess\u00e9g\u00e9ben pozit\u00edv k\u00e9pet l\u00e1tnak, de nagyban seg\u00edti a munk\u00e1t az is, ha kider\u00fcl, milyen ter\u00fcleteken lehet jav\u00edtani, fejleszteni. Hasonl\u00f3 c\u00e9llal \u00f6tletl\u00e1d\u00e1t helyeznek el a V\u00e1rosh\u00e1za aul\u00e1j\u00e1ban, v\u00e1rva a javaslatokat, hiszen azokat a probl\u00e9m\u00e1kat lehet orvosolni, melyekr\u0151l tud a hivatal.<\/p>\n<p>A jegyz\u0151 asszony szerint nagyon fontos, hogy az egriek jobban ismerj\u00e9k meg az \u00e9rt\u00fck dolgoz\u00f3 Polg\u00e1rmesteri Hivatal munk\u00e1j\u00e1t, hiszen az ember a sz\u00fclet\u00e9st\u0151l eg\u00e9szen az id\u0151s korig sz\u00e1mos \u00fcgyben van kapcsolatban az \u00f6nkorm\u00e1nyzattal. Emellett a V\u00e1rosh\u00e1za rengeteg olyan programon, p\u00e1ly\u00e1zaton \u00e9s fejleszt\u00e9sen dolgozik, amely k\u00f6zvetlen\u00fcl \u00e9rinti Egert \u00e9s az itt \u00e9l\u0151 polg\u00e1rokat. Hat\u00e1rozott c\u00e9lunk az, hogy az ezekr\u0151l sz\u00f3l\u00f3 k\u00f6z\u00e9rdek\u0171 inform\u00e1ci\u00f3kat eljuttassuk az emberekhez \u2013 mondta a hivatalvezet\u0151.<\/p>\n<p>A k\u00f6zigazgat\u00e1si rendszerben is nagyon fontos a teljes\u00edtm\u00e9ny\u00e9rt\u00e9kel\u00e9s, a munka hat\u00e9konys\u00e1g\u00e1nak vizsg\u00e1lata. Ebben seg\u00edtenek a hivatalban dolgoz\u00f3 kiv\u00e1l\u00f3 informatikai szakemberek, s a tervezett fejleszt\u00e9sek f\u0151 c\u00e9lja, hogy az \u00f6nkorm\u00e1nyzatn\u00e1l kevesebb legyen a pap\u00edrmunka, ez\u00e1ltal felgyorsuljanak a munkafolyamatok. Az informatika fejleszt\u00e9sek ok\u00e1n elengedhetetlen az oktat\u00e1s: ezt szolg\u00e1lja hamarosan a Kossuth utcai \u00e9p\u00fcletben egy 12 f\u0151s tanterem is.<\/p>\n","protected":false},"excerpt":{"rendered":"<p>&nbsp;<\/p>\n<p>M\u00e1rcius 2-\u00e1n reggel \u00f6sszappar\u00e1tusi \u00e9rtekezleten mutatkozott be \u00e9s v\u00e1zolta terveit a V\u00e1rosh\u00e1za d\u00edszterm\u00e9ben dr. Kov\u00e1cs Luca, aki m\u00e1rcius 1-t\u0151l a megyesz\u00e9khely jegyz\u0151je.<br \/>\nA szakember Miskolcon szerzett jogi diplom\u00e1t, visszat\u00e9rt Egerbe, dolgozott a rend\u0151rs\u00e9gen, majd az \u00fcgy\u00e9szs\u00e9gen, k\u00e9s\u0151bb pedig 12 \u00e9ven \u00e1t tev\u00e9kenykedett \u00fcgyv\u00e9dk\u00e9nt, legut\u00f3bb \u2013t\u00f6bb, mint n\u00e9gy \u00e9vig- a Polg\u00e1rmesteri Hivatal (PH) titk\u00e1rs\u00e1gvezet\u0151je volt.<br \/>\nA mott\u00f3: [&#8230;]<\/p>\n","protected":false},"author":4,"featured_media":0,"comment_status":"open","ping_status":"closed","sticky":false,"template":"","format":"standard","meta":{"footnotes":""},"categories":[3],"tags":[],"class_list":["post-3615","post","type-post","status-publish","format-standard","hentry","category-politika"],"_links":{"self":[{"href":"https:\/\/www.agriatv.hu\/index.php?rest_route=\/wp\/v2\/posts\/3615","targetHints":{"allow":["GET"]}}],"collection":[{"href":"https:\/\/www.agriatv.hu\/index.php?rest_route=\/wp\/v2\/posts"}],"about":[{"href":"https:\/\/www.agriatv.hu\/index.php?rest_route=\/wp\/v2\/types\/post"}],"author":[{"embeddable":true,"href":"https:\/\/www.agriatv.hu\/index.php?rest_route=\/wp\/v2\/users\/4"}],"replies":[{"embeddable":true,"href":"https:\/\/www.agriatv.hu\/index.php?rest_route=%2Fwp%2Fv2%2Fcomments&post=3615"}],"version-history":[{"count":2,"href":"https:\/\/www.agriatv.hu\/index.php?rest_route=\/wp\/v2\/posts\/3615\/revisions"}],"predecessor-version":[{"id":3617,"href":"https:\/\/www.agriatv.hu\/index.php?rest_route=\/wp\/v2\/posts\/3615\/revisions\/3617"}],"wp:attachment":[{"href":"https:\/\/www.agriatv.hu\/index.php?rest_route=%2Fwp%2Fv2%2Fmedia&parent=3615"}],"wp:term":[{"taxonomy":"category","embeddable":true,"href":"https:\/\/www.agriatv.hu\/index.php?rest_route=%2Fwp%2Fv2%2Fcategories&post=3615"},{"taxonomy":"post_tag","embeddable":true,"href":"https:\/\/www.agriatv.hu\/index.php?rest_route=%2Fwp%2Fv2%2Ftags&post=3615"}],"curies":[{"name":"wp","href":"https:\/\/api.w.org\/{rel}","templated":true}]}}