{"id":3618,"date":"2011-03-04T23:32:37","date_gmt":"2011-03-04T23:32:37","guid":{"rendered":"http:\/\/www.agriatv.hu\/?p=3618"},"modified":"2011-03-04T23:32:37","modified_gmt":"2011-03-04T23:32:37","slug":"feszitett-koltsegvetes-sok-bizonytalansaggal","status":"publish","type":"post","link":"https:\/\/www.agriatv.hu\/?p=3618","title":{"rendered":"Fesz\u00edtett k\u00f6lts\u00e9gvet\u00e9s sok bizonytalans\u00e1ggal"},"content":{"rendered":"<p><a href=\"https:\/\/www.agriatv.hu\/wp-content\/uploads\/2011\/03\/0305mszp_V.jpg\"><img loading=\"lazy\" decoding=\"async\" class=\"alignleft size-medium wp-image-3620\" title=\"0305mszp_V\" src=\"https:\/\/www.agriatv.hu\/wp-content\/uploads\/2011\/03\/0305mszp_V-300x240.jpg\" alt=\"\" width=\"128\" height=\"102\" srcset=\"https:\/\/www.agriatv.hu\/wp-content\/uploads\/2011\/03\/0305mszp_V-300x240.jpg 300w, https:\/\/www.agriatv.hu\/wp-content\/uploads\/2011\/03\/0305mszp_V.jpg 720w\" sizes=\"auto, (max-width: 128px) 100vw, 128px\" \/><\/a><strong>A megszor\u00edt\u00e1s \u00e9s a bizonytalans\u00e1g jellemzi a Heves Megyei \u00d6nkorm\u00e1nyzat idei k\u00f6lts\u00e9gvet\u00e9s\u00e9t Nagy Imre szerint. <\/strong><\/p>\n<p>A k\u00f6zgy\u0171l\u00e9s szocialista frakci\u00f3j\u00e1nak eln\u00f6ke\u00a0p\u00e9nteki egri sajt\u00f3t\u00e1j\u00e9koztat\u00f3j\u00e1n elmondta: a korm\u00e1ny d\u00f6nt\u00e9seinek k\u00f6vetkezt\u00e9ben cs\u00f6kkent az \u00e1llami t\u00e1mogat\u00e1s \u00e9s az \u00e1tengedett bev\u00e9telekb\u0151l sz\u00e1rmaz\u00f3 v\u00e1rhat\u00f3 j\u00f6vedelem, amely havonta mintegy 80-100 milli\u00f3s forr\u00e1skies\u00e9st jelent.<\/p>\n<p><div class=\"wordtube\">\n<div class=\"wordtube single225\" id=\"WT1_1\" style=\"width:320px; height:240px;\">\n<a href=\"http:\/\/www.macromedia.com\/go\/getflashplayer\">Get the Flash Player<\/a> to see the wordTube Media Player.\n<\/div><\/div>\n\t<script type=\"text\/javascript\" defer=\"defer\">\nvar WT1_1 = {\n\tparams : {\n\t\twmode : \"opaque\",\n\t\tallowscriptaccess : \"always\",\n\t\tallownetworking : \"all\",\n\t\tallowfullscreen : \"true\"},\n\tflashvars : {\n\t\tfile : \"http%3A%2F%2Fwww.agriatv.hu%2Fwp-content%2Fuploads%2F2011%2F03%2F0305mszp.flv\",\n\t\tvolume : \"80\",\n\t\tbufferlength : \"5\",\n\t\tquality : \"false\",\n\t\t'logo.hide' : \"false\",\n\t\timage : \"http%3A%2F%2Fwww.agriatv.hu%2Fwp-content%2Fuploads%2F2011%2F03%2F0305mszp.jpg\",\n\t\ttitle : \"0305mszp.flv\",\n\t\tlinktarget : \"_self\"},\n\tattr : {\n\t\tid : \"WT1\",\n\t\tname : \"WT1\"},\n\tstart : function() {\n\t\tswfobject.embedSWF(\"https:\/\/www.agriatv.hu\/\/player.swf\", \"WT1_1\", \"320\", \"240\", \"9.0.0\", false, this.flashvars, this.params , this.attr );\n\t}\n}\nWT1_1.start();\n\t<\/script>\n<br \/>\nA k\u00f6zgy\u0171l\u00e9s P\u00e9nz\u00fcgyi \u00e9s Ellen\u0151rz\u0151 Bizotts\u00e1g\u00e1nak eln\u00f6ke \u00fagy l\u00e1tja: a vezet\u00e9s minden bizonnyal majd csak j\u00falius k\u00f6r\u00fcl fog szembes\u00fclni a val\u00f3s anyagi helyzettel. Hozz\u00e1tette: mindezek ellen\u00e9re egy fesz\u00edtett k\u00f6lts\u00e9gvet\u00e9st k\u00e9sz\u00edtettek a szakemberek amellett, hogy igyekeznek cs\u00f6kkenteni a megyei \u00f6nkorm\u00e1nyzat hitel\u00e1llom\u00e1ny\u00e1t.<\/p>\n<p>\u2013 A p\u00e9nz\u00fcgyi megtakar\u00edt\u00e1sok k\u00f6z\u00f6tt viszont vannak olyan elemek, amelyek rossz ir\u00e1nyba vezethetnek. A m\u00e1trah\u00e1zi id\u0151sek otthon\u00e1nak f\u00e9r\u0151helyeinek megsz\u00fcntet\u00e9s\u00e9t a v\u00e1rhat\u00f3 demogr\u00e1fiai tendenci\u00e1k ismeret\u00e9ben is egy \u00e1tgondolatlan d\u00f6nt\u00e9sk\u00e9nt \u00e9rt\u00e9kelhetj\u00fck \u2013 hangs\u00falyozta <strong>Nagy Imre<\/strong>.<br \/>\nEmellett a k\u00e9pvisel\u0151 pazarl\u00e1snak gondolja a k\u00e9tmilli\u00f3s t\u00e1mogat\u00e1st az Al-Gharnati Alap\u00edtv\u00e1nynak, mik\u00f6zben sz\u00e1zezreket faragnak a megyei fenntart\u00e1s\u00fa int\u00e9zm\u00e9nyek m\u0171k\u00f6d\u00e9si k\u00f6lts\u00e9geib\u0151l.<\/p>\n<p>Forr\u00e1s: Heol<\/p>\n","protected":false},"excerpt":{"rendered":"<p>A megszor\u00edt\u00e1s \u00e9s a bizonytalans\u00e1g jellemzi a Heves Megyei \u00d6nkorm\u00e1nyzat idei k\u00f6lts\u00e9gvet\u00e9s\u00e9t Nagy Imre szerint.<br \/>\nA k\u00f6zgy\u0171l\u00e9s szocialista frakci\u00f3j\u00e1nak eln\u00f6ke\u00a0p\u00e9nteki egri sajt\u00f3t\u00e1j\u00e9koztat\u00f3j\u00e1n elmondta: a korm\u00e1ny d\u00f6nt\u00e9seinek k\u00f6vetkezt\u00e9ben cs\u00f6kkent az \u00e1llami t\u00e1mogat\u00e1s \u00e9s az \u00e1tengedett bev\u00e9telekb\u0151l sz\u00e1rmaz\u00f3 v\u00e1rhat\u00f3 j\u00f6vedelem, amely havonta mintegy 80-100 milli\u00f3s forr\u00e1skies\u00e9st jelent.<br \/>\nA k\u00f6zgy\u0171l\u00e9s P\u00e9nz\u00fcgyi \u00e9s Ellen\u0151rz\u0151 Bizotts\u00e1g\u00e1nak eln\u00f6ke \u00fagy l\u00e1tja: a vezet\u00e9s [&#8230;]<\/p>\n","protected":false},"author":4,"featured_media":0,"comment_status":"open","ping_status":"closed","sticky":false,"template":"","format":"standard","meta":{"footnotes":""},"categories":[3],"tags":[],"class_list":["post-3618","post","type-post","status-publish","format-standard","hentry","category-politika"],"_links":{"self":[{"href":"https:\/\/www.agriatv.hu\/index.php?rest_route=\/wp\/v2\/posts\/3618","targetHints":{"allow":["GET"]}}],"collection":[{"href":"https:\/\/www.agriatv.hu\/index.php?rest_route=\/wp\/v2\/posts"}],"about":[{"href":"https:\/\/www.agriatv.hu\/index.php?rest_route=\/wp\/v2\/types\/post"}],"author":[{"embeddable":true,"href":"https:\/\/www.agriatv.hu\/index.php?rest_route=\/wp\/v2\/users\/4"}],"replies":[{"embeddable":true,"href":"https:\/\/www.agriatv.hu\/index.php?rest_route=%2Fwp%2Fv2%2Fcomments&post=3618"}],"version-history":[{"count":3,"href":"https:\/\/www.agriatv.hu\/index.php?rest_route=\/wp\/v2\/posts\/3618\/revisions"}],"predecessor-version":[{"id":3623,"href":"https:\/\/www.agriatv.hu\/index.php?rest_route=\/wp\/v2\/posts\/3618\/revisions\/3623"}],"wp:attachment":[{"href":"https:\/\/www.agriatv.hu\/index.php?rest_route=%2Fwp%2Fv2%2Fmedia&parent=3618"}],"wp:term":[{"taxonomy":"category","embeddable":true,"href":"https:\/\/www.agriatv.hu\/index.php?rest_route=%2Fwp%2Fv2%2Fcategories&post=3618"},{"taxonomy":"post_tag","embeddable":true,"href":"https:\/\/www.agriatv.hu\/index.php?rest_route=%2Fwp%2Fv2%2Ftags&post=3618"}],"curies":[{"name":"wp","href":"https:\/\/api.w.org\/{rel}","templated":true}]}}