{"id":3624,"date":"2011-03-04T23:34:47","date_gmt":"2011-03-04T23:34:47","guid":{"rendered":"http:\/\/www.agriatv.hu\/?p=3624"},"modified":"2011-03-04T23:37:26","modified_gmt":"2011-03-04T23:37:26","slug":"testvermegyek-talalkozoja","status":"publish","type":"post","link":"https:\/\/www.agriatv.hu\/?p=3624","title":{"rendered":"Testv\u00e9rmegy\u00e9k tal\u00e1lkoz\u00f3ja"},"content":{"rendered":"<p class=\"cikkcikkei\">&nbsp;<\/p>\n<p><img loading=\"lazy\" decoding=\"async\" class=\"kiskepcikkhez alignleft\" src=\"http:\/\/www.egriszin.hu\/RenderedContents\/IndexImages\/7\/7364-20110303122411-hm.JPG\" alt=\"\" width=\"118\" height=\"133\" \/><\/p>\n<p><strong>A Heves Megyei \u00d6nkorm\u00e1nyzat testv\u00e9rmegy\u00e9ivel egy\u00fcttm\u0171k\u00f6dve m\u00e1rcius 10.-13 k\u00f6z\u00f6tt k\u00f6z\u00f6s programot szervez \u201eTestv\u00e9rmegy\u00e9k tal\u00e1lkoz\u00f3ja\u201d c\u00edmmel. <\/strong><\/p>\n<p>projekt megval\u00f3s\u00edt\u00e1s\u00e1hoz a Heves Megyei \u00d6nkorm\u00e1nyzat az Eur\u00f3pai Bizotts\u00e1g \u201eEur\u00f3pa a Polg\u00e1rok\u00e9rt\u201d programja keret\u00e9ben 4.722 EUR t\u00e1mogat\u00e1st nyert el. K\u00fclf\u00f6ldr\u0151l mintegy 80, megy\u00e9nkb\u0151l 100 r\u00e9sztvev\u0151 v\u00e1rhat\u00f3 az esem\u00e9nyre.<\/p>\n<p>Projektpartnerek: Kov\u00e1szna, Beszterceb\u00e1nya, Przemysl, Heves<br \/>\nMegh\u00edvott: K\u00e1rp\u00e1talja megye<\/p>\n<p>A programot alapvet\u0151en kett\u0151s c\u00e9llal szervezz\u00fck:<br \/>\nEgyr\u00e9szt egy szakmai konferencia keret\u00e9ben konzult\u00e1ci\u00f3s lehet\u0151s\u00e9get k\u00edv\u00e1ntunk teremteni az 5 orsz\u00e1g \u00f6nkorm\u00e1nyzati k\u00e9pvisel\u0151i, hivatali, int\u00e9zm\u00e9nyi szakembereinek r\u00e9sz\u00e9re a k\u00f6zszolg\u00e1ltat\u00e1sok t\u00e9mak\u00f6r\u00e9ben (f\u0151k\u00e9nt az oktat\u00e1sr\u00f3l, az eg\u00e9szs\u00e9g\u00fcgyi ell\u00e1t\u00e1sr\u00f3l \u00e9s az es\u00e9lyegyenl\u0151s\u00e9gr\u0151l).\u00a0 A konferencia sor\u00e1n szeretn\u00e9nk az egyes orsz\u00e1gokban a k\u00f6zszolg\u00e1ltat\u00e1sok ter\u00e9n bevezetett \u00e9s alkalmazott j\u00f3 p\u00e9ld\u00e1kat bemutatni, illetve eszm\u00e9t cser\u00e9lni arr\u00f3l, hogy a k\u00f6zszolg\u00e1ltat\u00e1sok ter\u00e9n m\u0171k\u00f6d\u0151 bev\u00e1lt gyakorlatok mik\u00e9nt j\u00e1rulnak hozz\u00e1 az EU \u00e1llampolg\u00e1rainak j\u00f3l\u00e9t\u00e9hez.<br \/>\nM\u00e1sr\u00e9szt szeretn\u00e9nk lehet\u0151s\u00e9get ny\u00fajtani a kult\u00far\u00e1k k\u00f6z\u00f6tti p\u00e1rbesz\u00e9dre oly m\u00f3don, hogy a rendezv\u00e9nyhez keret\u00e9ben kultur\u00e1lis fesztiv\u00e1lt szervez\u00fcnk a testv\u00e9rmegy\u00e9kb\u0151l \u00e9rkez\u0151 kultur\u00e1lis csoportok, zen\u00e9szek, t\u00e1ncosok \u00e9s k\u00e9zm\u0171vesek k\u00f6zrem\u0171k\u00f6d\u00e9s\u00e9vel.<br \/>\nA program id\u0151pontja: 2011. m\u00e1rcius 11-12. (A program r\u00e9sztvev\u0151inek \u00e9rkez\u00e9se: 2011. m\u00e1rcius 10., elutaz\u00e1s: 2011. m\u00e1rcius 13.)<br \/>\nA program helysz\u00edne: Egri V\u00e1r<br \/>\n1. Szakmai konferencia: Dob\u00f3 b\u00e1stya konferencia termei<br \/>\n2. Kultur\u00e1lis fesztiv\u00e1l: Egri v\u00e1r, szabadt\u00e9ri sz\u00ednpad<\/p>\n<p>Konferencia<br \/>\n2011. m\u00e1rcius 11. P\u00c9NTEK<\/p>\n<p>A konferencia t\u00e9m\u00e1ja: Az Eur\u00f3pai Uni\u00f3 lakoss\u00e1g\u00e1nak j\u00f3l\u00e9te \u00e9s t\u00e1rsadalmi integr\u00e1ci\u00f3j\u00e1nak seg\u00edt\u00e9se a k\u00f6zszolg\u00e1ltat\u00e1sok min\u0151s\u00e9g\u00e9nek jav\u00edt\u00e1s\u00e1val<\/p>\n<p>A konferencia h\u00e1rom szekci\u00f3ban zajlik:<br \/>\n1.\u00a0\u00a0 \u00a0Szekci\u00f3: Oktat\u00e1s \u2013 Szakk\u00e9pz\u00e9si rendszerek \u00e9s j\u00f3 gyakorlatok Eur\u00f3p\u00e1ban (Moder\u00e1tor \u00e9s Heves megye r\u00e9sz\u00e9r\u0151l el\u0151ad\u00f3: Dr. Szucsik Istv\u00e1n, oszt\u00e1lyvezet\u0151, M\u0171vel\u0151d\u00e9si, Oktat\u00e1si \u00e9s Sport Oszt\u00e1ly, Hum\u00e1ner\u0151forr\u00e1s F\u0151oszt\u00e1ly)<br \/>\n2.\u00a0\u00a0 \u00a0Szekci\u00f3: Eg\u00e9szs\u00e9g\u00fcgy \u2013 Az eg\u00e9szs\u00e9g\u00fcgyi alapell\u00e1t\u00e1s \u00e9s szakell\u00e1t\u00e1s j\u00f3 gyakorlatai\u00a0 Eur\u00f3p\u00e1ban (Moder\u00e1tor \u00e9s Heves megye r\u00e9sz\u00e9r\u0151l el\u0151ad\u00f3: Szalain\u00e9 Cseh Borb\u00e1la, eg\u00e9szs\u00e9g\u00fcgyi-szoci\u00e1lis \u00fcgyint\u00e9z\u0151, Eg\u00e9szs\u00e9g\u00fcgyi \u00e9s Szoci\u00e1lis Oszt\u00e1ly, Hum\u00e1ner\u0151forr\u00e1s F\u0151oszt\u00e1ly)<br \/>\n3.\u00a0\u00a0 \u00a0Szekci\u00f3:\u00a0\u00a0 Es\u00e9lyegyenl\u0151s\u00e9g a k\u00f6zszolg\u00e1ltat\u00e1sokban Eur\u00f3p\u00e1ban &#8211; j\u00f3 gyakorlatok bemutat\u00e1sa (Moder\u00e1tor \u00e9s Heves megye r\u00e9sz\u00e9r\u0151l el\u0151ad\u00f3: Boz\u00e1n\u00e9 Nov\u00e1k Ibolya, oszt\u00e1lyvezet\u0151, Eg\u00e9szs\u00e9g\u00fcgyi \u00e9s Szoci\u00e1lis Oszt\u00e1ly, Hum\u00e1ner\u0151forr\u00e1s F\u0151oszt\u00e1ly)<\/p>\n<p>A konferencia tervezett programja:<\/p>\n<p>9.30 \u2013\u00a0\u00a0 9.40\u00a0\u00a0 \u00a0K\u00f6sz\u00f6nt\u0151<br \/>\n9.40 \u2013\u00a0 10.00\u00a0\u00a0 \u00a0Megnyit\u00f3 \u00fcnnepi m\u0171sor (a k\u00fclf\u00f6ldi kultur\u00e1lis csoportok k\u00f6zrem\u0171k\u00f6d\u00e9s\u00e9vel)<br \/>\nHelysz\u00edn: Egri V\u00e1r, sz\u00ednpad (es\u0151 eset\u00e9n Renesz\u00e1nsz terem)<\/p>\n<p>A konferencia folytat\u00e1sa 3 szekci\u00f3ban (a Dob\u00f3 b\u00e1sty\u00e1ban erre a c\u00e9lra kialak\u00edtott szekci\u00f3termekben)<br \/>\nPrezent\u00e1ci\u00f3k sorrendje az egyes szekci\u00f3kban:<br \/>\n10.00\u00a0 &#8211;\u00a0 10.45\u00a0\u00a0 \u00a0Kov\u00e1szna (RO)<br \/>\n10.45\u2013 11. 30\u00a0\u00a0 Przemysl (PL)<br \/>\n11.30 \u2013 11.45\u00a0\u00a0 \u00a0K\u00e1v\u00e9sz\u00fcnet<br \/>\n11.45 \u2013 12.30\u00a0\u00a0 \u00a0Beszterceb\u00e1nya (SK)<br \/>\n12.30\u00a0 -13.15\u00a0\u00a0 \u00a0Heves (HU)<br \/>\n13.15 \u2013 13.30\u00a0\u00a0 \u00a0Az el\u0151ad\u00e1sok \u00f6sszegz\u00e9se<\/p>\n<p>14.30-t\u00f3l\u00a0\u00a0 \u00a0V\u00e1rl\u00e1togat\u00e1s \u00e9s v\u00e1rosn\u00e9z\u00e9s Egerben<\/p>\n","protected":false},"excerpt":{"rendered":"<p>&nbsp;<\/p>\n<p>A Heves Megyei \u00d6nkorm\u00e1nyzat testv\u00e9rmegy\u00e9ivel egy\u00fcttm\u0171k\u00f6dve m\u00e1rcius 10.-13 k\u00f6z\u00f6tt k\u00f6z\u00f6s programot szervez \u201eTestv\u00e9rmegy\u00e9k tal\u00e1lkoz\u00f3ja\u201d c\u00edmmel.<br \/>\nprojekt megval\u00f3s\u00edt\u00e1s\u00e1hoz a Heves Megyei \u00d6nkorm\u00e1nyzat az Eur\u00f3pai Bizotts\u00e1g \u201eEur\u00f3pa a Polg\u00e1rok\u00e9rt\u201d programja keret\u00e9ben 4.722 EUR t\u00e1mogat\u00e1st nyert el. K\u00fclf\u00f6ldr\u0151l mintegy 80, megy\u00e9nkb\u0151l 100 r\u00e9sztvev\u0151 v\u00e1rhat\u00f3 az esem\u00e9nyre.<br \/>\nProjektpartnerek: Kov\u00e1szna, Beszterceb\u00e1nya, Przemysl, Heves<br \/>\nMegh\u00edvott: K\u00e1rp\u00e1talja megye<br \/>\nA programot alapvet\u0151en kett\u0151s c\u00e9llal szervezz\u00fck:<br \/>\nEgyr\u00e9szt egy [&#8230;]<\/p>\n","protected":false},"author":4,"featured_media":0,"comment_status":"open","ping_status":"closed","sticky":false,"template":"","format":"standard","meta":{"footnotes":""},"categories":[8],"tags":[],"class_list":["post-3624","post","type-post","status-publish","format-standard","hentry","category-kultura"],"_links":{"self":[{"href":"https:\/\/www.agriatv.hu\/index.php?rest_route=\/wp\/v2\/posts\/3624","targetHints":{"allow":["GET"]}}],"collection":[{"href":"https:\/\/www.agriatv.hu\/index.php?rest_route=\/wp\/v2\/posts"}],"about":[{"href":"https:\/\/www.agriatv.hu\/index.php?rest_route=\/wp\/v2\/types\/post"}],"author":[{"embeddable":true,"href":"https:\/\/www.agriatv.hu\/index.php?rest_route=\/wp\/v2\/users\/4"}],"replies":[{"embeddable":true,"href":"https:\/\/www.agriatv.hu\/index.php?rest_route=%2Fwp%2Fv2%2Fcomments&post=3624"}],"version-history":[{"count":3,"href":"https:\/\/www.agriatv.hu\/index.php?rest_route=\/wp\/v2\/posts\/3624\/revisions"}],"predecessor-version":[{"id":3626,"href":"https:\/\/www.agriatv.hu\/index.php?rest_route=\/wp\/v2\/posts\/3624\/revisions\/3626"}],"wp:attachment":[{"href":"https:\/\/www.agriatv.hu\/index.php?rest_route=%2Fwp%2Fv2%2Fmedia&parent=3624"}],"wp:term":[{"taxonomy":"category","embeddable":true,"href":"https:\/\/www.agriatv.hu\/index.php?rest_route=%2Fwp%2Fv2%2Fcategories&post=3624"},{"taxonomy":"post_tag","embeddable":true,"href":"https:\/\/www.agriatv.hu\/index.php?rest_route=%2Fwp%2Fv2%2Ftags&post=3624"}],"curies":[{"name":"wp","href":"https:\/\/api.w.org\/{rel}","templated":true}]}}