{"id":3628,"date":"2011-03-05T21:19:00","date_gmt":"2011-03-05T21:19:00","guid":{"rendered":"http:\/\/www.agriatv.hu\/?p=3628"},"modified":"2011-03-05T21:25:17","modified_gmt":"2011-03-05T21:25:17","slug":"politikai-celebek-helyett-rendoroket","status":"publish","type":"post","link":"https:\/\/www.agriatv.hu\/?p=3628","title":{"rendered":"Politikai celebek helyett rend\u0151r\u00f6ket"},"content":{"rendered":"<p><img loading=\"lazy\" decoding=\"async\" class=\"alignleft\" src=\"http:\/\/heol.hu\/lapokkepek\/cikkek\/145000\/145478_ormossy-horvath.jpg\" alt=\"\" width=\"152\" height=\"101\" \/><strong>A megyei korm\u00e1nyhivatal vezet\u0151je szerint a rendet a rend\u0151rs\u00e9gnek kell fenntartania. \u00c9s van olyan \u00e1llapotban, hogy ezt megtegye.<\/strong><\/p>\n<p>Sajt\u00f3t\u00e1j\u00e9koztat\u00f3t tartott szombaton d\u00e9lut\u00e1n Horv\u00e1th L\u00e1szl\u00f3, a megyei korm\u00e1nyhivatal vezet\u0151je Gy\u00f6ngy\u00f6spat\u00e1n, ahol m\u00e1r napok\u00a0\u00f3ta a Szebb J\u00f6v\u0151\u00e9rt Polg\u00e1r\u0151rs\u00e9g tagjai j\u00e1r\u0151r\u00f6znek, vas\u00e1rnapra pedig a Jobbik hirdetett t\u00f6megdemonstr\u00e1ci\u00f3t, melyen Vona G\u00e1bor p\u00e1rteln\u00f6k \u00e9s Sneider Tam\u00e1s aleln\u00f6k is sz\u00f3nokol majd.<\/p>\n<p>A megyei korm\u00e1nymegb\u00edzott Ormossy Attila megyei rend\u0151r-f\u0151kapit\u00e1nnyal j\u00e1rta v\u00e9gig a falu t\u00f6bb utc\u00e1j\u00e1t, majd saj\u00f3t\u00e1j\u00e9koztat\u00f3j\u00e1n arr\u00f3l besz\u00e9lt: Gy\u00f6ngy\u00f6spat\u00e1n is az emberek t\u00falnyom\u00f3 t\u00f6bbs\u00e9ge rendet akar, s b\u00e1r vannak probl\u00e9m\u00e1k a telep\u00fcl\u00e9sen, ezek &#8222;nem kir\u00edv\u00f3ak&#8221;. \u00c9ppen ez\u00e9rt politikai manipul\u00e1ci\u00f3nak nevezte a kialakult helyzetet, mondv\u00e1n: sajn\u00e1latos, hogy egyesek a megl\u00e9v\u0151 indulatokat \u00e9s egy tragikus esem\u00e9nyt felhaszn\u00e1lva, manipul\u00e1lva sz\u00edtj\u00e1k a fesz\u00fclts\u00e9get.<\/p>\n<p>Az emberek t\u00falnyom\u00f3 t\u00f6bbs\u00e9ge azt v\u00e1rja el, hogy legyen ereje a t\u00f6rv\u00e9nyeknek. De ezt nem operettkaton\u00e1kt\u00f3l \u00e9s politikai celebekt\u0151l v\u00e1rja. A rend\u0151rs\u00e9g dolga a rend fenntart\u00e1sa, ezt a feladat\u00e1t nem adhatja \u00e1t senkinek, \u00e9s nem veheti el t\u0151le senki. A rend\u0151rs\u00e9g van olyan \u00e1llapotban, hogy eleget tegyen a feladat\u00e1nak &#8211; hangs\u00falyozta Horv\u00e1th L\u00e1szl\u00f3.<\/p>\n<p>Kit\u00e9rt arra is: az elk\u00f6vetkez\u0151 id\u0151kben Heves megy\u00e9ben, s \u00edgy Gy\u00f6ngy\u00f6spat\u00e1n is &#8222;tervszer\u0171en n\u0151 a rend\u0151ri jelenl\u00e9t&#8221;, mivel ny\u00e1r v\u00e9g\u00e9ig egy h\u00edj\u00e1n sz\u00e1zzal gyarapszik a megyei rend\u0151rs\u00e9g l\u00e9tsz\u00e1ma.<\/p>\n<p>Dr. Ormossy Attila megyei f\u0151kapit\u00e1ny nem k\u00edv\u00e1nt nyilatkozni, k\u00e9rd\u00e9sre csup\u00e1n annyit \u00e1rult el, a vas\u00e1rnapi rendezv\u00e9ny biztos\u00edt\u00e1s\u00e1ra &#8222;a feladatnak megfelel\u0151 rend\u0151ri er\u0151kkel&#8221; k\u00e9sz\u00fclnek.<\/p>\n<p>Forr\u00e1s: HEOL<\/p>\n","protected":false},"excerpt":{"rendered":"<p>A megyei korm\u00e1nyhivatal vezet\u0151je szerint a rendet a rend\u0151rs\u00e9gnek kell fenntartania. \u00c9s van olyan \u00e1llapotban, hogy ezt megtegye.<br \/>\nSajt\u00f3t\u00e1j\u00e9koztat\u00f3t tartott szombaton d\u00e9lut\u00e1n Horv\u00e1th L\u00e1szl\u00f3, a megyei korm\u00e1nyhivatal vezet\u0151je Gy\u00f6ngy\u00f6spat\u00e1n, ahol m\u00e1r napok\u00a0\u00f3ta a Szebb J\u00f6v\u0151\u00e9rt Polg\u00e1r\u0151rs\u00e9g tagjai j\u00e1r\u0151r\u00f6znek, vas\u00e1rnapra pedig a Jobbik hirdetett t\u00f6megdemonstr\u00e1ci\u00f3t, melyen Vona G\u00e1bor p\u00e1rteln\u00f6k \u00e9s Sneider Tam\u00e1s aleln\u00f6k is sz\u00f3nokol majd.<br \/>\nA megyei [&#8230;]<\/p>\n","protected":false},"author":4,"featured_media":0,"comment_status":"open","ping_status":"closed","sticky":false,"template":"","format":"standard","meta":{"footnotes":""},"categories":[5],"tags":[],"class_list":["post-3628","post","type-post","status-publish","format-standard","hentry","category-kek-hirek"],"_links":{"self":[{"href":"https:\/\/www.agriatv.hu\/index.php?rest_route=\/wp\/v2\/posts\/3628","targetHints":{"allow":["GET"]}}],"collection":[{"href":"https:\/\/www.agriatv.hu\/index.php?rest_route=\/wp\/v2\/posts"}],"about":[{"href":"https:\/\/www.agriatv.hu\/index.php?rest_route=\/wp\/v2\/types\/post"}],"author":[{"embeddable":true,"href":"https:\/\/www.agriatv.hu\/index.php?rest_route=\/wp\/v2\/users\/4"}],"replies":[{"embeddable":true,"href":"https:\/\/www.agriatv.hu\/index.php?rest_route=%2Fwp%2Fv2%2Fcomments&post=3628"}],"version-history":[{"count":3,"href":"https:\/\/www.agriatv.hu\/index.php?rest_route=\/wp\/v2\/posts\/3628\/revisions"}],"predecessor-version":[{"id":3630,"href":"https:\/\/www.agriatv.hu\/index.php?rest_route=\/wp\/v2\/posts\/3628\/revisions\/3630"}],"wp:attachment":[{"href":"https:\/\/www.agriatv.hu\/index.php?rest_route=%2Fwp%2Fv2%2Fmedia&parent=3628"}],"wp:term":[{"taxonomy":"category","embeddable":true,"href":"https:\/\/www.agriatv.hu\/index.php?rest_route=%2Fwp%2Fv2%2Fcategories&post=3628"},{"taxonomy":"post_tag","embeddable":true,"href":"https:\/\/www.agriatv.hu\/index.php?rest_route=%2Fwp%2Fv2%2Ftags&post=3628"}],"curies":[{"name":"wp","href":"https:\/\/api.w.org\/{rel}","templated":true}]}}