{"id":363,"date":"2010-07-07T11:53:37","date_gmt":"2010-07-07T11:53:37","guid":{"rendered":"http:\/\/www.agriatv.hu\/?p=363"},"modified":"2010-07-07T11:53:37","modified_gmt":"2010-07-07T11:53:37","slug":"elkezdodott-a-cxii-allianz-orszagos-uszobajnoksag","status":"publish","type":"post","link":"https:\/\/www.agriatv.hu\/?p=363","title":{"rendered":"Elkezd\u0151d\u00f6tt a CXII. Allianz Orsz\u00e1gos \u00dasz\u00f3bajnoks\u00e1g"},"content":{"rendered":"<p class=\"cikkcikkei\">&nbsp;<\/p>\n<p><img decoding=\"async\" align=\"left\" class=\"kiskepcikkhez\" src=\"http:\/\/www.egriszin.hu\/RenderedContents\/IndexImages\/5\/5754-20100707130948-SANY7972.JPG\" title=\"\" \/><\/p>\n<p><b>Vil&aacute;g- &eacute;s Eur&oacute;paklasszisok r&eacute;szv&eacute;tel&eacute;vel kezd\u0151d&ouml;tt el a CXII. Allianz Orsz&aacute;gos &Uacute;sz&oacute;bajnoks&aacute;g Egerben, melyr\u0151l Szeleczki J&aacute;nos alpolg&aacute;rmester &eacute;s Kiss L&aacute;szl&oacute; a Magyar &Uacute;sz&oacute;sz&ouml;vets&eacute;g kapit&aacute;nya tartott t&aacute;j&eacute;koztat&oacute;t ma d&eacute;lel\u0151tt a Bitskey Alad&aacute;r uszod&aacute;ban.<\/b><\/p>\n<p align=\"justify\">A hazai &uacute;sz&oacute;sport kiemelked\u0151 esem&eacute;ny&eacute;n a h&aacute;zigazda Eger igyekszik a lehet\u0151 legide&aacute;lisabb felt&eacute;teleket biztos&iacute;tani a magyar &uacute;sz&aacute;s &eacute;lvonal&aacute;ba tartoz&oacute; r&eacute;sztvev\u0151knek, hogy kiv&aacute;l&oacute; eredm&eacute;nyeket tudjanak el&eacute;rni, hangs&uacute;lyozta Szeleczki J&aacute;nos alpolg&aacute;rmester a t&aacute;j&eacute;koztat&oacute;n. A megfelel\u0151 felt&eacute;telek biztos&iacute;tva vannak a kiv&aacute;l&oacute;s&aacute;gok verseny&eacute;hez, ami v&aacute;logat&oacute; is a budapesti Eur&oacute;pa-bajnoks&aacute;ghoz.<br \/>\n\tAz alpolg&aacute;rmester annak a rem&eacute;ny&eacute;nek is hangot adott, hogy az ilyen versenyek &eacute;s versenyz\u0151k vonzz&aacute;k &eacute;s motiv&aacute;lj&aacute;k a gyerekeket &bdquo;Egerben, a vizes sportok v&aacute;ros&aacute;ban&rdquo;, hogy a j&ouml;v\u0151ben ebben a sport&aacute;gban sz&eacute;p eredm&eacute;nyeket &eacute;rjenek el.<\/p>\n<p align=\"justify\">J&oacute; el\u0151jel az Orsz&aacute;gos Feln\u0151tt &Uacute;sz&oacute;bajnoks&aacute;g Egerben, m&aacute;r a kor&aacute;bbi nemzetk&ouml;zi versenyek el\u0151tt is bev&aacute;lt, jelentette ki Kiss L&aacute;szl&oacute; a Magyar &Uacute;sz&oacute;sz&ouml;vets&eacute;g eln&ouml;ke a kit\u0171n\u0151 &eacute;s gyors medenc&eacute;re hivatkozva. A bajnoks&aacute;gon h&aacute;rom versenyre k&eacute;sz&uuml;lnek a magyar sportol&oacute;k, a feln\u0151tt Eur&oacute;pa Bajnoks&aacute;gra, az Ifj&uacute;s&aacute;gi EB-re &eacute;s az Ifj&uacute;s&aacute;gi olimpi&aacute;ra.<\/p>\n<p align=\"justify\">A magyar v&aacute;logatott gerince kialakult, az Eur&oacute;pa-bajnoks&aacute;gra sz&aacute;monk&eacute;nt n&eacute;gy versenyz\u0151t neveznek, k&eacute;t sz&aacute;m kiv&eacute;tel&eacute;vel. A 800-as &eacute;s 1500-as sz&aacute;mokra kett\u0151t-kett\u0151t. A klasszisok helyzete biztosnak l&aacute;tszik, &eacute;les versenyt a k&eacute;rd&eacute;ses versenyz\u0151k sz&aacute;m&aacute;ra jelent a mostani megm&eacute;rettet&eacute;s.<br \/>\n\tA t&aacute;j&eacute;koztat&oacute;n elhangzott, hogy az &uacute;sz&oacute;k egyfajta verseny-&aacute;ll&oacute;k&eacute;pess&eacute;get szerezhetnek meg a megm&eacute;rettet&eacute;sen. A v&aacute;logatott versenyz\u0151k sok sz&aacute;mban indulnak, Cseh L&aacute;szl&oacute; p&eacute;ld&aacute;ul &ouml;tben. <br \/>\n\tA 112. magyar bajnoks&aacute;gon 212 versenyz\u0151 indul, ami l&eacute;tsz&aacute;m&aacute;ban is az egyik legkomolyabb orsz&aacute;gos feln\u0151tt megm&eacute;rettet&eacute;st jelenti, ami Eur&oacute;pa Bajnoks&aacute;g mellett felk&eacute;sz&uuml;l&eacute;s az augusztus 15-&eacute;n kezd\u0151d\u0151 szingap&uacute;ri Ifj&uacute;s&aacute;gi Olimpi&aacute;ra, amelyen nyolc, itt versenyz\u0151&nbsp; magyar &uacute;sz&oacute; &aacute;ll rajthoz. \u0150k egy&eacute;bk&eacute;nt a j&ouml;v\u0151 h&eacute;ten kezd\u0151d\u0151 Ifj&uacute;s&aacute;gi EB-re is elutaznak G&uuml;ttler K&aacute;roly vezet&eacute;s&eacute;vel. Az ifj&uacute;s&aacute;gi csapatban olyan kvalit&aacute;s&uacute; versenyz\u0151k vannak, mint Bicz&oacute; Bence &eacute;s Bernek P&eacute;ter, aki jelenleg 200 m h&aacute;ton 13. helyen &aacute;ll a vil&aacute;granglist&aacute;n.<\/p>\n<p align=\"justify\">Az Eur&oacute;pa-bajnoks&aacute;g augusztus 4-&eacute;n kezd\u0151dik a Margitszigeten. Az eur&oacute;pai szaksz&ouml;vets&eacute;g igazgat&oacute;ja szerint minden id\u0151k legnagyobb kontinensviadal&aacute;ra k&eacute;sz&uuml;lnek a budapesti Eb-n, ahol minden eddigin&eacute;l t&ouml;bb orsz&aacute;g minden eddigin&eacute;l t&ouml;bb versenyz\u0151vel k&eacute;pviselteti mag&aacute;t a viadalon.<br \/>\n\tAz es&eacute;lyeket latolgatva Kiss L&aacute;szl&oacute; az el\u0151z\u0151 EB-hez k&eacute;pest t&ouml;bbet v&aacute;r. Elmond&aacute;sa szerint sikeres bajnoks&aacute;g el\u0151tt &aacute;llunk, erre a vil&aacute;gklasszis Cseh L&aacute;szl&oacute;, Kis Gerg\u0151 &eacute;s Verraszt&oacute; D&aacute;vid j&oacute; garancia.<\/p>\n<p align=\"justify\">Forr&aacute;s: Egrisz&iacute;n<\/p>\n","protected":false},"excerpt":{"rendered":"<p>&nbsp;<\/p>\n<p>Vil&aacute;g- &eacute;s Eur&oacute;paklasszisok r&eacute;szv&eacute;tel&eacute;vel kezd\u0151d&ouml;tt el a CXII. Allianz Orsz&aacute;gos &Uacute;sz&oacute;bajnoks&aacute;g Egerben, melyr\u0151l Szeleczki J&aacute;nos alpolg&aacute;rmester &eacute;s Kiss L&aacute;szl&oacute; a Magyar &Uacute;sz&oacute;sz&ouml;vets&eacute;g kapit&aacute;nya tartott t&aacute;j&eacute;koztat&oacute;t ma d&eacute;lel\u0151tt a Bitskey Alad&aacute;r uszod&aacute;ban.<br \/>\nA hazai &uacute;sz&oacute;sport kiemelked\u0151 esem&eacute;ny&eacute;n a h&aacute;zigazda Eger igyekszik a lehet\u0151 legide&aacute;lisabb felt&eacute;teleket biztos&iacute;tani a magyar &uacute;sz&aacute;s &eacute;lvonal&aacute;ba tartoz&oacute; r&eacute;sztvev\u0151knek, hogy kiv&aacute;l&oacute; eredm&eacute;nyeket tudjanak el&eacute;rni, [&#8230;]<\/p>\n","protected":false},"author":4,"featured_media":0,"comment_status":"closed","ping_status":"closed","sticky":false,"template":"","format":"standard","meta":{"footnotes":""},"categories":[4],"tags":[],"class_list":["post-363","post","type-post","status-publish","format-standard","hentry","category-szabadido"],"_links":{"self":[{"href":"https:\/\/www.agriatv.hu\/index.php?rest_route=\/wp\/v2\/posts\/363","targetHints":{"allow":["GET"]}}],"collection":[{"href":"https:\/\/www.agriatv.hu\/index.php?rest_route=\/wp\/v2\/posts"}],"about":[{"href":"https:\/\/www.agriatv.hu\/index.php?rest_route=\/wp\/v2\/types\/post"}],"author":[{"embeddable":true,"href":"https:\/\/www.agriatv.hu\/index.php?rest_route=\/wp\/v2\/users\/4"}],"replies":[{"embeddable":true,"href":"https:\/\/www.agriatv.hu\/index.php?rest_route=%2Fwp%2Fv2%2Fcomments&post=363"}],"version-history":[{"count":1,"href":"https:\/\/www.agriatv.hu\/index.php?rest_route=\/wp\/v2\/posts\/363\/revisions"}],"predecessor-version":[{"id":364,"href":"https:\/\/www.agriatv.hu\/index.php?rest_route=\/wp\/v2\/posts\/363\/revisions\/364"}],"wp:attachment":[{"href":"https:\/\/www.agriatv.hu\/index.php?rest_route=%2Fwp%2Fv2%2Fmedia&parent=363"}],"wp:term":[{"taxonomy":"category","embeddable":true,"href":"https:\/\/www.agriatv.hu\/index.php?rest_route=%2Fwp%2Fv2%2Fcategories&post=363"},{"taxonomy":"post_tag","embeddable":true,"href":"https:\/\/www.agriatv.hu\/index.php?rest_route=%2Fwp%2Fv2%2Ftags&post=363"}],"curies":[{"name":"wp","href":"https:\/\/api.w.org\/{rel}","templated":true}]}}